{"id":57881,"date":"2022-12-08T11:00:19","date_gmt":"2022-12-08T10:00:19","guid":{"rendered":"https:\/\/miradordeatarfe.es\/?p=57881"},"modified":"2022-12-04T17:13:48","modified_gmt":"2022-12-04T16:13:48","slug":"1952-un-ano-con-mucha-miga-y-entre-pitos-y-flautas","status":"publish","type":"post","link":"https:\/\/miradordeatarfe.es\/?p=57881","title":{"rendered":"1952: Un a\u00f1o con mucha miga y entre pitos y flautas"},"content":{"rendered":"<header id=\"header\" class=\"section-header\"><\/header>\n<p><main id=\"main\"><\/p>\n<div class=\"pg-article details\">\n<div class=\"gd\">\n<div class=\"gdu u24\">\n<article class=\"pg-content pg-content--special\">\n<header class=\"pg-head\">\n<h3 align=\"justify\">El uno de abril se anuncia que fin del racionamiento del pan y se pone a 1.30 pesetas el kilo. En junio se pone en marcha el Primer Festival de M\u00fasica y Danza de Granada, auspiciado por Gallego Bur\u00edn<\/h3>\n<\/header>\n<div class=\"pg-body\">\n<div class=\"mce-body \">\n<p class=\"mce\">EL a\u00f1o que hoy nos ocupa tiene mucha miga y lleg\u00f3 entre pitos y flautas: es el a\u00f1o en que se acaba con el racionamiento del pan y en el que nace el Festival de M\u00fasica y Danza de Granada. Empecemos por esto \u00faltimo. En 1952, el reci\u00e9n nombrado director general de Bellas Artes y hasta entonces alcalde de Granada, <strong class=\"mce\">Antonio Gallego Bur\u00edn<\/strong>, toca las teclas necesarias en el piano de sus sue\u00f1os para crear en Granada del I Festival de M\u00fasica y Danza Espa\u00f1ola. Tanto el Centro Art\u00edstico como la Casa de Am\u00e9rica ayudan en la organizaci\u00f3n. Se celebra aprovechando las fiestas del Corpus y los platos fuertes del mismo ser\u00edan <strong class=\"mce\">Andr\u00e9s Segovia<\/strong>, el ballet de <strong class=\"mce\">Rosario y Antonio<\/strong> (ya separados como pareja) y la Orquesta Nacional con <strong class=\"mce\">Ata\u00falfo Argenta<\/strong> al frente.<\/p>\n<div class=\"inset inset-R inset-R-w7\">\n<figure class=\"image-holder\"><span class=\"obj-img hmedia\"> <a class=\"fn\" href=\"https:\/\/www.granadahoy.com\/2022\/12\/03\/granada\/Cartel-Primer-Festival-Musica-Danza_1744336034_171923618_1200x1795.jpg\" rel=\"enclosure\" type=\"image\/jpeg\">Cartel del Primer Festival de M\u00fasica y Danza<\/a><\/span><\/p>\n<div id=\"standard_2\" class=\"st-placement standard_2 inImageRestricted\">\n<div class=\"st-adunit st-adunit-tagged st-reset st-show\">\u00a0<\/div>\n<\/div>\n<p><span class=\"obj-img hmedia\"><img data-recalc-dims=\"1\" loading=\"lazy\" decoding=\"async\" class=\"photo lazy\" src=\"https:\/\/i0.wp.com\/www.granadahoy.com\/2022\/12\/03\/granada\/Cartel-Primer-Festival-Musica-Danza_1744336034_171923618_1200x1795.jpg?resize=640%2C957&#038;ssl=1\" alt=\"Cartel del Primer Festival de M\u00fasica y Danza\" width=\"640\" height=\"957\" data-src=\"\/2022\/12\/03\/granada\/Cartel-Primer-Festival-Musica-Danza_1744336034_171923618_1200x1795.jpg\" \/><\/span><figcaption>\n<div class=\"footnote\">\n<p class=\"text\">Cartel del Primer Festival de M\u00fasica y Danza <wbr \/><\/p>\n<\/div>\n<\/figcaption><\/figure>\n<\/div>\n<p class=\"mce\">El presidente del comit\u00e9 organizador,<strong class=\"mce\"> Manuel Sola<\/strong>, convoca el 4 de junio a toda la prensa para anunciarlo. Advierte en primer lugar que no es un acto m\u00e1s de las fiestas del Corpus y anuncia la compra de un piano Baldwin, \u00fanico en Espa\u00f1a y que tocar\u00eda <strong class=\"mce\">Jos\u00e9 Cubiles<\/strong>, por 4.500 d\u00f3lares. Lo primero que hicieron los periodistas es traducir a pesetas lo que hab\u00eda costado el piano. Sola tambi\u00e9n anuncia que se hab\u00eda garantizado la <strong class=\"mce\">presencia de 500 espectadores extranjeros<\/strong> y que los conciertos iban a ser grabados por Radio Nacional de Espa\u00f1a para darlos luego a conocer al extranjero.<\/p>\n<p class=\"mce\">El primer certamen dur\u00f3 <strong class=\"mce\">desde el 15 al 24 de junio<\/strong> y se inaugur\u00f3 con una fiesta nocturna en la plaza de los Aljibes de la Alhambra. Los abonos se vendieron a 600 pesetas, por lo que fueron muy pocos los granadinos que pudieron asistir a estas primeras actividades. El festival era inalcanzable para los bolsillos de la mayor\u00eda de los vecinos de Granada y cundi\u00f3 la certeza de que hab\u00eda sido organizado para familias con cierta prosapia.<\/p>\n<p class=\"mce\">Andr\u00e9s Segovia <strong class=\"mce\">cobr\u00f3 por su actuaci\u00f3n 50.000 pesetas, que don\u00f3 a las Escuelas del Ave Mar\u00eda<\/strong>. Para el guitarrista, volver a Granada, en donde hab\u00eda pasado gran parte de su juventud, supuso una bocanada de nostalgia y dijo que desde ese momento participar\u00eda en el festival siempre que se le llamara. Es ese a\u00f1o donde se localiza la an\u00e9cdota del encuentro en Puerta Real del maestro de la guitarra con un malafoll\u00e1 grana\u00edno. Andr\u00e9s Segovia hab\u00eda estado ausente durante 16 a\u00f1os triunfando con su arte por los m\u00e1s importantes escenarios del mundo. Se topa en pleno centro de Granada con un antiguo amigo y \u00e9ste, despu\u00e9s de poner al guitarrista al tanto de su vida, va y le suelta: \u00ab\u00bfY t\u00fa qu\u00e9? De polla\u00edcas por ah\u00ed, \u00bfno?\u00bb.<\/p>\n<div class=\"inset inset-L inset-L-w7\">\n<figure class=\"image-holder\"><span class=\"obj-img hmedia\"><img data-recalc-dims=\"1\" loading=\"lazy\" decoding=\"async\" class=\"photo lazy\" src=\"https:\/\/i0.wp.com\/www.granadahoy.com\/2022\/12\/03\/granada\/Andres-Segovia-Gallego-Burin-Musica_1744336060_171925412_1200x819.jpg?resize=640%2C437&#038;ssl=1\" alt=\"Andr\u00e9s Segovia y Gallego Bur\u00edn, durante el primer festival de M\u00fasica y Danza.\" width=\"640\" height=\"437\" data-src=\"\/2022\/12\/03\/granada\/Andres-Segovia-Gallego-Burin-Musica_1744336060_171925412_1200x819.jpg\" \/><\/span><figcaption>\n<div class=\"footnote\">\n<p class=\"text\">Andr\u00e9s Segovia y Gallego Bur\u00edn, durante el primer festival de M\u00fasica y Danza. <wbr \/><\/p>\n<\/div>\n<\/figcaption><\/figure>\n<\/div>\n<p class=\"mce\">El festival, antes de celebrarse, ya ten\u00eda el cincuenta por ciento del \u00e9xito asegurado solo por el recinto en el que se iba a celebrar: los Jardines del Generalife. Prieto Moreno, que en la arquitectura era en esos tiempos el perejil en los platos de Argui\u00f1ano, adapta el recinto para un teatro al aire libre, con lo que consigue el hechizo y la magia que todo buen espect\u00e1culo necesita. Desde el primer momento llegan los elogios: \u00ab<strong class=\"mce\">Este teatro es el m\u00e1s bello del mundo<\/strong>, \u00fanicamente podr\u00eda compararlo con el de Taormina, en Sicilia, enclavado en unas ruinas antiqu\u00edsimas que tienen delante la inmensidad del mar\u00bb, escribi\u00f3 Michael Wood, de la Real \u00d3pera del Coven Garden. <strong class=\"mce\">Pem\u00e1n<\/strong>, amigo de Gallego Bur\u00edn, dir\u00e1 en uno de sus escritos: \u00abLa m\u00fasica y la danza se viven, se injertan en Granada, y todos los int\u00e9rpretes se sienten y son granadinos por unos d\u00edas\u00bb. El \u00e9xito de los primeros a\u00f1os hizo que <strong class=\"mce\">se pensara en hacerlo internacional<\/strong>. A partir de ah\u00ed vendr\u00e1n a Granada todas las figuras m\u00e1s se\u00f1eras en el mundo de la m\u00fasica y la danza. Hasta hoy. Setenta a\u00f1os ya.<\/p>\n<h2 class=\"mce\">Casas para pobres<\/h2>\n<p class=\"mce\" align=\"justify\">A mediados de octubre <strong class=\"mce\">viene de nuevo Franco a Granada<\/strong> para asistir a los actos de clausura del V Centenario de los Reyes Cat\u00f3licos. El alcalde, <strong class=\"mce\">Ossorio Morales<\/strong>, publica un bando en el que alienta a los granadinos a que salgan a las calles para vitorearlo. \u00abTengo la seguridad de que las calles vibrar\u00e1n de entusiasmo, y de que vuestros v\u00edtores cordiales han de resonar por todos los \u00e1mbitos de la ciudad al paso del Caudillo y su esposa\u00bb. Las autoridades locales aprovechan la estancia del jefe del Estado para que inaugure tres pabellones del Cl\u00ednico, en uno de los cuales quedar\u00eda el Pabell\u00f3n del C\u00e1ncer, segundo de los puestos en funcionamiento en Espa\u00f1a. Tambi\u00e9n inaugura las 300 viviendas construidas por el Patronato de Santa Adela en Haza Grande. El<strong class=\"mce\"> arzobispo, Balbino Santos y Oliveira<\/strong>, considera que son pocas las viviendas para pobres que se construyen. As\u00ed lo dice en una homil\u00eda: \u00abDeben hacerse m\u00e1s casas para los pobres entre los m\u00e1s pobres de Granada, que viven guarecidos como las alima\u00f1as y en condiciones infrahumanas en esas covachas indecentes en los barrancos que circundan la ciudad. Urge acabar con ese cintur\u00f3n de cieno que rodea a Granada\u00bb. El prelado conoc\u00eda bien la situaci\u00f3n. Hab\u00eda m\u00e1s de 2.500 mendigos pidiendo por la calle. A los pr\u00f3ceres granadinos no les pareci\u00f3 bien la reivindicaci\u00f3n del arzobispo en plena visita de Franco, pero comprenden que es el \u00fanico que puede hablar as\u00ed. En un momento de su visita, al Caudillo le ponen un casco para que coloque la primera piedra del grupo escolar Divisi\u00f3n Azul. Al d\u00eda siguiente preside los actos del D\u00eda de la Hispanidad y asiste a la apertura del Colegio Mayor Isabel la Cat\u00f3lica, uno de los siete que en ese a\u00f1o comenzaban a funcionar por el pa\u00eds como exponente de la pol\u00edtica educativa puesta en funcionamiento por el ministro Ru\u00edz Jim\u00e9nez. El Colegio, que este a\u00f1o ha celebrado su 70 aniversario, fue dise\u00f1ado por Prieto Moreno y Fernando Wilhelmi y se concibi\u00f3 como colegio femenino, pero luego pas\u00f3 a ser mixto. El rector dijo en la apertura que con el nuevo centro \u00abnac\u00eda una nueva Universidad hisp\u00e1nica\u00bb. En L\u00e1char, de nuevo le pusieron el casco de obra al Caudillo para visitar las obras del Instituto Nacional de Colonizaci\u00f3n. Los obreros acudieron en masa para ver en persona al mandam\u00e1s de Espa\u00f1a.<\/p>\n<div class=\"inset-auto\">\n<figure class=\"image-holder\"><span class=\"obj-img hmedia\"><img data-recalc-dims=\"1\" loading=\"lazy\" decoding=\"async\" class=\"photo lazy\" src=\"https:\/\/i0.wp.com\/www.granadahoy.com\/2022\/12\/03\/granada\/Obreros-Lachar-quisieron-perderse-Franco_1744336146_171928998_1200x580.jpg?resize=640%2C309&#038;ssl=1\" alt=\"Obreros de L\u00e1char que no quisieron perderse la vista de Franco.\" width=\"640\" height=\"309\" data-src=\"\/2022\/12\/03\/granada\/Obreros-Lachar-quisieron-perderse-Franco_1744336146_171928998_1200x580.jpg\" \/><\/span><figcaption>\n<div class=\"footnote\">\n<p class=\"text\">Obreros de L\u00e1char que no quisieron perderse la vista de Franco. <wbr \/><\/p>\n<\/div>\n<\/figcaption><\/figure>\n<\/div>\n<p class=\"mce\" align=\"justify\">En el campo estudiantil se vive tiempos de renovaci\u00f3n de actividad. Ese a\u00f1o se crea el Teatro Espa\u00f1ol Universitario (TEU) de la mano de <strong class=\"mce\">Jos\u00e9 Mart\u00edn Recuerda<\/strong> y la puesta en marcha del Aula Cultural de la Universidad impulsada por <strong class=\"mce\">V\u00edctor Andr\u00e9s Catena<\/strong>, al que Granada tiene pendiente su reconocimiento por haber sido un adalid de la Cultura en aquellos tiempos y el que trajo a la ciudad las vanguardias teatrales europeas. En el mundo del cine descubri\u00f3 muchos artistas y fue guionista de varias pel\u00edculas. Muri\u00f3 en M\u00e1laga en mayo de 2009 totalmente olvidado por la ciudad que le vio nacer. Los peri\u00f3dicos locales no le dedicaron ni una m\u00edsera l\u00ednea en su d\u00eda. Suele pasar.<\/p>\n<p class=\"mce\" align=\"justify\">Este a\u00f1o la Asociaci\u00f3n de la Prensa de Granada se encarga de organizar los <strong class=\"mce\">actos de inauguraci\u00f3n del Teatro Isabel la Cat\u00f3lica<\/strong>. Ser\u00e1 el d\u00eda 6 de junio y para ello se programa la puesta en escena de las \u00f3peras <em class=\"mce\">Carmen <\/em>y<em class=\"mce\"> Rigoletto. <\/em>Las entradas de butaca de patio costaban 90 pesetas y las del socorrido gallinero, a 35 pesetas. Ese d\u00eda se arma un buen revuelo por los alrededores del teatro porque se difunde que en dicha inauguraci\u00f3n iba a estar presente a la actriz francesa <strong class=\"mce\">Jean Fontaine<\/strong> y el actor <strong class=\"mce\">Luis Jourdan<\/strong>, que estaban en Granada rodando la pel\u00edcula <em class=\"mce\">\u00c9rase una vez<\/em>, la cual contaba cuatro historias del <em class=\"mce\">Decamer\u00f3n<\/em> de Bocaccio. Jean Fontaine ten\u00eda muchos admiradores ya que hab\u00eda sido la protagonista de <em class=\"mce\">Rebeca<\/em> y <em class=\"mce\">Cartas a una desconocida<\/em>, pel\u00edculas de mucha taquilla en aquella \u00e9poca. <em class=\"mce\">\u00c9rase una vez<\/em> se rod\u00f3 en los palacios nazar\u00edes y todos los d\u00edas que dur\u00f3 el rodaje cientos de ciudadanos se apostaban por los alrededores del Alhambra Palace para ver de cerca a Jean Fontaine. A\u00fan no exist\u00eda la televisi\u00f3n ni las revistas del coraz\u00f3n.<\/p>\n<div class=\"inset inset-L inset-L-w7\">\n<figure class=\"image-holder\"><span class=\"obj-img hmedia\"> <img data-recalc-dims=\"1\" loading=\"lazy\" decoding=\"async\" class=\"photo lazy\" src=\"https:\/\/i0.wp.com\/www.granadahoy.com\/2022\/12\/03\/granada\/Margot-Fontaine-rodaje-Erase-Alhambra_1744336148_171929095_1200x1890.jpg?resize=640%2C1008&#038;ssl=1\" alt=\"Margot Fontaine, durante el rodaje de Erase una vez en La Alhambra.\" width=\"640\" height=\"1008\" data-src=\"\/2022\/12\/03\/granada\/Margot-Fontaine-rodaje-Erase-Alhambra_1744336148_171929095_1200x1890.jpg\" \/><\/span><figcaption>\n<div class=\"footnote\">\n<p class=\"text\">Margot Fontaine, durante el rodaje de Erase una vez en La Alhambra. <wbr \/><\/p>\n<\/div>\n<\/figcaption><\/figure>\n<\/div>\n<p class=\"mce\" align=\"justify\">En 1952 se rod\u00f3 tambi\u00e9n parte de<strong class=\"mce\"> la pel\u00edcula <em class=\"mce\">La hermana San Sulpicio<\/em><\/strong>, basada en la novela del asturiano Amancio Palacio Vald\u00e9s. La historia narra la vida de una joven que se mete a monja por vocaci\u00f3n y cuando est\u00e1 destinada a un sanatorio conoce al director m\u00e9dico, del cual se enamora. A tomar por saco la vocaci\u00f3n. Tambi\u00e9n se ruedan ese a\u00f1o \u2013en la Alhambra y el Sacromonte, c\u00f3mo no\u2013 las pel\u00edculas <em class=\"mce\">El seductor de Granada<\/em> y <em class=\"mce\">Noches andaluzas<\/em>, que tienen como actores a <strong class=\"mce\">Mario Cabr\u00e9<\/strong>, <strong class=\"mce\">Antonio<\/strong> &#8216;El Bailar\u00edn&#8217; y a los entra\u00f1ables <strong class=\"mce\">Pepe Isbert<\/strong> y <strong class=\"mce\">Manolo Mor\u00e1n<\/strong>.<\/p>\n<p class=\"mce\" align=\"justify\">Estas pel\u00edculas no se pudieron ver en el cine Albayz\u00edn, en la calle San Buenaventura porque, como ya he contado cuando fue inaugurado en 1944, se quem\u00f3 por completo en 1952. El incendio fue provocado por un vecino borracho, ca\u00f1ero de profesi\u00f3n, que le meti\u00f3 fuego a su vivienda en un intento de quitarse la vida quem\u00e1ndose a lo bonzo.<\/p>\n<p class=\"mce\" align=\"justify\">Tanta utilizaci\u00f3n de la Alhambra para rodajes, festines y actividades l\u00fadicas, hace que un grupo de arquitectos firmen lo que se llama <strong class=\"mce\">el Manifiesto de la Alhambra<\/strong>, que recoge los debates habidos durante los d\u00edas 14 y 15 de octubre y tomando como base el valor moderno y contempor\u00e1neo del monumento nazar\u00ed. Por primera vez se piensa en serio que este patrimonio hab\u00eda que cuidarlo para las generaciones venideras.<\/p>\n<p class=\"mce\" align=\"justify\">El d\u00eda uno de abril se anuncia la supresi\u00f3n del racionamiento del pan y el d\u00eda seis las mismas panader\u00edas protestas (hasta donde pueden, claro) porque se establece<strong class=\"mce\"> a 1,30 pesetas el kilo de pan<\/strong>. Muy caro para las casas con varios hijos (que son casi todas) a los que hay que quitarle el hambre. Todav\u00eda resulta casi imposible ir a ba\u00f1arse al mar y las familias lo hacen en las pozas que se forman en el r\u00edo Genil.<\/p>\n<h2 class=\"mce\">La visita de Gilda<\/h2>\n<p class=\"mce\" align=\"justify\">A primeros de noviembre <strong class=\"mce\">apareci\u00f3 por Granada Rita Hayworth<\/strong>. Ven\u00eda acompa\u00f1ada por el conde de Villapadierna. La visita pas\u00f3 casi desapercibida porque la noticia solo fue publicada en un lugar escondido por el diario Ideal, que por entonces pertenec\u00eda a la Editorial Cat\u00f3lica. Quiz\u00e1s el peri\u00f3dico de la Iglesia no quer\u00eda darle demasiada relevancia a una actriz \u00abprovocativa e indecente\u00bb (as\u00ed la hab\u00eda calificado) que hab\u00eda hecho de Gilda y se hab\u00eda quitado un guante en una pel\u00edcula. A la actriz no le import\u00f3 en absoluto este ninguneo. M\u00e1s tranquila pudo ver La Alhambra y el Generalife. Rita Hayworth no quiso visitar el pueblo sevillano de su padre, Castilleja de la Cuesta, porque siempre quiso sepultar el recuerdo de su progenitor, el cual hab\u00eda abusado de ella cuando era una ni\u00f1a. En Andaluc\u00eda pues estaba la g\u00e9nesis de los or\u00edgenes de esta mujer que escandaliz\u00f3 a la censura de una \u00e9poca, que enamor\u00f3 a Orson Welles, que se cas\u00f3 con el hijo del\u00a0Aga Khan III\u00a0y que acab\u00f3 consumida por el alzh\u00e9imer.<\/p>\n<div class=\"inset inset-R inset-R-w7\">\n<figure class=\"image-holder\"><span class=\"obj-img hmedia\"> <img data-recalc-dims=\"1\" loading=\"lazy\" decoding=\"async\" class=\"photo lazy\" src=\"https:\/\/i0.wp.com\/www.granadahoy.com\/2022\/12\/03\/granada\/Rita-Hayword-Palacio-Carlos_1744336152_171929288_1200x1862.jpg?resize=640%2C993&#038;ssl=1\" alt=\"Rita Hayword, en el Palacio de Carlos V.\" width=\"640\" height=\"993\" data-src=\"\/2022\/12\/03\/granada\/Rita-Hayword-Palacio-Carlos_1744336152_171929288_1200x1862.jpg\" \/><\/span><figcaption>\n<div class=\"footnote\">\n<p class=\"text\">Rita Hayword, en el Palacio de Carlos V. <wbr \/><\/p>\n<\/div>\n<\/figcaption><\/figure>\n<\/div>\n<p class=\"mce\" align=\"justify\">El Ayuntamiento recupera este a\u00f1o el llamado <strong class=\"mce\">D\u00eda del Guardia Urbano<\/strong>. Consist\u00eda que ante el &#8216;pirul\u00ed&#8217; que hab\u00eda enfrente a la puerta de Correos se depositaban (por parte de empresas, instituciones y particulares) todo tipo de regalos para los &#8216;guindillas&#8217;, pues era as\u00ed como eran conocidos. Al parecer, los guardias urbanos ganaban muy poco y era la forma de agradecerle su labor y su prestancia a la hora de dirigir el tr\u00e1fico. De pronto, al lado de las peanas donde se sub\u00edan para dirigir el tr\u00e1fico se acumulaban botellas de vino, cajas de frutas y hasta pavos vivos. Los m\u00e1s graciosos les dejaban barras de hielo en pleno agosto.<\/p>\n<p class=\"mce\" align=\"justify\">Tambi\u00e9n ese a\u00f1o se recupera la tradici\u00f3n (hab\u00eda sido interrumpida en la Guerra Civil) de <strong class=\"mce\">exhibir las carocas en la Plaza Bib-Rambla<\/strong>. Gallego Bur\u00edn nunca lo permiti\u00f3, pero s\u00ed su sucesor. Cuenta Jos\u00e9 Luis Ramos Torres que en ese a\u00f1o los artistas <strong class=\"mce\">Antonio L\u00f3pez Sancho, Manuel Maldonado y Manuel Parrizas<\/strong> fueron los encargados de confeccionar las veinte carocas. De entre todas hab\u00eda una que ten\u00eda todos los indicios de ser la m\u00e1s comentada y que estaba dedicada a un supuesto \u2018tren de la malafoll\u00e1\u2019. En ella se ve\u00edan caricaturizadas varias personas en un tren que iba a Madrid y que llevaba como viajeros los m\u00e1s se\u00f1alados paisanos aquejados por ese car\u00e1cter tan granadino. Como no pon\u00edan nombres (para eso estaba la censura) y ante el temor de que la gente los pudiera identificar, los autores la tuvieron que retirar, tras la oportuna presi\u00f3n de los mun\u00edcipes. En su lugar improvisaron a \u00faltima hora otra en la que se ve\u00eda las caricaturas de los tres artistas y de fondo un tren desvencijado y roto. Y debajo la siguiente quintilla: \u00abSurgi\u00f3 un nuevo inconveniente; \/ \u00a1adi\u00f3s nuestras ilusiones! \/ Que la Renfe, insuficiente, \/ no dispone de vagones \/ para meter tanta gente\u00bb.<\/p>\n<p class=\"mce\" align=\"justify\">El d\u00eda tres de octubre<strong class=\"mce\"> es fusilado en Granada Francisco S\u00e1nchez Gir\u00f3n<\/strong>, tambi\u00e9n conocido por <em class=\"mce\">Paquillo el cura<\/em> por haber dicho en una ocasi\u00f3n que antes de la guerra hab\u00eda sido sacerdote. Hab\u00eda sido condenado a muerte, pero se fug\u00f3 de la prisi\u00f3n de Almer\u00eda en 1946 y se enrol\u00f3 en la agrupaci\u00f3n guerrillera M\u00e1laga-Granada un a\u00f1o m\u00e1s tarde. <em class=\"mce\">Paquillo el cura, <\/em>r\u00e1pido de risas y rico en iron\u00eda, no participaba en los combates, se dedicaba a la propaganda de los hechos guerrilleros y ayudaba en la edici\u00f3n del peri\u00f3dico <em class=\"mce\">Por la Rep\u00fablica<\/em>. Aun as\u00ed, el R\u00e9gimen lo consideraba un sujeto peligroso. Fue capturado en Madrid y ejecutado en Granada. Con esta muerte se da por finalizada su lucha contra la guerrilla en nuestra provincia.<\/p>\n<p class=\"mce\" align=\"justify\">En el cap\u00edtulo de tragedias en las que tienen que ver vidas humanas, hay que rese\u00f1ar la que tuvo lugar el 27 de septiembre de ese a\u00f1o. Lo cuenta Michael Lozares en su libro Los aviones de Sierra Nevada. Resulta que ese d\u00eda <strong class=\"mce\">se estrell\u00f3 un avi\u00f3n entre Peza y Toc\u00f3n de Qu\u00e9ntar<\/strong> que pertenec\u00edan a la Base A\u00e9rea de Armilla y en la que iban cuatro tripulantes: el capit\u00e1n Pedro Luque de Pablo, el teniente Ernesto Bernal, el mec\u00e1nico Francisco Enamoneta y el radiotelegrafista Jes\u00fas L\u00f3pez. Iban a Palma de Mallorca y al poco tiempo de iniciarse el vuelo se incendi\u00f3 el motor izquierdo y el avi\u00f3n cay\u00f3 en un lugar llamado La Ca\u00f1ada del Vinagre. No sobrevivi\u00f3 ninguno de sus ocupantes. Una cruz en el lugar recuerda el desgraciado accidente.<\/p>\n<p class=\"mce\" align=\"justify\">En 1952 se inaugura tambi\u00e9n el Sanatorio de la Salud y se instala en Granada el maestro Higuero, que compuso <em class=\"mce\">Mujer granadina<\/em>, la canci\u00f3n que populariz\u00f3 Paquito Rodr\u00edguez. En ese a\u00f1o nacen el municipio de Vegas del Genil, <strong class=\"mce\">el pintor Julio Juste, los poetas Jos\u00e9 Carlos Rosales, \u00c1ngeles Mora y Javier Egea<\/strong>. Vladimir Putin tambi\u00e9n naci\u00f3 este a\u00f1o, pero no es cuesti\u00f3n de resaltarlo.<\/p>\n<div class=\"pg-media--special-skin\">\n<figure class=\"image-holder\">\n<p class=\"author-title\"><strong>Escrito por <\/strong><strong>Andr\u00e9s C\u00e1rdenas<\/strong><span class=\"obj-img hmedia\"> <br \/>\n<\/span><\/p><figcaption>\n<div class=\"footnote\">\n<p class=\"text\">FOTO:Los ba\u00f1os en el r\u00edo Genil eran los veraneos de aquellos a\u00f1os. <wbr \/><\/p>\n<p>https:\/\/www.granadahoy.com\/granada\/ano-mucha-miga-pitos-flautas_0_1744027288.html<\/p>\n<\/div>\n<\/figcaption><\/figure>\n<\/div>\n<div class=\"pg-body\">\n<section class=\"authors-container \">\n<div class=\"author\">\u00a0<\/div>\n<\/section>\n<\/div>\n<\/div>\n<\/div>\n<\/article>\n<\/div>\n<\/div>\n<\/div>\n<p><\/main><\/p>\n","protected":false},"excerpt":{"rendered":"<p>El uno de abril se anuncia que fin del racionamiento del pan y se pone&#8230;<\/p>\n","protected":false},"author":1,"featured_media":57882,"comment_status":"closed","ping_status":"closed","sticky":false,"template":"","format":"standard","meta":{"_coblocks_attr":"","_coblocks_dimensions":"","_coblocks_responsive_height":"","_coblocks_accordion_ie_support":"","jetpack_post_was_ever_published":false,"_jetpack_newsletter_access":"","_jetpack_dont_email_post_to_subs":false,"_jetpack_newsletter_tier_id":0,"_jetpack_memberships_contains_paywalled_content":false,"_jetpack_memberships_contains_paid_content":false,"footnotes":"","jetpack_publicize_message":"","jetpack_publicize_feature_enabled":true,"jetpack_social_post_already_shared":true,"jetpack_social_options":{"image_generator_settings":{"template":"highway","default_image_id":0,"enabled":false},"version":2}},"categories":[1161,44,6937,15],"tags":[9815,3424],"class_list":["post-57881","post","type-post","status-publish","format-standard","has-post-thumbnail","hentry","category-ciudadania","category-noticias-de-hoy","category-sociedad","category-ultimas-noticias","tag-9815","tag-acontecimientos"],"jetpack_publicize_connections":[],"jetpack_featured_media_url":"https:\/\/i0.wp.com\/miradordeatarfe.es\/wp-content\/uploads\/2022\/12\/banos-rio-Genil-veraneos-anos_1744336002_171922078_1200x675.jpg?fit=1200%2C675&ssl=1","jetpack_likes_enabled":true,"jetpack_sharing_enabled":true,"_links":{"self":[{"href":"https:\/\/miradordeatarfe.es\/index.php?rest_route=\/wp\/v2\/posts\/57881","targetHints":{"allow":["GET"]}}],"collection":[{"href":"https:\/\/miradordeatarfe.es\/index.php?rest_route=\/wp\/v2\/posts"}],"about":[{"href":"https:\/\/miradordeatarfe.es\/index.php?rest_route=\/wp\/v2\/types\/post"}],"author":[{"embeddable":true,"href":"https:\/\/miradordeatarfe.es\/index.php?rest_route=\/wp\/v2\/users\/1"}],"replies":[{"embeddable":true,"href":"https:\/\/miradordeatarfe.es\/index.php?rest_route=%2Fwp%2Fv2%2Fcomments&post=57881"}],"version-history":[{"count":2,"href":"https:\/\/miradordeatarfe.es\/index.php?rest_route=\/wp\/v2\/posts\/57881\/revisions"}],"predecessor-version":[{"id":57884,"href":"https:\/\/miradordeatarfe.es\/index.php?rest_route=\/wp\/v2\/posts\/57881\/revisions\/57884"}],"wp:featuredmedia":[{"embeddable":true,"href":"https:\/\/miradordeatarfe.es\/index.php?rest_route=\/wp\/v2\/media\/57882"}],"wp:attachment":[{"href":"https:\/\/miradordeatarfe.es\/index.php?rest_route=%2Fwp%2Fv2%2Fmedia&parent=57881"}],"wp:term":[{"taxonomy":"category","embeddable":true,"href":"https:\/\/miradordeatarfe.es\/index.php?rest_route=%2Fwp%2Fv2%2Fcategories&post=57881"},{"taxonomy":"post_tag","embeddable":true,"href":"https:\/\/miradordeatarfe.es\/index.php?rest_route=%2Fwp%2Fv2%2Ftags&post=57881"}],"curies":[{"name":"wp","href":"https:\/\/api.w.org\/{rel}","templated":true}]}}