{"id":57965,"date":"2022-12-10T11:25:30","date_gmt":"2022-12-10T10:25:30","guid":{"rendered":"https:\/\/miradordeatarfe.es\/?p=57965"},"modified":"2023-10-21T18:35:26","modified_gmt":"2023-10-21T16:35:26","slug":"atarfenos-del-mundo-de-la-ciencia-aida-ianez-ramirez","status":"publish","type":"post","link":"https:\/\/miradordeatarfe.es\/?p=57965","title":{"rendered":"ATARFE\u00d1OS DEL MUNDO DE LA CIENCIA: AIDA IA\u00d1EZ RAM\u00cdREZ"},"content":{"rendered":"<h3 style=\"text-align: justify;\">Aida I\u00e1\u00f1ez Ram\u00edrez, Cirug\u00eda Cardiovascular en el H. Universitario Reina Sof\u00eda de C\u00f3rdoba<\/h3>\n<p style=\"text-align: justify;\">A veces, cuando somos ni\u00f1os y adolescentes y nos hablan de la ciencia, nos parece un \u00e1rea aburrida y tediosa\u00a0que se asocia con frikis o gente que no hace vida social y que est\u00e1n en el laboratorio todo el d\u00eda. Desde mi\u00a0experiencia, el \u00e1mbito cient\u00edfico te da la posibilidad de compaginar una vida social activa, salir con amigos,\u00a0hacer vida en pareja y viajar conociendo culturas y gente de muchos sitios. Adem\u00e1s, la ciencia al ser un \u00e1mbito\u00a0que abarca muchas \u00e1reas, te pone en contacto con mucha gente, ya sean comerciales o cient\u00edficos, que te\u00a0enriquece\u00a0como\u00a0profesionales,\u00a0pero\u00a0mucho\u00a0m\u00e1s\u00a0como\u00a0persona.<\/p>\n<p style=\"text-align: justify;\">Ante todo, es importante hacer lo que os guste, que conozc\u00e1is todas las alternativas profesionales que ten\u00e9is a vuestro alcance, que son muchas, que trabaj\u00e9is duro, que deis lo mejor de vosotros, porque llegar a la cima en vuestra vida va a depender de los peque\u00f1os pasos que est\u00e1is dando ahora. Desarrollad vuestros talentos, preguntad mucho, buscad inspiraci\u00f3n en otras personas que hayan conseguido lo que vosotros quer\u00e9is para vuestro futuro profesional y personal.<\/p>\n<p style=\"text-align: justify;\">Si veis a alguien y os gustar\u00eda ser como esa persona preguntadle qu\u00e9 ha hecho y ver\u00e9is que probablemente le haya costado mucho, para conseguir algo hay que sacrificar otras cosas, tenemos que poner en una balanza que nos va a aportar m\u00e1s en nuestro futuro, estudiar y sacar buenas notas, sentiros orgullosos de vosotros mismos y la gente que hay alrededor se sienta tambi\u00e9n orgullosa de vosotros, conseguir luego un buen trabajo, con un sueldo bueno, o por el contrario, conformarse con lo m\u00ednimo, no tener posibilidad de elegir un buen trabajo sino tener que conformarse con lo que nos ofrecen que a veces tiene unas condiciones de trabajo explotadoras y que eso condicione tu vida haci\u00e9ndote sentir que no has alcanzado todo lo que podr\u00edas haber hecho. Hablo de la profesiones cient\u00edficas, pero igualmente si os motiva y os apasiona cualquier profesi\u00f3n de letras ten\u00e9is que esforzaros por conseguir llegar al m\u00e1ximo de cada uno de vosotros porque as\u00ed os sentir\u00e9is realizados y felices en esa parcelita de vuestra vida.<\/p>\n<p style=\"text-align: justify;\">Por eso es muy importante poder elegir, la educaci\u00f3n y la formaci\u00f3n, te da la posibilidad de elegir, te pone\u00a0 en una posici\u00f3n de poder para decidir que quieres para tu futuro. Es verdad, que tal como est\u00e1n las cosas en Espa\u00f1a, es complicado conseguir una estabilidad laboral en los primeros a\u00f1os profesionales de una persona. Aqu\u00ed donde me veis, ya con 31 a\u00f1os, no tengo un trabajo fijo y he trabajado en M\u00e1laga, Alicante y C\u00f3rdoba. Pero tambi\u00e9n es verdad que si te mueves, te formas y tienes iniciativa nunca te va a faltar trabajo, ya sea cerca o lejos de vuestra casa. La educaci\u00f3n os va a dar poder, os va a poner en el lado ganador siempre, os va a dar la posibilidad de tener una carta de presentaci\u00f3n espectacular all\u00ed donde vay\u00e1is.<\/p>\n<p style=\"text-align: justify;\">Pienso que la ciencia, en todas sus posibles aplicaciones (salud, tecnolog\u00eda, ingenier\u00edas, biolog\u00eda, matem\u00e1ticas\u2026) son la base para mover el mundo y generar un desarrollo continuo que nos haga mejorar como sociedad, tanto en el \u00e1mbito sanitario, alimenticio y de cuidados b\u00e1sicos, como el desarrollo de las m\u00e1s sofisticadas tecnolog\u00edas y los dise\u00f1os m\u00e1s innovadores.<\/p>\n<p style=\"text-align: justify;\">Detr\u00e1s de cada aplicaci\u00f3n m\u00f3vil que ten\u00e9is en vuestras manos, de cada alimento que llega a los supermercados\u00a0tras un an\u00e1lisis de calidad exhaustivo, la luz que llega a vuestras casas, las vacunas desarrolladas para el covid,\u00a0los patinetes el\u00e9ctricos y todos los medios de transporte que us\u00e1is en vuestro d\u00eda a d\u00eda, detr\u00e1s de todos esos hitos\u00a0tecnol\u00f3gicos est\u00e1n involucrados multitud de cient\u00edficos, todos han llegado ah\u00ed despu\u00e9s de estudiar y formarse,\u00a0todos fueron ni\u00f1os como vosotros y gracias a que no dejaron de estudiar tenemos todas esas facilidades en\u00a0nuestro d\u00eda a d\u00eda. Tenemos que ser \u00fatiles para la sociedad ya que la ciencia es el futuro y vosotros ten\u00e9is que ser\u00a0parte\u00a0esencial\u00a0del\u00a0futuro\u00a0cient\u00edfico\u00a0de\u00a0nuestro\u00a0pa\u00eds.<\/p>\n<p><a href=\"https:\/\/i0.wp.com\/miradordeatarfe.es\/wp-content\/uploads\/2022\/12\/Aida-Ianez-Ramirez-scaled.jpeg?ssl=1\"><img data-recalc-dims=\"1\" loading=\"lazy\" decoding=\"async\" class=\"alignnone size-full wp-image-57968\" src=\"https:\/\/i0.wp.com\/miradordeatarfe.es\/wp-content\/uploads\/2022\/12\/Aida-Ianez-Ramirez-scaled.jpeg?resize=640%2C853&#038;ssl=1\" alt=\"\" width=\"640\" height=\"853\" srcset=\"https:\/\/i0.wp.com\/miradordeatarfe.es\/wp-content\/uploads\/2022\/12\/Aida-Ianez-Ramirez-scaled.jpeg?w=1920&amp;ssl=1 1920w, https:\/\/i0.wp.com\/miradordeatarfe.es\/wp-content\/uploads\/2022\/12\/Aida-Ianez-Ramirez-scaled.jpeg?resize=225%2C300&amp;ssl=1 225w, https:\/\/i0.wp.com\/miradordeatarfe.es\/wp-content\/uploads\/2022\/12\/Aida-Ianez-Ramirez-scaled.jpeg?resize=768%2C1024&amp;ssl=1 768w, https:\/\/i0.wp.com\/miradordeatarfe.es\/wp-content\/uploads\/2022\/12\/Aida-Ianez-Ramirez-scaled.jpeg?resize=1152%2C1536&amp;ssl=1 1152w, https:\/\/i0.wp.com\/miradordeatarfe.es\/wp-content\/uploads\/2022\/12\/Aida-Ianez-Ramirez-scaled.jpeg?resize=1536%2C2048&amp;ssl=1 1536w, https:\/\/i0.wp.com\/miradordeatarfe.es\/wp-content\/uploads\/2022\/12\/Aida-Ianez-Ramirez-scaled.jpeg?resize=1320%2C1760&amp;ssl=1 1320w\" sizes=\"auto, (max-width: 640px) 100vw, 640px\" \/><\/a><\/p>\n<p>&nbsp;<\/p>\n","protected":false},"excerpt":{"rendered":"<p>Aida I\u00e1\u00f1ez Ram\u00edrez, Cirug\u00eda Cardiovascular en el H. Universitario Reina Sof\u00eda de C\u00f3rdoba A veces,&#8230;<\/p>\n","protected":false},"author":1,"featured_media":57969,"comment_status":"closed","ping_status":"closed","sticky":false,"template":"","format":"standard","meta":{"_coblocks_attr":"","_coblocks_dimensions":"","_coblocks_responsive_height":"","_coblocks_accordion_ie_support":"","jetpack_post_was_ever_published":false,"_jetpack_newsletter_access":"","_jetpack_dont_email_post_to_subs":false,"_jetpack_newsletter_tier_id":0,"_jetpack_memberships_contains_paywalled_content":false,"_jetpack_memberships_contains_paid_content":false,"footnotes":"","jetpack_publicize_message":"","jetpack_publicize_feature_enabled":true,"jetpack_social_post_already_shared":true,"jetpack_social_options":{"image_generator_settings":{"template":"highway","default_image_id":0,"enabled":false},"version":2}},"categories":[9597,10778,6539],"tags":[9829,81,9598],"class_list":["post-57965","post","type-post","status-publish","format-standard","has-post-thumbnail","hentry","category-cientificos-atarfenos","category-feria-de-la-ciencia-atarfe","category-personajes-de-ataref","tag-aida-ianez","tag-atarfe","tag-cientificos-atarfenos"],"jetpack_publicize_connections":[],"jetpack_featured_media_url":"https:\/\/i0.wp.com\/miradordeatarfe.es\/wp-content\/uploads\/2022\/12\/1616186409554.jpg?fit=800%2C800&ssl=1","jetpack_likes_enabled":true,"jetpack_sharing_enabled":true,"_links":{"self":[{"href":"https:\/\/miradordeatarfe.es\/index.php?rest_route=\/wp\/v2\/posts\/57965","targetHints":{"allow":["GET"]}}],"collection":[{"href":"https:\/\/miradordeatarfe.es\/index.php?rest_route=\/wp\/v2\/posts"}],"about":[{"href":"https:\/\/miradordeatarfe.es\/index.php?rest_route=\/wp\/v2\/types\/post"}],"author":[{"embeddable":true,"href":"https:\/\/miradordeatarfe.es\/index.php?rest_route=\/wp\/v2\/users\/1"}],"replies":[{"embeddable":true,"href":"https:\/\/miradordeatarfe.es\/index.php?rest_route=%2Fwp%2Fv2%2Fcomments&post=57965"}],"version-history":[{"count":3,"href":"https:\/\/miradordeatarfe.es\/index.php?rest_route=\/wp\/v2\/posts\/57965\/revisions"}],"predecessor-version":[{"id":57970,"href":"https:\/\/miradordeatarfe.es\/index.php?rest_route=\/wp\/v2\/posts\/57965\/revisions\/57970"}],"wp:featuredmedia":[{"embeddable":true,"href":"https:\/\/miradordeatarfe.es\/index.php?rest_route=\/wp\/v2\/media\/57969"}],"wp:attachment":[{"href":"https:\/\/miradordeatarfe.es\/index.php?rest_route=%2Fwp%2Fv2%2Fmedia&parent=57965"}],"wp:term":[{"taxonomy":"category","embeddable":true,"href":"https:\/\/miradordeatarfe.es\/index.php?rest_route=%2Fwp%2Fv2%2Fcategories&post=57965"},{"taxonomy":"post_tag","embeddable":true,"href":"https:\/\/miradordeatarfe.es\/index.php?rest_route=%2Fwp%2Fv2%2Ftags&post=57965"}],"curies":[{"name":"wp","href":"https:\/\/api.w.org\/{rel}","templated":true}]}}