{"id":57980,"date":"2022-12-12T11:41:37","date_gmt":"2022-12-12T10:41:37","guid":{"rendered":"https:\/\/miradordeatarfe.es\/?p=57980"},"modified":"2023-02-17T20:06:52","modified_gmt":"2023-02-17T19:06:52","slug":"lo-que-mande-calvino-por-remedios-sanchez","status":"publish","type":"post","link":"https:\/\/miradordeatarfe.es\/?p=57980","title":{"rendered":"\u00abLO QUE MANDE CALVI\u00d1O\u00bb por Remedios S\u00e1nchez"},"content":{"rendered":"<h3>Mira que ya avisaba Tierno Galv\u00e1n de que el poder es como un explosivo: o se maneja con cuidado o estalla.<\/h3>\n<p style=\"text-align: justify;\">Lo que pasa es que Pedro S\u00e1nchez, Nadia Calvi\u00f1o y Diana Morant, que van de modernos, no se lo han le\u00eddo y, claro, les ha estallado el poder mal entendido en plena cara. Me refiero, naturalmente a la <strong>Agencia de Inteligencia Artificial,<\/strong> esa que nos vendieron que se iba a seleccionar atendiendo a criterios objetivos para que nos pusi\u00e9ramos a trabajar por el futuro de una ciudad que est\u00e1 harta de poner la otra mejilla.<\/p>\n<p style=\"text-align: justify;\">Pero se equivoc\u00f3 la paloma, como la de Alberti, y esta vez se fue para el norte. Lo que marcaban los ep\u00edgrafes establecidos por la comisi\u00f3n, tal y como recoge el BOE, lo cumpl\u00eda Granada con creces y mejor que nadie; mayormente porque la UGR, motor de la iniciativa que puede ampliar perspectivas para nuestro sector productivo, es la tercera universidad del mundo en esa materia seg\u00fan todos los rankings de prestigio. Y la comisi\u00f3n hizo su trabajo, aplic\u00f3 los criterios y gan\u00e1bamos de largo, como han evidenciado los datos conocidos. Es decir, que jugamos como nunca (desde la colaboraci\u00f3n institucional, que es algo in\u00e9dito en estos lares) y perdimos como siempre, pero en este caso porque, como al t\u00e1ndem Morant\/Calvi\u00f1o no les gust\u00f3 el resultado fruto del esfuerzo colectivo granad\u00ed, se inventaron al margen unos criterios cualitativos que s\u00ed respondieran a sus intereses geoestrat\u00e9gicos para saltarse aquello de capacidad y m\u00e9rito que, junto a la transparencia, son las claves de c\u00f3mo proceder con lo p\u00fablico. Por si no se han entendido bien: que pretenden enga\u00f1arnos. La cuesti\u00f3n est\u00e1 ahora en si vamos a dejarnos manipular\/insultar con lo dicho por la ministra de Ciencia de que ya tenemos el IFMIF-DONES, como si eso fuese m\u00e9rito del Gobierno y no requiriese unas inversiones ajenas a su palabrer\u00eda de baratillo.<\/p>\n<p style=\"text-align: justify;\">Alguien debiera haberle explicado a Morant que aseverar sin ruborizarse que \u00a0\u201cno se puede acusar a este Gobierno de que no apostamos por Granada\u201d lo \u00fanico que hace es confirmar la idea que Lakoff expon\u00eda en \u2018No pienses en un elefante\u2019: la preocupaci\u00f3n porque hayamos entendido la dimensi\u00f3n de la nueva afrenta. \u00a0Y lo hemos entendido, alto y claro, \u00a0m\u00e1s a\u00fan tras la actitud chulesca de G\u00f3mez de Celis.<\/p>\n<p style=\"text-align: justify;\">Si la ministra de Transformaci\u00f3n Digital, \u00a0Nadia Calvi\u00f1o, por amor a su Coru\u00f1a natal, quer\u00eda regalarles la agencia, que no nos hubiesen puesto a competir, porque cuando aqu\u00ed nos tomamos las cosas en serio y se trabaja desde la unidad, se logra \u00a0que los proyectos salgan. \u00a0Siempre y cuando exista limpieza en el proceso, que no es el caso. Por eso, cuando m\u00e1s detalles vamos conociendo, menos duda cabe de que el alcalde de Granada, con el apoyo del resto de entidades e instituciones y con el aval que implica la UGR, va a llegar hasta el final aunque eso se llame impugnaci\u00f3n del proceso. Los dinamiteros de Moncloa no han calibrado bien que, con tanto ruido, se iba a despertar este le\u00f3n dormido que ha sido nuestra ciudad durante d\u00e9cadas. Y, llegados a este punto, o Pedro S\u00e1nchez rectifica la cacicada del t\u00e1ndem Calvi\u00f1o-Morant, o va a comprender en carne propia lo que implican electoralmente una ciudad y una provincia justamente indignadas frente a tanto tah\u00far prepotente y ensoberbecido.<\/p>\n<p style=\"text-align: justify;\">\u00a0<\/p>\n<p style=\"text-align: justify;\">\u00a0<\/p>\n","protected":false},"excerpt":{"rendered":"<p>Mira que ya avisaba Tierno Galv\u00e1n de que el poder es como un explosivo: o&#8230;<\/p>\n","protected":false},"author":1,"featured_media":57981,"comment_status":"closed","ping_status":"closed","sticky":false,"template":"","format":"standard","meta":{"_coblocks_attr":"","_coblocks_dimensions":"","_coblocks_responsive_height":"","_coblocks_accordion_ie_support":"","jetpack_post_was_ever_published":false,"_jetpack_newsletter_access":"","_jetpack_dont_email_post_to_subs":false,"_jetpack_newsletter_tier_id":0,"_jetpack_memberships_contains_paywalled_content":false,"_jetpack_memberships_contains_paid_content":false,"footnotes":"","jetpack_publicize_message":"","jetpack_publicize_feature_enabled":true,"jetpack_social_post_already_shared":true,"jetpack_social_options":{"image_generator_settings":{"template":"highway","default_image_id":0,"enabled":false},"version":2}},"categories":[1161,44,7671,6914,15],"tags":[9831,9830,129],"class_list":["post-57980","post","type-post","status-publish","format-standard","has-post-thumbnail","hentry","category-ciudadania","category-noticias-de-hoy","category-politica","category-opinion-de-reme-sanchez","category-ultimas-noticias","tag-agencia-de-inteligencia-artificial","tag-calvino","tag-granada"],"jetpack_publicize_connections":[],"jetpack_featured_media_url":"https:\/\/i0.wp.com\/miradordeatarfe.es\/wp-content\/uploads\/2022\/12\/ia_candidatura.jpg?fit=750%2C500&ssl=1","jetpack_likes_enabled":true,"jetpack_sharing_enabled":true,"_links":{"self":[{"href":"https:\/\/miradordeatarfe.es\/index.php?rest_route=\/wp\/v2\/posts\/57980","targetHints":{"allow":["GET"]}}],"collection":[{"href":"https:\/\/miradordeatarfe.es\/index.php?rest_route=\/wp\/v2\/posts"}],"about":[{"href":"https:\/\/miradordeatarfe.es\/index.php?rest_route=\/wp\/v2\/types\/post"}],"author":[{"embeddable":true,"href":"https:\/\/miradordeatarfe.es\/index.php?rest_route=\/wp\/v2\/users\/1"}],"replies":[{"embeddable":true,"href":"https:\/\/miradordeatarfe.es\/index.php?rest_route=%2Fwp%2Fv2%2Fcomments&post=57980"}],"version-history":[{"count":1,"href":"https:\/\/miradordeatarfe.es\/index.php?rest_route=\/wp\/v2\/posts\/57980\/revisions"}],"predecessor-version":[{"id":57982,"href":"https:\/\/miradordeatarfe.es\/index.php?rest_route=\/wp\/v2\/posts\/57980\/revisions\/57982"}],"wp:featuredmedia":[{"embeddable":true,"href":"https:\/\/miradordeatarfe.es\/index.php?rest_route=\/wp\/v2\/media\/57981"}],"wp:attachment":[{"href":"https:\/\/miradordeatarfe.es\/index.php?rest_route=%2Fwp%2Fv2%2Fmedia&parent=57980"}],"wp:term":[{"taxonomy":"category","embeddable":true,"href":"https:\/\/miradordeatarfe.es\/index.php?rest_route=%2Fwp%2Fv2%2Fcategories&post=57980"},{"taxonomy":"post_tag","embeddable":true,"href":"https:\/\/miradordeatarfe.es\/index.php?rest_route=%2Fwp%2Fv2%2Ftags&post=57980"}],"curies":[{"name":"wp","href":"https:\/\/api.w.org\/{rel}","templated":true}]}}