{"id":57992,"date":"2022-12-14T09:14:21","date_gmt":"2022-12-14T08:14:21","guid":{"rendered":"https:\/\/miradordeatarfe.es\/?p=57992"},"modified":"2022-12-10T19:19:52","modified_gmt":"2022-12-10T18:19:52","slug":"las-autoridades-sanitarias-no-saben-como-frenar-la-explosion-de-infecciones-de-transmision-sexual","status":"publish","type":"post","link":"https:\/\/miradordeatarfe.es\/?p=57992","title":{"rendered":"Las autoridades sanitarias no saben c\u00f3mo frenar la explosi\u00f3n de infecciones de transmisi\u00f3n sexual"},"content":{"rendered":"<h3 class=\"a_st\" style=\"text-align: justify;\">La bajada de los casos de VIH ha ido acompa\u00f1ada de un enorme crecimiento de gonorrea, s\u00edfilis o clamidia. Los hombres son los m\u00e1s afectados, pero en mujeres han aumentado m\u00e1s de un 1.000% en una d\u00e9cada<\/h3>\n<p class=\"\" style=\"text-align: justify;\">Las Infecciones de Transmisi\u00f3n Sexual (ITS) no paran de crecer. Al mismo tiempo que ha ca\u00eddo la circulaci\u00f3n del VIH, otras como la gonorrea, la s\u00edfilis o la clamidiosis llevan m\u00e1s de una d\u00e9cada subiendo cada a\u00f1o sin que las autoridades sanitarias sepan c\u00f3mo atajarlas. M\u00e1s facilidad para tener relaciones y menos miedo al sida son algunas de las explicaciones detr\u00e1s de esta explosi\u00f3n.<\/p>\n<p class=\"\" style=\"text-align: justify;\">El fen\u00f3meno es global. <a href=\"https:\/\/www.sanidad.gob.es\/ciudadanos\/enfLesiones\/enfTransmisibles\/sida\/vigilancia\/Vigilancia_ITS_1995_2019.pdf\" data-link-track-dtm=\"\">Las desfasadas estad\u00edsticas de Sanidad<\/a> solo llegan a 2019 para la mayor\u00eda de las infecciones (<a href=\"https:\/\/www.isciii.es\/QueHacemos\/Servicios\/VigilanciaSaludPublicaRENAVE\/EnfermedadesTransmisibles\/Documents\/VIH\/informes%20de%20vigilancia%20VIH%20y%20sida%20anteriores\/Informe%20VIH_SIDA_2022_CCAA.pdf\" data-link-track-dtm=\"\">excepto para VIH que est\u00e1n actualizadas hasta 2021<\/a>). Aunque la mayor\u00eda (65%) se producen en hombres, el incremento en mujeres ha sido espectacular: m\u00e1s de un 1.000% en una d\u00e9cada, <a href=\"https:\/\/bebloomers.com\/observatorio-its-mujeres-espana\/\" data-link-track-dtm=\"\">seg\u00fan el observatorio de salud femenina Bloom<\/a>. En los \u00faltimos 10 a\u00f1os con registros, la transmisi\u00f3n del VIH ha bajado un 22,6%, hasta las 2.786 infecciones anuales. Mientras, las de gonorrea se han multiplicado por seis (12.359 casos) y las de s\u00edfilis se han m\u00e1s que duplicado (5.822). En los \u00fanicos cuatro a\u00f1os de los que el Ministerio de Sanidad tiene datos, el linfogranuloma ven\u00e9reo ha subido un 82% (453 infecciones) y la clamidia, \u00fanica mayoritariamente femenina, ha crecido un 144% (17.718 diagn\u00f3sticos). Sin contar esta \u00faltima, las ITS diagnosticadas son masculinas en un 82%.<\/p>\n<div class=\"raw_html\" style=\"text-align: justify;\">\n<div><iframe id=\"datawrapper-chart-k0JeP\" title=\"Evoluci\u00f3n de las ITS en Espa\u00f1a\" src=\"https:\/\/datawrapper.dwcdn.net\/k0JeP\/1\/\" height=\"400\" frameborder=\"0\" scrolling=\"no\" aria-label=\"Interactive line chart\" data-external=\"1\" data-mce-fragment=\"1\"><\/iframe><\/div>\n<\/div>\n<p class=\"\" style=\"text-align: justify;\">Los datos a\u00fan sin publicar que algunos investigadores rastrean en las comunidades indican que tras un respiro en el primer a\u00f1o de pandemia, fruto del menor contacto social, \u201c2021 super\u00f3 a 2019, y 2022 probablemente siga en esa senda\u201d, explica Irene Mar\u00eda Sempere Fern\u00e1ndez, especializada en medicina de Familia y residente de Preventiva, en cuyo trabajo de fin de m\u00e1ster ha estudiado las ITS en Andaluc\u00eda.<\/p>\n<p class=\"\" style=\"text-align: justify;\">Las estad\u00edsticas no cuentan todav\u00eda el positivo de VIH de Pablo ni la gonorrea de Silvia. Son dos nombres inventados para salvaguardar la privacidad de dos adultos de 42 y 40 a\u00f1os que contrajeron sendas ITS hace solo unos meses. Ambos se consideran muy informados sobre los riesgos de estas enfermedades y ambos, ya sea por un desliz o por falta de costumbre, se infectaron en relaciones sin preservativo.<\/p>\n<p class=\"\" style=\"text-align: justify;\">Desde el <i>P\u00f3ntelo, p\u00f3nselo<\/i> ha habido muchas campa\u00f1as para el uso del cond\u00f3n. Pero ninguna ha conseguido el impacto que logr\u00f3 esta a finales de los ochenta, ante una sociedad aterrorizada por el sida, que entonces supon\u00eda una condena a muerte casi segura. La \u00faltima del Ministerio de Sanidad vio la luz en septiembre, bajo el lema <i>Sal como quieras, pero no salgas sin condones<\/i>, dirigida a la poblaci\u00f3n joven.<\/p>\n<p class=\"\" style=\"text-align: justify;\">Datos como los del <a href=\"https:\/\/www.adolescenciayjuventud.org\/publicacion\/barometro-2017\/\" target=\"_blank\" rel=\"noopener\" data-link-track-dtm=\"\">bar\u00f3metro del ProyectoScopio<\/a>, muestran que el 45% de los j\u00f3venes entre 15 y 29 a\u00f1os ha practicado sexo sin protecci\u00f3n, a pesar de que en su mayor\u00eda conocen los riesgos. Un 25% dice hacerlo de forma habitual y un 15% confiesa que le compensa, aunque exista la posibilidad de contraer infecciones sexuales.<\/p>\n<p class=\"\" style=\"text-align: justify;\">Mar Vera, m\u00e9dica en el Centro Sanitario Sandoval de Madrid, una cl\u00ednica p\u00fablica especializada en infecciones de transmisi\u00f3n sexual que a menudo sirve de term\u00f3metro para predecir su crecimiento, cuenta que se ha relajado mucho el uso del preservativo. En parte, lo achaca a la p\u00e9rdida del miedo al VIH, que ahora se trata como una enfermedad cr\u00f3nica. Tambi\u00e9n ha contribuido, en su opini\u00f3n, <a href=\"https:\/\/elpais.com\/salud-y-bienestar\/2022-06-21\/anatomia-de-la-prep-la-cara-y-la-cruz-de-la-exitosa-pastilla-para-prevenir-el-vih.html\" target=\"_blank\" rel=\"noopener\" data-link-track-dtm=\"\">la generalizaci\u00f3n de la Prep<\/a>. Se trata de una pastilla que la sanidad p\u00fablica dispensa desde 2019 y evita la transmisi\u00f3n del VIH. Adem\u00e1s, qui\u00e9n recibe este tratamiento tiene que someterse a chequeos rutinarios, lo que tambi\u00e9n hace aflorar infecciones que de otra forma quedar\u00edan ocultas.<\/p>\n<p class=\"\" style=\"text-align: justify;\">Pero los expertos coinciden en que el incremento de las ITS no se debe solamente a que se diagnostican m\u00e1s, ya que la subida es anterior a la Prep. Est\u00e1 claro que se producen m\u00e1s infecciones. \u201cLas aplicaciones para citas facilitan mucho los encuentros sexuales en cualquier momento y lugar con personas desconocidas. Tambi\u00e9n est\u00e1 creciendo el <i>chemsex<\/i> (sexo bajo est\u00edmulo de estupefacientes) que va acompa\u00f1ado de pr\u00e1cticas de riesgo\u201d, se\u00f1ala Vera.<\/p>\n<p class=\"\" style=\"text-align: justify;\">Las drogas y el alcohol est\u00e1n a menudo detr\u00e1s de la relajaci\u00f3n en el uso del preservativo. Fue el caso de Silvia: \u201cMe acost\u00e9 con un conocido en un festival. Hab\u00eda bebido y no recuerdo bien qu\u00e9 pas\u00f3, pero no lo usamos. Tambi\u00e9n me confi\u00e9 por ser alguien con quien ya hab\u00eda tenido relaciones sexuales anteriormente\u201d, reconoce. Unas semanas despu\u00e9s not\u00f3 un enorme dolor en el vientre y p\u00e9rdidas con mal olor. Acab\u00f3 hospitalizada durante cuatro d\u00edas. Diagn\u00f3stico: gonorrea. Aunque super\u00f3 la infecci\u00f3n gracias a los antibi\u00f3ticos, los m\u00e9dicos advierten de que cada vez resultan menos eficaces por las resistencias microbianas, una de las grandes preocupaciones de salud p\u00fablica, <a href=\"https:\/\/elpais.com\/elpais\/2017\/09\/21\/planeta_futuro\/1506004048_715947.html\" target=\"_blank\" rel=\"noopener\" data-link-track-dtm=\"\">que previsiblemente se agravar\u00e1 en las pr\u00f3ximas d\u00e9cadas<\/a>. Lo que normalmente se cura con un tratamiento sencillo puede acabar con complicaciones graves, incluso la muerte.<\/p>\n<p class=\"\" style=\"text-align: justify;\">Juan Carlos Gal\u00e1n, jefe de Virolog\u00eda en el hospital Ram\u00f3n y Cajal de Madrid, advierte de que incluso infecciones asintom\u00e1ticas pueden tener consecuencias. Ocurre por ejemplo con el virus del papiloma humano, que puede derivar en c\u00e1ncer de cuello uterino o, menos frecuentemente, anal, de pene u oral. O con la candidiasis, que puede generar problemas reproductivos en las mujeres que est\u00e1n infectadas: dificultad para quedar encinta, embarazos ect\u00f3picos, enfermedad inflamatoria p\u00e9lvica. \u201cAdem\u00e1s est\u00e1 el problema de transmitirla a otras personas en las que s\u00ed puede dar s\u00edntomas y complicaciones desde un primer momento\u201d, asegura.<\/p>\n<p class=\"\" style=\"text-align: justify;\">Ante estas realidades, un foro de expertos en la materia, en el que tambi\u00e9n participan t\u00e9cnicos de salud p\u00fablica de las administraciones auton\u00f3micas, se han unido para estudiar qu\u00e9 hacer, buscar las mejores pr\u00e1cticas y ponerlas en marcha. Bajo el acr\u00f3nimo Fexits, han presentado este oto\u00f1o <a href=\"https:\/\/apoyopositivo.org\/wp-content\/uploads\/2022\/10\/Documento-de-recomendaciones-FEXITS.pdf\" target=\"_blank\" rel=\"noopener\" data-link-track-dtm=\"\">un documento de recomendaciones<\/a>, que incluye cribados poblacionales tanto en individuos de alto riesgo como de bajo y moderado. Ser\u00eda la forma de frenar las cadenas de transmisi\u00f3n de las infecciones cuando son asintom\u00e1ticas, algo que sucede muy a menudo. Ocurre, por ejemplo, con la clamidiasis, que no presenta signos en aproximadamente un 70% de hombres y un 50% de mujeres con infecci\u00f3n, seg\u00fan datos del Ministerio de Sanidad.<\/p>\n<p class=\"\" style=\"text-align: justify;\">Junto con el uso del preservativo, el chequeo rutinario es la mejor medida para frenar las ITS, en opini\u00f3n de Jorge Garrido, miembro de Fexits y director de Apoyo Positivo. \u201cSe usa menos el cond\u00f3n y eso contribuye al aumento de las infecciones. Pero tampoco es m\u00e1gico. Tendr\u00edan que estar m\u00e1s accesibles tanto preservativos [Francia ha anunciado esta misma semana que ser\u00e1n gratuitos para las personas de entre 18 y 25 a\u00f1os] como las pruebas de las ITS, acercarlas a los centros de salud y quitarles estigma\u201d, argumenta.<\/p>\n<p class=\"\" style=\"text-align: justify;\">Pablo recibi\u00f3 un diagn\u00f3stico de VIH este septiembre y ha vivido las dificultades de acceso en primera persona. Reconoce que ha tenido \u201cpr\u00e1cticamente todas las ITS\u201d y las experiencias no siempre han sido buenas. \u201cEn el centro de salud a veces no me quer\u00edan hacer pruebas, me mandaban al Sandoval. En otra tuve que tomarme yo mismo las muestras porque ve\u00eda que la enfermera no pod\u00eda por asco\u201d, narra.<\/p>\n<p class=\"\" style=\"text-align: justify;\">Pertenece al colectivo de mayor riesgo: el de los hombres que tienen sexo con hombres. \u201cMe muevo en un entorno en el que el VIH est\u00e1 relativamente presente, yo he tenido dos parejas seropositivas. A pesar de eso, me asombra que sigue habiendo mucho estigma. Personas que tienen el VIH cerca ni tienen informaci\u00f3n, ni conocen a nadie que lo hable abiertamente\u201d, se\u00f1ala.<\/p>\n<p class=\"\" style=\"text-align: justify;\">En su caso, como sucede frecuentemente, ha ido \u201cnormalizando\u201d las relaciones de riesgo. \u201cSoy de la generaci\u00f3n del <i>p\u00f3ntelo, p\u00f3nselo<\/i> y lo ten\u00eda muy marcado hace a\u00f1os. Pero al final ves a gente que lo tiene, vas pillando otras ITS y te vas relajando. A veces he pensado que igual me he confiado demasiado, pero no es distinto de lo que pasa con fumar, con no hacer ejercicio, con comer grasas\u201d, justifica.<\/p>\n<h3 class=\"\" style=\"text-align: justify;\">\u00bfQu\u00e9 hacer para frenar las ITS?<\/h3>\n<p class=\"\" style=\"text-align: justify;\">\u201cEs la gran pregunta\u201d, reconoce Mar Vera. El Ministerio de Sanidad aprob\u00f3 en diciembre de 2021 un <a href=\"https:\/\/www.sanidad.gob.es\/ciudadanos\/enfLesiones\/enfTransmisibles\/sida\/planNalSida\/Plan_de_Prevencion_y_Control1.pdf\" target=\"_blank\" rel=\"noopener\" data-link-track-dtm=\"\"><i>Plan de prevenci\u00f3n y control de la infecci\u00f3n por VIH y las ITS<\/i><\/a>. Su objetivo: \u201cImpulsar y coordinar las acciones para la eliminaci\u00f3n del VIH y las ITS como problema de salud p\u00fablica en 2030, a trav\u00e9s de la prevenci\u00f3n, el diagn\u00f3stico precoz y el tratamiento de las infecciones, la atenci\u00f3n a la cronicidad y la mejora de la calidad de vida, as\u00ed como el abordaje del estigma y la discriminaci\u00f3n asociada al VIH y a otras ITS en Espa\u00f1a\u201d.<\/p>\n<p class=\"\" style=\"text-align: justify;\"><a href=\"https:\/\/www.sanidad.gob.es\/ciudadanos\/enfLesiones\/enfTransmisibles\/sida\/ITS\/Informe_Revision_Planes_ITS_CCAA_2021.pdf\" target=\"_blank\" rel=\"noopener\" data-link-track-dtm=\"\">Los documentos previos a este plan<\/a> admiten que hasta la fecha los planes de las autonom\u00edas adolecen de un \u201calto grado de heterogeneidad\u201d, no cuentan con herramientas para medir su impacto y tienen \u201cgrandes \u00e1reas de mejora\u201d, especialmente en el estudio de situaci\u00f3n previo a la implantaci\u00f3n y a acciones espec\u00edficas relacionadas con la asistencia a las ITS y en materia de estigma y discriminaci\u00f3n.<\/p>\n<p class=\"\" style=\"text-align: justify;\">Gal\u00e1n se fija en <a href=\"https:\/\/elpais.com\/sociedad\/2022-10-01\/los-contagios-de-la-viruela-del-mono-en-el-mundo-caen-a-la-mitad-en-el-ultimo-mes-sin-que-el-brote-pueda-darse-por-controlado.html\" target=\"_blank\" rel=\"noopener\" data-link-track-dtm=\"\">la viruela del mono (ahora, oficialmente, mpox)<\/a>, que pese al debate de si es propiamente una ITS se contrae en la gran mayor\u00eda de las ocasiones en relaciones sexuales. \u201cHemos podido acotar su avance, algo que no hemos conseguido con otras infecciones como la s\u00edfilis\u201d, reflexiona.<\/p>\n<p class=\"\" style=\"text-align: justify;\">El m\u00e9dico cree que de ah\u00ed se pueden sacar ense\u00f1anzas. \u201cGener\u00f3 una sensaci\u00f3n de alarma, de miedo, con un r\u00e1pido llamamiento de la Organizaci\u00f3n Mundial de la Salud y una percepci\u00f3n de la gravedad de la enfermedad mayor a la que realmente ten\u00eda, seguramente por asociaci\u00f3n con la viruela. Con esta alerta todos los centros de salud pasaron a identificarla muy r\u00e1pidamente y hubo una gran labor de diagnosis\u201d, se\u00f1ala.<\/p>\n<p class=\"\" style=\"text-align: justify;\">Existen muchas diferencias entre la mpox y las ITS m\u00e1s frecuentes. La mayor\u00eda no cuentan con vacuna, tienen mucho mayor porcentaje de asintom\u00e1ticos y la alarma social no es igual. \u201cPero podemos aprender en el diagn\u00f3stico temprano, es la primera herramienta que, si comparamos los dos modelos, podemos extrapolar\u201d, arguye.<\/p>\n<p class=\"\" style=\"text-align: justify;\">A los cribados, los expertos a\u00f1aden una mayor concienciaci\u00f3n que debe<\/p>\n<div class=\"a_c clearfix\" data-dtm-region=\"articulo_cuerpo\">\n<p class=\"\" style=\"text-align: justify;\">llegar desde mucho antes de que los j\u00f3venes se inicien en las relaciones sexuales. \u201cTienen que saber que son los que pueden poner l\u00edmites, que el riesgo aumenta cuanto m\u00e1s parejas sexuales se tengan, la importancia del cond\u00f3n. Y que las ITS no son un problema de un colectivo, sino un problema social que nos afecta a todos\u201d, concluye Gal\u00e1n.<\/p>\n<\/div>\n<h3><strong>Pablo Linde<\/strong><\/h3>\n<h5><strong>\u00a0 Escribe en EL PA\u00cdS desde 2007 y est\u00e1 especializado en temas sanitarios y de salud. Ha cubierto la pandemia del coronavirus, escrito dos libros y ganado algunos premios en su \u00e1rea. Antes se dedic\u00f3 varios a\u00f1os al periodismo local en Andaluc\u00eda.<\/strong><\/h5>\n<header class=\"a_e _g _g-xs\">\n<div class=\"a_e_m\">\n<figure class=\"a_m\"><figcaption class=\"a_m_p\">FOTO: Centro de pruebas, vacunaci\u00f3n e informaci\u00f3n sobre infecciones de transmisi\u00f3n sexual en Barcelona.<span class=\"a_m_m\">Foto: CONSUELO BAUTISTA | V\u00eddeo: MINISTERIO DE SANIDAD<\/span><\/figcaption><\/figure>\n<\/div>\n<\/header>\n<div class=\"a_md _g _g-xs \">\n<figure class=\"a_md_i a_m-h\"><span class=\"a_m_w _db\">https:\/\/elpais.com\/sociedad\/2022-12-10\/las-autoridades-sanitarias-no-saben-como-frenar-la-explosion-de-infecciones-de-transmision-sexual.html<\/span><\/figure>\n<div class=\"a_md_txt\">\n<div class=\"a_md_a\" data-dtm-region=\"articulo_firma\">\u00a0<\/div>\n<\/div>\n<\/div>\n","protected":false},"excerpt":{"rendered":"<p>La bajada de los casos de VIH ha ido acompa\u00f1ada de un enorme crecimiento de&#8230;<\/p>\n","protected":false},"author":1,"featured_media":57993,"comment_status":"closed","ping_status":"closed","sticky":false,"template":"","format":"standard","meta":{"_coblocks_attr":"","_coblocks_dimensions":"","_coblocks_responsive_height":"","_coblocks_accordion_ie_support":"","jetpack_post_was_ever_published":false,"_jetpack_newsletter_access":"","_jetpack_dont_email_post_to_subs":false,"_jetpack_newsletter_tier_id":0,"_jetpack_memberships_contains_paywalled_content":false,"_jetpack_memberships_contains_paid_content":false,"footnotes":"","jetpack_publicize_message":"","jetpack_publicize_feature_enabled":true,"jetpack_social_post_already_shared":true,"jetpack_social_options":{"image_generator_settings":{"template":"highway","default_image_id":0,"enabled":false},"version":2}},"categories":[1161,44,15,10],"tags":[9834,9835,6469],"class_list":["post-57992","post","type-post","status-publish","format-standard","has-post-thumbnail","hentry","category-ciudadania","category-noticias-de-hoy","category-ultimas-noticias","category-salud","tag-enfermedades-venereas","tag-transmision","tag-transmision-sexual"],"jetpack_publicize_connections":[],"jetpack_featured_media_url":"https:\/\/i0.wp.com\/miradordeatarfe.es\/wp-content\/uploads\/2022\/12\/ZLL2HHKTUBCVDKRIFQSNNKE3ZA.jpg?fit=1960%2C1103&ssl=1","jetpack_likes_enabled":true,"jetpack_sharing_enabled":true,"_links":{"self":[{"href":"https:\/\/miradordeatarfe.es\/index.php?rest_route=\/wp\/v2\/posts\/57992","targetHints":{"allow":["GET"]}}],"collection":[{"href":"https:\/\/miradordeatarfe.es\/index.php?rest_route=\/wp\/v2\/posts"}],"about":[{"href":"https:\/\/miradordeatarfe.es\/index.php?rest_route=\/wp\/v2\/types\/post"}],"author":[{"embeddable":true,"href":"https:\/\/miradordeatarfe.es\/index.php?rest_route=\/wp\/v2\/users\/1"}],"replies":[{"embeddable":true,"href":"https:\/\/miradordeatarfe.es\/index.php?rest_route=%2Fwp%2Fv2%2Fcomments&post=57992"}],"version-history":[{"count":1,"href":"https:\/\/miradordeatarfe.es\/index.php?rest_route=\/wp\/v2\/posts\/57992\/revisions"}],"predecessor-version":[{"id":57994,"href":"https:\/\/miradordeatarfe.es\/index.php?rest_route=\/wp\/v2\/posts\/57992\/revisions\/57994"}],"wp:featuredmedia":[{"embeddable":true,"href":"https:\/\/miradordeatarfe.es\/index.php?rest_route=\/wp\/v2\/media\/57993"}],"wp:attachment":[{"href":"https:\/\/miradordeatarfe.es\/index.php?rest_route=%2Fwp%2Fv2%2Fmedia&parent=57992"}],"wp:term":[{"taxonomy":"category","embeddable":true,"href":"https:\/\/miradordeatarfe.es\/index.php?rest_route=%2Fwp%2Fv2%2Fcategories&post=57992"},{"taxonomy":"post_tag","embeddable":true,"href":"https:\/\/miradordeatarfe.es\/index.php?rest_route=%2Fwp%2Fv2%2Ftags&post=57992"}],"curies":[{"name":"wp","href":"https:\/\/api.w.org\/{rel}","templated":true}]}}