{"id":58005,"date":"2024-11-25T10:37:55","date_gmt":"2024-11-25T09:37:55","guid":{"rendered":"https:\/\/miradordeatarfe.es\/?p=58005"},"modified":"2024-11-25T15:13:42","modified_gmt":"2024-11-25T14:13:42","slug":"ana-orantes-25-anos-de-un-drama-que-desperto-al-pais","status":"publish","type":"post","link":"https:\/\/miradordeatarfe.es\/?p=58005","title":{"rendered":"Ana Orantes, 26 a\u00f1os de un drama que despert\u00f3 al pa\u00eds"},"content":{"rendered":"<div class=\"voc-article-container\">\n<article class=\"voc-article voc-article--detail voc-article--detail--base voc-article--photo-bottom\">\n<div class=\"voc-info-container\">\n<h3 class=\"voc-sub-title\" style=\"text-align: justify;\">Quemada viva tras denunciar a su expareja en televisi\u00f3n, dej\u00f3 un legado contra el machismo que llega con lentitud al mundo rural, donde la tasa de asesinadas por violencia de g\u00e9nero duplica la de las ciudades<\/h3>\n<\/div>\n<\/article>\n<\/div>\n<div class=\"voc-detail\" data-voc-share-selection=\"\">\n<p class=\"voc-paragraph\" style=\"text-align: justify;\">Tercera hija de un alba\u00f1il y una costurera, Ana Orantes trabaj\u00f3 desde ni\u00f1a en el mismo oficio que su madre y no asisti\u00f3 a la escuela. \u00abMis padres eran muy pobres. Aprend\u00ed en un bastidor hasta la noche. No he ido nunca al colegio\u00bb, dijo de s\u00ed misma en el programa de televisi\u00f3n donde cont\u00f3 algunos episodios de la violencia machista que hab\u00eda sufrido durante 40 a\u00f1os de matrimonio. A\u00f1adi\u00f3: \u00abHe sido bonita\u00bb. Cuando conoci\u00f3 a Jos\u00e9 Parejo, su marido y verdugo, ella ten\u00eda 19 a\u00f1os y \u00e9l, nacido en 1935, era dos a\u00f1os mayor. Una tarde el hombre que la quemar\u00eda viva la llev\u00f3 a tomar un \u00abrefresco a La Alhambra\u00bb y all\u00ed le dijo que la hab\u00eda difamado con sus padres y amigos. \u00abDijo que yo estaba perdida, antiguamente se dec\u00eda esa palabra\u00bb, record\u00f3. \u00abSi quieres venir conmigo te vienes, o yo voy a levantar la voz para decirlo\u00bb, record\u00f3 Ana Orantes la manera en que le pidi\u00f3 casamiento. \u00abYo era mozuela\u00bb, prosigue ella. Recibi\u00f3, en vez de cari\u00f1o, injuria.<\/p>\n<p class=\"voc-paragraph\" style=\"text-align: justify;\">Al casarse, vivieron en casa de sus suegros, en El Albaic\u00edn, en la ciudad de Granada. Era 1956. El marido, al que llamaban \u00abni\u00f1o\u00bb, trabajaba con su padre en un taller. Ella se hizo cargo de las tareas que le encomendaba su suegra. \u00abDo\u00f1a Encarna, el se\u00f1or la haya perdonado, ten\u00eda una criada a la que ech\u00f3 porque ya estaba yo\u00bb, asegur\u00f3 en &#8216;De tarde en tarde&#8217; de Canal Sur a principios de diciembre de 1997, donde denunci\u00f3 al hombre que la asesinar\u00eda trece d\u00edas despu\u00e9s de emitirse el programa. Sucedi\u00f3 en C\u00fallar Vega, una poblaci\u00f3n granadina que ten\u00eda en esa \u00e9poca poco m\u00e1s de 2.000 habitantes (hoy tiene unos 8.000). A este lugar la hab\u00eda llevado Parejo desde El Fargue, al que se hab\u00edan mudado desde la ciudad cuando era un paraje bald\u00edo y que abandonaron en cuanto tuvieron vecinos. \u00abMi madre no era una mujer de campo, pero \u00e9l la llev\u00f3 a los pueblos para aislarla\u00bb, recuerda su hija Raquel Orantes. \u00abCuando se poblaban, \u00e9l la llevaba a sitios m\u00e1s aislados donde no ten\u00edamos referencias de vecinos ni del entorno, para hacer lo que quisiera\u00bb. Entonces, como ahora, la mujer est\u00e1 m\u00e1s expuesta a la violencia de g\u00e9nero en los municipios peque\u00f1os.<\/p>\n<p class=\"voc-paragraph\" style=\"text-align: justify;\">Si la matanza machista fuera una enfermedad tendr\u00eda en el mundo rural espa\u00f1ol una incidencia de 2,3 asesinatos por cada mill\u00f3n de habitantes, mientras que en los n\u00facleos urbanos ser\u00eda de 1,3. Es decir, fuera de las ciudades la tasa se duplica seg\u00fan los \u00faltimos datos de 2022. \u00abCuanto m\u00e1s peque\u00f1o es el pueblo, menos denuncia y m\u00e1s silencio\u00bb, afirma Carmen Quintanilla, presidenta de la Asociaci\u00f3n de Familias y Mujeres del Medio Rural (Afammer), que aporta datos: una mujer soporta a su maltratador 25 a\u00f1os en municipios chicos, mientras que en las urbes la media es de nueve a\u00f1os. \u00abAll\u00ed las mujeres viven en c\u00edrculos donde importa el qu\u00e9 dir\u00e1n. Todos se conocen\u00bb, prosigue Quintanilla. \u00abComo hay menos polic\u00edas, guardias civiles, juzgados y servicios p\u00fablicos, \u00bfa d\u00f3nde va la mujer cuando re\u00fane la valent\u00eda suficiente para denunciar? Vive en la inseguridad, el miedo, la verg\u00fcenza y el contexto que las intimida\u00bb.<\/p>\n<p class=\"voc-paragraph\" style=\"text-align: justify;\">La muerte de Ana Orantes fue el \u00faltimo acto de una larga tragedia. \u00ab\u00c9l me callaba y me dec\u00eda: &#8216;no sabes hablar, eres analfabeta, no vales un duro&#8217;. Para ver a mi madre le ten\u00eda que pedir permiso a \u00e9l. No me pod\u00eda acercar a una ventana\u00bb, record\u00f3 en el plat\u00f3. \u00abDentro de las casas suceden muchas manifestaciones de violencia, pero en todos los casos est\u00e1 la psicol\u00f3gica y de control, que consiste en menospreciar la opini\u00f3n de la mujer, cuestionarla y aislarla\u00bb, explica Sof\u00eda Gabasa, t\u00e9cnica del programa &#8216;Cultivando igualdad&#8217; de la Federaci\u00f3n de Asociaciones de Mujeres Rurales (Fademur). \u00abEn el medio rural ellas tienen m\u00e1s dependencia econ\u00f3mica y es un factor a\u00f1adido de vulnerabilidad\u00bb.<\/p>\n<p class=\"voc-paragraph\" style=\"text-align: justify;\">La primera paliza de Ana Orantes lleg\u00f3 tres meses despu\u00e9s de casarse, como record\u00f3 con nitidez: \u00abEntr\u00e9 al taller y le dije: ya estoy aqu\u00ed. No me contest\u00f3. Me dio una bofetada como la que le dieron al se\u00f1or. No supe por d\u00f3nde me vino aquello. Yo di un chillido y cre\u00ed que me hab\u00eda roto la cara. Su padre lleg\u00f3 y le dio dos guantazos. Cuando se calm\u00f3 todo, yo fui a pedirle perd\u00f3n porque le hab\u00eda pegado su padre por culpa m\u00eda. Y me escupi\u00f3 en la cara\u00bb.<\/p>\n<div class=\"voc-detail__cmp voc-detail__cmp--title voc-detail__cmp--no-margin\" style=\"text-align: justify;\">\n<h3 class=\"voc-detail__title\">Silencio en el pueblo<\/h3>\n<\/div>\n<p class=\"voc-paragraph\" style=\"text-align: justify;\">Ana Orantes no fue la primera en se\u00f1alar una podredumbre social que supuraba sin cesar, ni la primera v\u00edctima de lo que entonces no ten\u00eda una denominaci\u00f3n espec\u00edfica (s\u00f3lo cinco a\u00f1os despu\u00e9s de su muerte se comenz\u00f3 a llevar un registro de las asesinadas por violencia de g\u00e9nero). Pero su tragedia fue la de todo un pa\u00eds, conmovido por su testimonio y destino, y salt\u00f3 al debate pol\u00edtico.<\/p>\n<div class=\"voc-detail__cmp voc-detail__cmp--pad-lr \" style=\"text-align: justify;\">\n<div class=\"voc-ficha-detail__wrapper\">\n<section class=\"voc-ficha-detail\">\n<div class=\"voc-article-container\">\n<article class=\"voc-article voc-article--cmp-despiece \">\n<div class=\"voc-info-container\">\n<h5 class=\"voc-title\">Las palabras que sacudieron a la audiencia<\/h5>\n<p class=\"voc-paragraph\">Con calma y sin rencor, Ana Orantes particip\u00f3 en un programa de televisi\u00f3n en diciembre de 1997. Su testimonio de maltrato conten\u00eda la enorme crueldad de la que hab\u00eda sido v\u00edctima y sin embargo era similar en algunos aspectos al de otras mujeres del plat\u00f3. Estas son algunas de las frases que pronunci\u00f3 Ana Orantes para sacudir a Espa\u00f1a:<\/p>\n<p class=\"voc-paragraph\">\u00abMe pill\u00f3 en el Albaic\u00edn en un callej\u00f3n con los pu\u00f1os cerrados. A \u00e9l le dicen el Tarz\u00e1n. Me cogi\u00f3 sobre la pared con los pu\u00f1os as\u00ed, todos en las sienes, me daba un pu\u00f1etazo y me dejaba muerta. Me hac\u00eda el boca a boca, respiraba otra vez, y me daba otro pu\u00f1etazo. Y as\u00ed estuvo no s\u00e9 cuanto tiempo. Llegu\u00e9 a la casa con los ojos hinchados. Qu\u00e9 le pasa, pregunt\u00f3 la madre. Yo le dije: Que me ha pegado porque haber bailado media pieza con su sobrino. Pues no haber bailado, dijo ella\u00bb.<\/p>\n<p class=\"voc-paragraph\">\u00abMe dec\u00eda: Anitilla, perd\u00f3name, ya no va a pasar m\u00e1s. No hagas caso a un borracho. Y yo le cre\u00eda porque ten\u00eda once hijos y no ten\u00eda d\u00f3nde irme. Ten\u00eda que aguantar que me diera paliza sobre paliza. Un d\u00eda s\u00ed, otro no y el del medio. Que me dijera todo lo que \u00e9l quer\u00eda\u00bb.<\/p>\n<p class=\"voc-paragraph\">\u00abMe pesa no haberlo hecho antes. Mis hijos son todos modelos. Mis hijos miran mucho por sus mujeres. Son muy trabajadores. Pero tengo esa pena\u00bb.<\/p>\n<\/div>\n<\/article>\n<\/div>\n<\/section>\n<\/div>\n<\/div>\n<p class=\"voc-paragraph\" style=\"text-align: justify;\">\u00abCuando las mujeres iban a las instituciones les dec\u00edan: vaya usted a resolverlo en su casa, son problemas familiares\u00bb, sostiene Olvido de la Rosa, concejal de Igualdad de C\u00fallar Vega, el lugar donde fue asesinada Orantes. \u00abEra considerada una cuesti\u00f3n dom\u00e9stica, cuando en realidad es un problema social extendido en todo nuestro \u00e1mbito nacional. Ana Orantes lo represent\u00f3 porque lo denunci\u00f3 p\u00fablicamente en una televisi\u00f3n pero, por desgracia, exist\u00eda en much\u00edsimas casas\u00bb. Antes lo hab\u00eda denunciado ante la Guardia Civil, que no la escuch\u00f3 ni \u00aba mis hermanos\u00bb, como tampoco un juzgado en 1986, cuando intent\u00f3 romper la convivencia por primera vez y \u00abel juez le neg\u00f3 el derecho a separarse\u00bb, rememora su hija Raquel.<\/p>\n<p class=\"voc-paragraph\" style=\"text-align: justify;\">Las especialistas consultadas coinciden en se\u00f1alar que el legado de Ana Orantes se observa en un avance contra la violencia machista, con la transformaci\u00f3n legal (como la modificaci\u00f3n del C\u00f3digo Penal para crear las \u00f3rdenes de protecci\u00f3n o la Ley Integral contra la violencia de g\u00e9nero), la inversi\u00f3n en prevenci\u00f3n y educaci\u00f3n y la \u00absensibilidad\u00bb, con dos importantes consecuencias. Una, \u00abla mujer reconoce ahora la violencia que sufre\u00bb; y dos, su entorno averigua \u00abqu\u00e9 puede hacer ella\u00bb, indica Marisol L\u00f3pez Medina, t\u00e9cnico de Igualdad de C\u00fallar Vega, donde han atendido, en los \u00faltimos diez a\u00f1os, a 528 mujeres por maltrato. El pueblo donde muri\u00f3 Ana Orantes es ahora una peque\u00f1a ciudad y las mujeres parece que callan menos.<\/p>\n<p class=\"voc-paragraph\" style=\"text-align: justify;\">V\u00edctima de un hombre \u00abtrabajador\u00bb que \u00abjugaba a las cartas, se met\u00eda a la taberna a emborracharse\u00bb y \u00able han gustado las ni\u00f1icas desde 8 a\u00f1os para arriba\u00bb, los golpes se hicieron continuos y frecuentes. \u00abMe cog\u00eda de los pelos, me daba contra la pared y me pon\u00eda la cara as\u00ed\u00bb, describi\u00f3 Ana Orantes. Con los a\u00f1os su versi\u00f3n ha sido corroborada por sus hijos y la sentencia judicial por asesinato contra Jos\u00e9 Parejo en 1998: \u00abFueron constantes los malos tratos de aqu\u00e9l para \u00e9sta\u00bb. \u00abEso pasaba hace 25 a\u00f1os y pasa mucho ahora\u00bb, se\u00f1ala Gabasa.<\/p>\n<p class=\"voc-paragraph\" style=\"text-align: justify;\">Los suegros sab\u00edan de las agresiones f\u00edsicas y callaban. Los vecinos lo sab\u00edan tambi\u00e9n. Sin acusar, asumiendo que el silencio es la regla, algunos pasajes contados por Ana Orantes lo demuestran. Vecinas como \u00abdo\u00f1a Celia\u00bb le advert\u00edan cuando Parejo iba con \u00abla cara como los locos, desencajada\u00bb, otro amenaz\u00f3 con denunciar si no paraban los golpes en la calle, nadie preguntaba cuando ella sal\u00eda a hacer compras con los ojos morados. \u00abTen\u00eda que aguantar que me diera paliza sobre paliza\u00bb. Seg\u00fan la presentadora que la interrog\u00f3, Inma Soriano, ella dijo que lo hac\u00eda para desahogarse y para buscar una protecci\u00f3n que no encontraba. Cre\u00eda, dijo, que \u00abcomo se enterar\u00e1 mucha gente, \u00e9l no se atrever\u00e1 a hacerme nada\u00bb.<\/p>\n<div class=\"voc-detail__cmp voc-detail__cmp--title voc-detail__cmp--no-margin\" style=\"text-align: justify;\">\n<h3 class=\"voc-detail__title\">Obligada a convivir<\/h3>\n<\/div>\n<p class=\"voc-paragraph\" style=\"text-align: justify;\">En el verano de 1996 logr\u00f3 por fin la separaci\u00f3n de ese hombre al que \u00abten\u00eda p\u00e1nico, miedo, horror\u00bb, como consta en los hechos probados de la sentencia de la Audiencia Provincial de Granada. Tuvieron un mismo abogado que firm\u00f3 el \u00abmutuo acuerdo\u00bb, y prolong\u00f3 la orden del juez de paz amigo de Parejo, que les obligaba a vivir en la misma casa. Ella arriba y \u00e9l abajo del chalet que ambos hab\u00edan construido con sus manos, con un patio compartido.<\/p>\n<p class=\"voc-paragraph\" style=\"text-align: justify;\">En ese a\u00f1o y medio que hubo entre la separaci\u00f3n y el asesinato, Ana y sus hijos intentaron comprar su parte al padre. No vendi\u00f3. El acoso de \u00e9l persist\u00eda. Exigi\u00f3, con la venia del mismo juez de paz, que desmontasen un gallinero y una perrera. El hijo menor denunci\u00f3 a su padre por amenazas y gan\u00f3. El d\u00eda que la asesin\u00f3, \u00e9l hab\u00eda tenido que acudir al juzgado por una denuncia de ella por insultos, interpuesta despu\u00e9s de hablar en televisi\u00f3n.<\/p>\n<p class=\"voc-paragraph\" style=\"text-align: justify;\">El 17 de diciembre de 1997, Parejo verti\u00f3 litro y medio de gasolina en un macetero y esper\u00f3 a que llegara Ana. Ella volv\u00eda de la compra a mediod\u00eda cuando \u00e9l, sigiloso y por la espalda, le lanz\u00f3 el l\u00edquido inflamable y prendi\u00f3 el fuego con su mechero. Ella cay\u00f3 y perdi\u00f3 el conocimiento. Muri\u00f3 a causa de las quemaduras en la columna, cabeza, pecho, vientre y cuello.<\/p>\n<p class=\"voc-paragraph\" style=\"text-align: justify;\">El asesino se entreg\u00f3 en el cuartel de la Guardia Civil, que registr\u00f3 que \u00abse encontraba abatido, llorando sin cesar y conmovido\u00bb, lo que le vali\u00f3 una atenuante. El tribunal no apreci\u00f3 agravantes y dict\u00f3 17 a\u00f1os de prisi\u00f3n. Muri\u00f3 en la c\u00e1rcel el a\u00f1o que le negaron por primera vez el tercer grado, en 2004. Ana Orantes ten\u00eda 60 a\u00f1os cuando su maltratador le quit\u00f3 la vida de la manera m\u00e1s cruel. \u00abMe pesa no haberlo hecho antes, tengo esa pena\u00bb, dijo refiri\u00e9ndose a la ruptura con el agresor. Su voz se sigue escuchando.<\/p>\n<div class=\"voc-author-timesocial__info\">\n<div class=\"voc-author-info\"><a class=\"voc-author\" title=\"DOM\u00c9NICO CHIAPPE\" href=\"https:\/\/www.ideal.es\/autor\/domenico-chiappe-2592.html\"><strong>DOM\u00c9NICO CHIAPPE\u00a0<\/strong><\/a><\/div>\n<div>\u00a0<\/div>\n<\/div>\n<div>FOTO:<span class=\"voc-photo-caption\">Ana Orantes, en el programa &#8216;De tarde en tarde&#8217; de Canal Sur, en diciembre de 1997. \/ <\/span><span class=\"voc-photo-author\">R. C.<\/span><\/div>\n<div>\u00a0<\/div>\n<div>https:\/\/www.ideal.es\/sociedad\/orantes-anos-drama-20221211165439-ntrc.html<\/div>\n<\/div>\n","protected":false},"excerpt":{"rendered":"<p>Quemada viva tras denunciar a su expareja en televisi\u00f3n, dej\u00f3 un legado contra el machismo&#8230;<\/p>\n","protected":false},"author":1,"featured_media":58006,"comment_status":"closed","ping_status":"closed","sticky":false,"template":"","format":"standard","meta":{"_coblocks_attr":"","_coblocks_dimensions":"","_coblocks_responsive_height":"","_coblocks_accordion_ie_support":"","jetpack_post_was_ever_published":false,"_jetpack_newsletter_access":"","_jetpack_dont_email_post_to_subs":false,"_jetpack_newsletter_tier_id":0,"_jetpack_memberships_contains_paywalled_content":false,"_jetpack_memberships_contains_paid_content":false,"footnotes":"","jetpack_publicize_message":"","jetpack_publicize_feature_enabled":true,"jetpack_social_post_already_shared":true,"jetpack_social_options":{"image_generator_settings":{"template":"highway","default_image_id":0,"enabled":false},"version":2}},"categories":[14,44,15],"tags":[4236,490],"class_list":["post-58005","post","type-post","status-publish","format-standard","has-post-thumbnail","hentry","category-feminismo","category-noticias-de-hoy","category-ultimas-noticias","tag-ana-orantes","tag-asesinato"],"jetpack_publicize_connections":[],"jetpack_featured_media_url":"https:\/\/i0.wp.com\/miradordeatarfe.es\/wp-content\/uploads\/2022\/12\/ana-orantes_20221208172244-RWRUXREKjnQdfnkxliQD3pO-624x385%40RC.jpg?fit=624%2C385&ssl=1","jetpack_likes_enabled":true,"jetpack_sharing_enabled":true,"_links":{"self":[{"href":"https:\/\/miradordeatarfe.es\/index.php?rest_route=\/wp\/v2\/posts\/58005","targetHints":{"allow":["GET"]}}],"collection":[{"href":"https:\/\/miradordeatarfe.es\/index.php?rest_route=\/wp\/v2\/posts"}],"about":[{"href":"https:\/\/miradordeatarfe.es\/index.php?rest_route=\/wp\/v2\/types\/post"}],"author":[{"embeddable":true,"href":"https:\/\/miradordeatarfe.es\/index.php?rest_route=\/wp\/v2\/users\/1"}],"replies":[{"embeddable":true,"href":"https:\/\/miradordeatarfe.es\/index.php?rest_route=%2Fwp%2Fv2%2Fcomments&post=58005"}],"version-history":[{"count":2,"href":"https:\/\/miradordeatarfe.es\/index.php?rest_route=\/wp\/v2\/posts\/58005\/revisions"}],"predecessor-version":[{"id":73013,"href":"https:\/\/miradordeatarfe.es\/index.php?rest_route=\/wp\/v2\/posts\/58005\/revisions\/73013"}],"wp:featuredmedia":[{"embeddable":true,"href":"https:\/\/miradordeatarfe.es\/index.php?rest_route=\/wp\/v2\/media\/58006"}],"wp:attachment":[{"href":"https:\/\/miradordeatarfe.es\/index.php?rest_route=%2Fwp%2Fv2%2Fmedia&parent=58005"}],"wp:term":[{"taxonomy":"category","embeddable":true,"href":"https:\/\/miradordeatarfe.es\/index.php?rest_route=%2Fwp%2Fv2%2Fcategories&post=58005"},{"taxonomy":"post_tag","embeddable":true,"href":"https:\/\/miradordeatarfe.es\/index.php?rest_route=%2Fwp%2Fv2%2Ftags&post=58005"}],"curies":[{"name":"wp","href":"https:\/\/api.w.org\/{rel}","templated":true}]}}