{"id":58032,"date":"2022-12-16T11:16:42","date_gmt":"2022-12-16T10:16:42","guid":{"rendered":"https:\/\/miradordeatarfe.es\/?p=58032"},"modified":"2022-12-14T16:52:33","modified_gmt":"2022-12-14T15:52:33","slug":"los-teatricos-de-chari-en-pinos-puente-por-juan-de-dios-villanueva-roa","status":"publish","type":"post","link":"https:\/\/miradordeatarfe.es\/?p=58032","title":{"rendered":"\u00abLos teatricos de Chari en Pinos Puente\u00bb por Juan de Dios Villanueva Roa"},"content":{"rendered":"<h3 style=\"text-align: justify;\">Hay pueblos que est\u00e1n marcados por la historia. Pinos Puente es uno de ellos.<\/h3>\n<p style=\"text-align: justify;\">Entre Col\u00f3n y\u00a0 sus aconteceres hist\u00f3ricos, este pueblo vive, late y tiene su propia sangre que le vuela por las venas. En Pinos uno se encuentra, entre mil cosas, con los latidos de la cultura por las calles. La cultura envuelve a esta ciudad que cuando aparece en la prensa parece maldita. Nada m\u00e1s lejos de la realidad, Pinos Puente es uno de los principales activos culturales de la provincia granadina.<\/p>\n<p style=\"text-align: justify;\">Su ubicaci\u00f3n, no obstante, tambi\u00e9n ayuda a otros estereotipos, que est\u00e1n en todos sitios, pero que aqu\u00ed parecen resaltar m\u00e1s. Y sin embargo, es dif\u00edcil encontrar una mayor<br \/>\nimplicaci\u00f3n y participaci\u00f3n que los pineros en la vida de su pueblo. Garc\u00eda Lorca lo vivi\u00f3, impregn\u00f3 estos campos y casas de letras, de m\u00fasica y de versos. Supo encontrar en ellos p\u00e1ginas eternas para la literatura espa\u00f1ola y, por ende, universal. Sus cert\u00e1menes literarios, conferencias y muestras de teatro son cl\u00e1sicos en la cultura granadina.<\/p>\n<p style=\"text-align: justify;\">Este mes acaba de\u00a0 celebrarse la XXXII Muestra de Teatro, y hemos podido asistir a representaciones de una calidad excelente, cerrando la maravillosa Rapsodia de los sonidos oscuros, obra en la que m\u00e1s de setenta pineros han representado fragmentos de la obra lorquiana, con sus duendes, con sus sonidos y llantos, con sus bailes y aires llenos de fuerza y tragedia, con tres asociaciones, tres, que han puesto sobre el escenario la visi\u00f3n lorquiana de Chari S\u00e1nchez, (\u00a1Ay sus teatricos!), obteniendo un \u00e9xito de representaci\u00f3n y p\u00fablico solo al alcance de un pueblo volcado en el amor a su cultura. Qui\u00e9n da m\u00e1s.<\/p>\n","protected":false},"excerpt":{"rendered":"<p>Hay pueblos que est\u00e1n marcados por la historia. Pinos Puente es uno de ellos. Entre&#8230;<\/p>\n","protected":false},"author":1,"featured_media":58033,"comment_status":"closed","ping_status":"closed","sticky":false,"template":"","format":"standard","meta":{"_coblocks_attr":"","_coblocks_dimensions":"","_coblocks_responsive_height":"","_coblocks_accordion_ie_support":"","jetpack_post_was_ever_published":false,"_jetpack_newsletter_access":"","_jetpack_dont_email_post_to_subs":false,"_jetpack_newsletter_tier_id":0,"_jetpack_memberships_contains_paywalled_content":false,"_jetpack_memberships_contains_paid_content":false,"footnotes":"","jetpack_publicize_message":"","jetpack_publicize_feature_enabled":true,"jetpack_social_post_already_shared":true,"jetpack_social_options":{"image_generator_settings":{"template":"highway","default_image_id":0,"enabled":false},"version":2}},"categories":[1161,9772,44,6937,15],"tags":[1518,498],"class_list":["post-58032","post","type-post","status-publish","format-standard","has-post-thumbnail","hentry","category-ciudadania","category-opinion-de-juan-de-dios-villanueva","category-noticias-de-hoy","category-sociedad","category-ultimas-noticias","tag-pinos-puente","tag-teatro"],"jetpack_publicize_connections":[],"jetpack_featured_media_url":"https:\/\/i0.wp.com\/miradordeatarfe.es\/wp-content\/uploads\/2022\/12\/gra-cul-teatro-253x180-1.jpg?fit=253%2C180&ssl=1","jetpack_likes_enabled":true,"jetpack_sharing_enabled":true,"_links":{"self":[{"href":"https:\/\/miradordeatarfe.es\/index.php?rest_route=\/wp\/v2\/posts\/58032","targetHints":{"allow":["GET"]}}],"collection":[{"href":"https:\/\/miradordeatarfe.es\/index.php?rest_route=\/wp\/v2\/posts"}],"about":[{"href":"https:\/\/miradordeatarfe.es\/index.php?rest_route=\/wp\/v2\/types\/post"}],"author":[{"embeddable":true,"href":"https:\/\/miradordeatarfe.es\/index.php?rest_route=\/wp\/v2\/users\/1"}],"replies":[{"embeddable":true,"href":"https:\/\/miradordeatarfe.es\/index.php?rest_route=%2Fwp%2Fv2%2Fcomments&post=58032"}],"version-history":[{"count":1,"href":"https:\/\/miradordeatarfe.es\/index.php?rest_route=\/wp\/v2\/posts\/58032\/revisions"}],"predecessor-version":[{"id":58034,"href":"https:\/\/miradordeatarfe.es\/index.php?rest_route=\/wp\/v2\/posts\/58032\/revisions\/58034"}],"wp:featuredmedia":[{"embeddable":true,"href":"https:\/\/miradordeatarfe.es\/index.php?rest_route=\/wp\/v2\/media\/58033"}],"wp:attachment":[{"href":"https:\/\/miradordeatarfe.es\/index.php?rest_route=%2Fwp%2Fv2%2Fmedia&parent=58032"}],"wp:term":[{"taxonomy":"category","embeddable":true,"href":"https:\/\/miradordeatarfe.es\/index.php?rest_route=%2Fwp%2Fv2%2Fcategories&post=58032"},{"taxonomy":"post_tag","embeddable":true,"href":"https:\/\/miradordeatarfe.es\/index.php?rest_route=%2Fwp%2Fv2%2Ftags&post=58032"}],"curies":[{"name":"wp","href":"https:\/\/api.w.org\/{rel}","templated":true}]}}