{"id":5804,"date":"2016-01-04T14:54:44","date_gmt":"2016-01-04T14:54:44","guid":{"rendered":"http:\/\/miradordeatarfe.es\/?p=5804"},"modified":"2016-01-04T14:59:07","modified_gmt":"2016-01-04T14:59:07","slug":"los-reyes-magos-llevan-la-ilusion-a-los-ninos-de-atarfe-con-novedades","status":"publish","type":"post","link":"https:\/\/miradordeatarfe.es\/?p=5804","title":{"rendered":"Los reyes magos llevan la ilusi\u00f3n  a los ni\u00f1os de Atarfe con novedades"},"content":{"rendered":"<p><span class=\"contenidos_subtitulo\">La cabalgata parte a las 18 horas de la Plaza de Toros y culmina por primera vez en el Centro Cultural Medina Elvira, donde sus majestades repartir\u00e1n en mano los regalos a los ni\u00f1os.<br \/>\n<\/span><br \/>\n<!--more--><\/p>\n<div>Unas 600 personas participan el martes 5 de Diciembre en el cortejo de la <strong>Cabalgata de Reyes de Atarfe<\/strong> que saldr\u00e1 a las 18 horas de la Plaza de Toros de Atarfe y recorrer\u00e1 las principales avenidas del pueblo para finalizar, por vez primera, en el Centro Cultural Medina Elvira.<\/div>\n<div><\/div>\n<div>Antes de su salida del Coliseo (Plaza de Toros), los tres reyes magos har\u00e1n una visita, en torno a las 17 horas, sin cortejo, a Sierra Elvira para hacer entrega de regalos a los ni\u00f1os del citado anejo.<\/div>\n<div><\/div>\n<div>En la cabalgata participan<strong> once carrozas<\/strong>, las tres de los reyes magos y ocho de distintos colectivos del municipio, entre ellos la de colegios y asociaciones vecinales o sociales; m\u00e1s la Banda Sinf\u00f3nica Municipal de M\u00fasica Ciudad Atarfe y los pasacalles.\u00a0Se trata de uno de los cortejos m\u00e1s numerosos de la provincia de Granada.<\/div>\n<div><\/div>\n<div><strong>Como principal novedad, este a\u00f1o se ha elegido como punto de finalizaci\u00f3n de la cabalgata el Centro Cultural Medina Elvira para garantizar que todos los ni\u00f1os se lleven regalos<\/strong>. En el hall del centro se habilitar\u00e1 un espacio donde los reyes magos entregar\u00e1n en mano los obsequios.<\/div>\n<div><a href=\"https:\/\/i0.wp.com\/miradordeatarfe.es\/wp-content\/uploads\/2016\/01\/reyes.jpg?ssl=1\" rel=\"attachment wp-att-5805\"><img data-recalc-dims=\"1\" loading=\"lazy\" decoding=\"async\" class=\"wp-image-5805 aligncenter\" src=\"https:\/\/i0.wp.com\/miradordeatarfe.es\/wp-content\/uploads\/2016\/01\/reyes.jpg?resize=401%2C581&#038;ssl=1\" alt=\"reyes\" width=\"401\" height=\"581\" srcset=\"https:\/\/i0.wp.com\/miradordeatarfe.es\/wp-content\/uploads\/2016\/01\/reyes.jpg?w=340&amp;ssl=1 340w, https:\/\/i0.wp.com\/miradordeatarfe.es\/wp-content\/uploads\/2016\/01\/reyes.jpg?resize=207%2C300&amp;ssl=1 207w\" sizes=\"auto, (max-width: 401px) 100vw, 401px\" \/><\/a><\/div>\n","protected":false},"excerpt":{"rendered":"<p>La cabalgata parte a las 18 horas de la Plaza de Toros y culmina por&#8230;<\/p>\n","protected":false},"author":1,"featured_media":5807,"comment_status":"closed","ping_status":"closed","sticky":false,"template":"","format":"standard","meta":{"_coblocks_attr":"","_coblocks_dimensions":"","_coblocks_responsive_height":"","_coblocks_accordion_ie_support":"","jetpack_post_was_ever_published":false,"_jetpack_newsletter_access":"","_jetpack_dont_email_post_to_subs":false,"_jetpack_newsletter_tier_id":0,"_jetpack_memberships_contains_paywalled_content":false,"_jetpack_memberships_contains_paid_content":false,"footnotes":"","jetpack_publicize_message":"","jetpack_publicize_feature_enabled":true,"jetpack_social_post_already_shared":false,"jetpack_social_options":{"image_generator_settings":{"template":"highway","default_image_id":0,"enabled":false},"version":2}},"categories":[2,1225,44,15],"tags":[1942,1364,1924],"class_list":["post-5804","post","type-post","status-publish","format-standard","has-post-thumbnail","hentry","category-atarfe","category-ha-de-atarfe","category-noticias-de-hoy","category-ultimas-noticias","tag-carrozas","tag-ninos","tag-reyes-magos"],"jetpack_publicize_connections":[],"jetpack_featured_media_url":"https:\/\/i0.wp.com\/miradordeatarfe.es\/wp-content\/uploads\/2016\/01\/reyes1.jpg?fit=640%2C480&ssl=1","jetpack_likes_enabled":true,"jetpack_sharing_enabled":true,"_links":{"self":[{"href":"https:\/\/miradordeatarfe.es\/index.php?rest_route=\/wp\/v2\/posts\/5804","targetHints":{"allow":["GET"]}}],"collection":[{"href":"https:\/\/miradordeatarfe.es\/index.php?rest_route=\/wp\/v2\/posts"}],"about":[{"href":"https:\/\/miradordeatarfe.es\/index.php?rest_route=\/wp\/v2\/types\/post"}],"author":[{"embeddable":true,"href":"https:\/\/miradordeatarfe.es\/index.php?rest_route=\/wp\/v2\/users\/1"}],"replies":[{"embeddable":true,"href":"https:\/\/miradordeatarfe.es\/index.php?rest_route=%2Fwp%2Fv2%2Fcomments&post=5804"}],"version-history":[{"count":1,"href":"https:\/\/miradordeatarfe.es\/index.php?rest_route=\/wp\/v2\/posts\/5804\/revisions"}],"predecessor-version":[{"id":5806,"href":"https:\/\/miradordeatarfe.es\/index.php?rest_route=\/wp\/v2\/posts\/5804\/revisions\/5806"}],"wp:featuredmedia":[{"embeddable":true,"href":"https:\/\/miradordeatarfe.es\/index.php?rest_route=\/wp\/v2\/media\/5807"}],"wp:attachment":[{"href":"https:\/\/miradordeatarfe.es\/index.php?rest_route=%2Fwp%2Fv2%2Fmedia&parent=5804"}],"wp:term":[{"taxonomy":"category","embeddable":true,"href":"https:\/\/miradordeatarfe.es\/index.php?rest_route=%2Fwp%2Fv2%2Fcategories&post=5804"},{"taxonomy":"post_tag","embeddable":true,"href":"https:\/\/miradordeatarfe.es\/index.php?rest_route=%2Fwp%2Fv2%2Ftags&post=5804"}],"curies":[{"name":"wp","href":"https:\/\/api.w.org\/{rel}","templated":true}]}}