{"id":58072,"date":"2022-12-17T11:34:31","date_gmt":"2022-12-17T10:34:31","guid":{"rendered":"https:\/\/miradordeatarfe.es\/?p=58072"},"modified":"2023-10-21T20:26:40","modified_gmt":"2023-10-21T18:26:40","slug":"atarfenos-del-mundo-de-la-ciencia-mari-angeles-perez-morente","status":"publish","type":"post","link":"https:\/\/miradordeatarfe.es\/?p=58072","title":{"rendered":"ATARFE\u00d1OS DEL MUNDO DE LA CIENCIA: MARI \u00c1NGELES P\u00c9REZ MORENTE"},"content":{"rendered":"<h3 style=\"text-align: justify;\">M\u00aa \u00c1ngeles P\u00e9rez Morente. Profesora Ayudante Doctor en el Departamento de Enfermer\u00eda de la Facultad de Ciencias de la Salud de la Universidad de Ja\u00e9n (UJA).\u00a0 Enfermera y\u00a0Antrop\u00f3loga Social y Cultural<\/h3>\n<p style=\"text-align: justify;\">Queridos ni\u00f1os y ni\u00f1as, desde mi experiencia de vida, quiero animaros a que entend\u00e1is el\u00a0valor\u00a0de\u00a0la\u00a0educaci\u00f3n\u00a0en\u00a0vuestras\u00a0vidas,\u00a0a\u00a0que\u00a0le\u00e1is\u00a0y\u00a0estudi\u00e9is\u00a0apasionadamente\u00a0todos\u00a0los\u00a0d\u00edas del resto de vuestras vidas, porque eso os conducir\u00e1 al conocimiento, y este os har\u00e1 libres\u00a0y poderosos, porque la formaci\u00f3n y el saber son las mejores armas para tener \u00e9xito personal y\u00a0profesional y por tanto contribuir\u00e1 a que se\u00e1is m\u00e1s felices y pod\u00e1is compartir as\u00ed mismo toda\u00a0vuestra\u00a0sabidur\u00eda\u00a0y\u00a0felicidad\u00a0con\u00a0los\u00a0dem\u00e1s.\u00a0<\/p>\n<p style=\"text-align: justify;\">Ten\u00e9is que ser conscientes del gran privilegio que la vida os otorga al poder estudiar y formaros para ser mejores hombres y mujeres en un futuro. Deb\u00e9is ser conscientes de que hay millones de ni\u00f1os en este mundo sin formaci\u00f3n, sin futuro, sin herramientas para defenderse, para ser felices, para vivir. No desperdici\u00e9is la oportunidad que hoy os est\u00e1 brindando la vida, permitir que este hoy sea eterno. Si luch\u00e1is cada d\u00eda para ser mejores y superaros, para alcanzar vuestras metas y objetivos, y para no dejar nunca de formaros, a todos y cada uno de vosotros la vida con bastante probabilidad os\u00a0devolver\u00e1 con creces todo el tiempo y esfuerzo dedicado a ello.<\/p>\n<p style=\"text-align: justify;\">\u201cSiembra y recoger\u00e1s\u201d, habr\u00e9is escuchado muchas veces, sabio consejo este. No olvid\u00e9is que no hay futuro posible si no hay educaci\u00f3n, esta os har\u00e1 fuertes frente a la adversidad, os proporcionar\u00e1 conocimiento para luchar y ayudaros a vosotros mismos y a los dem\u00e1s cuando lo necesiten. Recordar siempre una de las frases m\u00e1s cortas y m\u00e1s sabias, \u201cEl saber no ocupa lugar\u201d os posiciona en\u00a0el lugar donde deb\u00e9is estar, el del conocimiento. Me despido de vosotros como vosotros\u00a0merec\u00e9is, j\u00f3venes del presente y futuros adultos del ma\u00f1ana: \u00abLo que se les d\u00e9 a los ni\u00f1os, los\u00a0ni\u00f1os\u00a0dar\u00e1n a la sociedad\u00bb (Karl\u00a0A.\u00a0Menninger, 1893-1990).<\/p>\n<p style=\"text-align: justify;\">\u00a0<a href=\"https:\/\/i0.wp.com\/miradordeatarfe.es\/wp-content\/uploads\/2022\/12\/00-250x250-1.jpg?ssl=1\"><img data-recalc-dims=\"1\" loading=\"lazy\" decoding=\"async\" class=\"wp-image-58076 size-full alignleft\" src=\"https:\/\/i0.wp.com\/miradordeatarfe.es\/wp-content\/uploads\/2022\/12\/00-250x250-1.jpg?resize=250%2C250&#038;ssl=1\" alt=\"\" width=\"250\" height=\"250\" srcset=\"https:\/\/i0.wp.com\/miradordeatarfe.es\/wp-content\/uploads\/2022\/12\/00-250x250-1.jpg?w=250&amp;ssl=1 250w, https:\/\/i0.wp.com\/miradordeatarfe.es\/wp-content\/uploads\/2022\/12\/00-250x250-1.jpg?resize=150%2C150&amp;ssl=1 150w\" sizes=\"auto, (max-width: 250px) 100vw, 250px\" \/><\/a><\/p>\n<p style=\"text-align: justify;\">M\u00aa \u00c1ngeles\u00a0 es Diplomada Universitaria en Enfermer\u00eda en el a\u00f1o 1996, Licenciada en Antropolog\u00eda Social y Cultural en el 2009, disfrut\u00e9 de 2 Becas de Investigaci\u00f3n en concurso competitivo, una de Iniciaci\u00f3n a la Investigaci\u00f3n del Plan Propio de la Universidad de Granada (2008) y otra de Colaboraci\u00f3n del Ministerio de Educaci\u00f3n, Pol\u00edtica Social y Deporte (2008-2009).<\/p>\n<p style=\"text-align: justify;\">He trabajado como enfermera durante 20 a\u00f1os en instituciones p\u00fablicas dentro del Sistema Nacional de Salud (SNS), con plaza como estatutaria en el Servicio Andaluz de Salud (SAS) desde el a\u00f1o 2010, y reconocimiento de la \u201cAcreditaci\u00f3n de Calidad en el Nivel Avanzado en el Programa de Acreditaci\u00f3n de Competencias Profesionales de Enfermero\/a de Atenci\u00f3n Hospitalaria: Hospitalizaci\u00f3n y Cuidados Especiales (v.2.1.)\u201d por la Agencia de Calidad Sanitaria de Andaluc\u00eda de la Junta de Andaluc\u00eda. Consejer\u00eda de Salud, en el a\u00f1o 2012. Plaza como enfermera estatutaria del SAS desde el a\u00f1o 2010, M\u00e1ster en Antropolog\u00eda F\u00edsica y Forense, Doctorada por la Universidad de Granada en el a\u00f1o 2017.Docente Invitada por la Universidad de Granada durante los cursos acad\u00e9micos 2013-2014, 2015-2016 y 2016-2017, as\u00ed mismo he sido docente para diversas Fundaciones, Instituciones y Organismos Oficiales en el \u00e1mbito de la Enfermer\u00eda,Profesora sustituta interina(PSI) en la Universidad de Ja\u00e9n desde el a\u00f1o 2018.Acreditada por las Agencias de evaluaci\u00f3n ANECA y DEVA en la figura de Ayudante Doctor. Perteneciente al Grupo de Investigaci\u00f3n\u201cGesti\u00f3n y Cuidados en Salud\u201d (CTS1021) de la Universidad de Granada. Autora y coautora de numerosos art\u00edculos, cap\u00edtulos de libros y comunicaciones a Congresos Nacionales e Internacionales. Actualmente codirijo 2 Tesis Doctorales en la Universidad de Ja\u00e9n.<\/p>\n<p><strong>L\u00edneas de investigaci\u00f3n<\/strong><\/p>\n<p>Gesti\u00f3n y Cuidados en Salud de las Infecciones de Transmisi\u00f3n sexual,Grupos vulnerables y Determinantes Sociales de la Salud.<\/p>\n<p>&nbsp;<\/p>\n<p>&nbsp;<\/p>\n","protected":false},"excerpt":{"rendered":"<p>M\u00aa \u00c1ngeles P\u00e9rez Morente. Profesora Ayudante Doctor en el Departamento de Enfermer\u00eda de la Facultad&#8230;<\/p>\n","protected":false},"author":1,"featured_media":58074,"comment_status":"closed","ping_status":"closed","sticky":false,"template":"","format":"standard","meta":{"_coblocks_attr":"","_coblocks_dimensions":"","_coblocks_responsive_height":"","_coblocks_accordion_ie_support":"","jetpack_post_was_ever_published":false,"_jetpack_newsletter_access":"","_jetpack_dont_email_post_to_subs":false,"_jetpack_newsletter_tier_id":0,"_jetpack_memberships_contains_paywalled_content":false,"_jetpack_memberships_contains_paid_content":false,"footnotes":"","jetpack_publicize_message":"","jetpack_publicize_feature_enabled":true,"jetpack_social_post_already_shared":true,"jetpack_social_options":{"image_generator_settings":{"template":"highway","default_image_id":0,"enabled":false},"version":2}},"categories":[9597,10778,6539],"tags":[81,9847,9598],"class_list":["post-58072","post","type-post","status-publish","format-standard","has-post-thumbnail","hentry","category-cientificos-atarfenos","category-feria-de-la-ciencia-atarfe","category-personajes-de-ataref","tag-atarfe","tag-atarfe-es-ciencia","tag-cientificos-atarfenos"],"jetpack_publicize_connections":[],"jetpack_featured_media_url":"https:\/\/i0.wp.com\/miradordeatarfe.es\/wp-content\/uploads\/2022\/12\/citations.jpg?fit=128%2C128&ssl=1","jetpack_likes_enabled":true,"jetpack_sharing_enabled":true,"_links":{"self":[{"href":"https:\/\/miradordeatarfe.es\/index.php?rest_route=\/wp\/v2\/posts\/58072","targetHints":{"allow":["GET"]}}],"collection":[{"href":"https:\/\/miradordeatarfe.es\/index.php?rest_route=\/wp\/v2\/posts"}],"about":[{"href":"https:\/\/miradordeatarfe.es\/index.php?rest_route=\/wp\/v2\/types\/post"}],"author":[{"embeddable":true,"href":"https:\/\/miradordeatarfe.es\/index.php?rest_route=\/wp\/v2\/users\/1"}],"replies":[{"embeddable":true,"href":"https:\/\/miradordeatarfe.es\/index.php?rest_route=%2Fwp%2Fv2%2Fcomments&post=58072"}],"version-history":[{"count":1,"href":"https:\/\/miradordeatarfe.es\/index.php?rest_route=\/wp\/v2\/posts\/58072\/revisions"}],"predecessor-version":[{"id":58077,"href":"https:\/\/miradordeatarfe.es\/index.php?rest_route=\/wp\/v2\/posts\/58072\/revisions\/58077"}],"wp:featuredmedia":[{"embeddable":true,"href":"https:\/\/miradordeatarfe.es\/index.php?rest_route=\/wp\/v2\/media\/58074"}],"wp:attachment":[{"href":"https:\/\/miradordeatarfe.es\/index.php?rest_route=%2Fwp%2Fv2%2Fmedia&parent=58072"}],"wp:term":[{"taxonomy":"category","embeddable":true,"href":"https:\/\/miradordeatarfe.es\/index.php?rest_route=%2Fwp%2Fv2%2Fcategories&post=58072"},{"taxonomy":"post_tag","embeddable":true,"href":"https:\/\/miradordeatarfe.es\/index.php?rest_route=%2Fwp%2Fv2%2Ftags&post=58072"}],"curies":[{"name":"wp","href":"https:\/\/api.w.org\/{rel}","templated":true}]}}