{"id":5811,"date":"2016-01-05T08:22:37","date_gmt":"2016-01-05T08:22:37","guid":{"rendered":"http:\/\/miradordeatarfe.es\/?p=5811"},"modified":"2016-01-04T16:20:37","modified_gmt":"2016-01-04T16:20:37","slug":"los-reyes-magos-una-tradicion-pagana","status":"publish","type":"post","link":"https:\/\/miradordeatarfe.es\/?p=5811","title":{"rendered":"Los Reyes Magos, una tradici\u00f3n pagana"},"content":{"rendered":"<p style=\"text-align: justify;\"><i>La fiesta de la &#8216;Epifan\u00eda&#8217; o de los &#8216;Santos Reyes&#8217;, como se conoce ahora, <strong>tiene su origen en Oriente y surgi\u00f3 en forma similar a la Navidad de Occidente<\/strong><\/i><!--more--><span id=\"SearchKey_Text1\" class=\"tx\"> La fiesta de la \u00abEpifan\u00eda\u00bb o de los \u00abSantos Reyes\u00bb, como se conoce ahora,<strong> tiene su origen en Oriente y surgi\u00f3 en forma similar a la Navidad de Occidente, cuando los paganos, sobre todo en Egipto, celebraban la fiesta del solsticio de invierno el 25 de diciembre y el 6 de enero el aumento de la luz.<\/strong><\/span><\/p>\n<p style=\"text-align: justify;\">En este aumento de la luminosidad solar, los cristianos vieron un s\u00edmbolo evang\u00e9lico y entonces 13 d\u00edas posteriores al 25 de diciembre, cuando tal hecho era m\u00e1s evidente, celebraban el nacimiento de Jes\u00fas. Cuando la fiesta oriental lleg\u00f3 a Occidente, por celebrarse ya la fiesta de la Navidad, de la \u00abEpifan\u00eda\u00bb, palabra de origen griego que significa manifestaci\u00f3n, revelaci\u00f3n o aparici\u00f3n, se le dio un significado diferente al original.<\/p>\n<p style=\"text-align: justify;\">As\u00ed, se solemniz\u00f3 la revelaci\u00f3n de Jes\u00fas al mundo pagano, significada en la adoraci\u00f3n de los \u00abmagos de oriente\u00bb que menciona el Evangelio de San Mateo. No obstante, los historiadores consideran que con el t\u00e9rmino \u00abmago\u00bb el disc\u00edpulo de Cristo se refer\u00eda a astr\u00f3logos o sacerdotes persas que profesaban el mazde\u00edsmo, la religi\u00f3n de Zaratustra.<\/p>\n<p style=\"text-align: justify;\">El t\u00e9rmino<strong> mago tambi\u00e9n procede del griego, de \u00abmagoi\u00bb, que significa matem\u00e1tico, astr\u00f3nomo y astr\u00f3logo<\/strong>. Es importante precisar que en esa \u00e9poca la Astrolog\u00eda y la Astronom\u00eda no estaban separadas, como sucede hoy en d\u00eda, pero gracias a las citas de San Mateo se considera a los <a class=\"SearchKey_Href\">Reyes Magos<\/a> como h\u00e1biles observadores del cielo. A su vez, <em>el t\u00edtulo de monarcas no tiene base sostenible y procede de una cita del te\u00f3logo y abogado cartagin\u00e9s Tertuliano (ca. 160-220), quien se bas\u00f3 en el texto del Salmo Proverbio para Salom\u00f3n, para otorgarles a los \u00abmagos de oriente\u00bb la calidad de reyes<\/em><\/p>\n<p style=\"text-align: justify;\">Tertuliano afirm\u00f3 que los magos deb\u00edan ser reyes que proceder\u00edan de Oriente y en los siglos siguientes la visi\u00f3n mon\u00e1rquica de estos magos se impuso y permanece hasta la actualidad.<\/p>\n<p style=\"text-align: justify;\">Por otra parte, al hablar del n\u00famero de <a class=\"SearchKey_Href\">Reyes Magos<\/a> tampoco el evangelio cita con exactitud cu\u00e1ntos eran. En distintas representaciones iconogr\u00e1ficas realizadas en templos durante los siglos III y IV aparecen dos, tres y hasta cuatro de ellos. Otras fuentes del cristianismo antiguo (sirias y armenias) pensaron en 12 reyes al relacionarlos con las 12 tribus de Israel o con los 12 ap\u00f3stoles, mientras que los cristianos egipcios cre\u00edan que eran 60.<\/p>\n<p style=\"text-align: justify;\">En el<strong> siglo tercero, el te\u00f3logo Or\u00edgenes (185-253) indic\u00f3 que los <a class=\"SearchKey_Href\">Reyes Magos<\/a> eran tres<\/strong>, debido a que fueron tres los regalos que se nombran en el evangelio de San Mateo: oro, incienso y mirra. De manera tradicional se considera que estos \u00abMagos de Oriente\u00bb eran babilonios, entre otras cosas por algunos puntos en com\u00fan con el pueblo jud\u00edo y porque el resto de Israel estaba rodeado por el Imperio Romano.<\/p>\n<p style=\"text-align: justify;\"><span id=\"SearchKey_Text2\" class=\"tx\">Sin embargo, muchos investigadores los consideran originarios de Persia (hoy Ir\u00e1n), con base en el argumento de que muchas leyendas que contiene hoy d\u00eda la fiesta de la Navidad proceden de <em>costumbres anteriores al cristianismo.<\/em> Tal es el caso de los<strong> sacerdotes persas del siglo V y VI a. C., quienes tambi\u00e9n ofrec\u00edan a su dios (Ahura-Mazda) oro, incienso y mirra.<\/strong> Un escritor espa\u00f1ol, Clemente Aurelio Prudencio, situ\u00f3 a los \u00abMagos de Oriente\u00bb en Persia, al igual que se cita en el Protoevangelio de Santiago (Evangelio Ap\u00f3crifo).<\/span><\/p>\n<p style=\"text-align: justify;\">Algunas pinturas afianzan esta posici\u00f3n, y una de las m\u00e1s famosas es un mosaico bizantino situado en la iglesia de San Apolinar el Nuevo, en Rabean, Italia, en la que est\u00e1n representados los tres reyes con sus nombres Melchor, Gaspar y Baltasar <strong>(ninguno negro<\/strong>) con una indumentaria persa compuesta por capa y gorros frigios.<\/p>\n<p style=\"text-align: justify;\">Otras leyendas con cierto contenido hist\u00f3rico dicen que los persas, al invadir Jerusal\u00e9n a principios del siglo s\u00e9ptimo, no cometieron ning\u00fan sacrilegio en la iglesia de la Natividad porque all\u00ed vieron una inscripci\u00f3n con la Adoraci\u00f3n de los <a class=\"SearchKey_Href\">Reyes Magos<\/a>, y al ver a estos con un atuendo similar al suyo declinaron atacar el templo.<\/p>\n<p style=\"text-align: justify;\">A su vez, <em>el viajero veneciano Marco Polo tambi\u00e9n escribi\u00f3<\/em>, cuando visit\u00f3 la ciudad iran\u00ed de Saveh, que sus habitantes le aseguraron que era el <em>lugar originario de los <a class=\"SearchKey_Href\">Reyes Magos<\/a><\/em> e, incluso, que a\u00fan se hallaban all\u00ed sus cuerpos incorruptos.<\/p>\n<p style=\"text-align: justify;\"><span id=\"SearchKey_Text2\" class=\"tx\">En tanto, <strong>San Agust\u00edn determin\u00f3 que los monarcas hab\u00edan llegado hasta Bel\u00e9n montados en dromedarios,<\/strong> precisi\u00f3n que se hizo para salvar una incongruencia temporal en la narraci\u00f3n de los hechos. De acuerdo a lo que narra<em> la tradici\u00f3n cristiana occidental, la estrella subi\u00f3 al cielo en el momento en que Jes\u00fas naci\u00f3, el 25 de diciembre, y los reyes llegaron desde Asia a Bel\u00e9n en 13 d\u00edas,<\/em> lo que es dif\u00edcil de creer para la \u00e9poca.<\/span><\/p>\n<p style=\"text-align: justify;\">Ante ello, San Agust\u00edn dedujo que los tres viajeros debieron montar en dromedarios, toda vez que \u00e9l era africano y sab\u00eda que eran m\u00e1s veloces que los camellos. Para el historiador italiano Franco Cardini, autor del libro \u00abLos <a class=\"SearchKey_Href\">Reyes Magos<\/a>, historia y leyenda\u00bb, estos personajes acabaron convirti\u00e9ndose en una tradici\u00f3n teol\u00f3gica e iconogr\u00e1fica occidental.<\/p>\n<p style=\"text-align: justify;\">En un s\u00edmbolo de todos los paganos que se convierten al cristianismo sin pasar por la tradici\u00f3n jud\u00eda, de tal suerte que los tres magos son los representantes de todos los pueblos de la Tierra y cada uno de ellos se transforma en rey de uno de los tres continentes conocidos y en encarnaci\u00f3n de las razas humanas.<\/p>\n<p style=\"text-align: justify;\">As\u00ed, hoy en d\u00eda se puede ver que en <em>la representaci\u00f3n tradicional de los \u00abmagos de oriente\u00bb hay un europeo, un asi\u00e1tico y un africano,<\/em> asegura el historiador, quien precisa que <strong>a partir del siglo XII y XIII se coloca ya habitualmente a un mago negro.<\/strong><\/p>\n<p style=\"text-align: justify;\">Es importante <em>d<span style=\"text-decoration: underline;\">estacar que el principal difusor del mito de los \u00abmagos de oriente\u00bb en Europa fue el emperador romano-germ\u00e1nico Federico Barbarroja, que convirti\u00f3 el culto a los <a class=\"SearchKey_Href\">Reyes Magos<\/a> y en un tema de teolog\u00eda pol\u00edtica.<\/span><\/em><\/p>\n<p style=\"text-align: justify;\">Cabe se\u00f1alar que fue <strong>Santa Helena quien reuni\u00f3 los restos de los <a class=\"SearchKey_Href\">Reyes Magos<\/a> y los llev\u00f3 a Constantinopla<\/strong>. Luego fueron llevados por<em> invasores a la Iglesia de San Eustorgio<\/em>, donde <em>Barbarroja se los apropi\u00f3 deposit\u00e1ndolos en la Catedral de Colonia,<\/em> en ese entonces una peque\u00f1a bas\u00edlica y hoy una de las mayores catedrales del mundo.<\/p>\n<p style=\"text-align: justify;\">M\u00e1s all\u00e1 de las discrepancias entre historiadores, especialistas y religiosos, lo que es un hecho es que los <a class=\"SearchKey_Href\">Reyes Magos<\/a> es un acontecimiento hist\u00f3rico que se ha mantenido vigente hasta la actualidad, como es el caso de las Cruzadas o el Imperio Romano.<\/p>\n<p style=\"text-align: justify;\">La adoraci\u00f3n a los <a class=\"SearchKey_Href\">Reyes Magos<\/a>, que inici\u00f3 en Occidente hasta el siglo V, deriv\u00f3 en<strong> la tradici\u00f3n de llevar juguetes para los m\u00e1s peque\u00f1os de la casa a mediados del siglo XIX, \u00e9poca en la que tambi\u00e9n cobr\u00f3 popularidad el escribir la famosa \u00abcarta\u00bb a los monarcas.<\/strong><\/p>\n<p style=\"text-align: justify;\">Lo <strong>menos conocido de esta tradici\u00f3n<\/strong> es que en un principio G<span style=\"text-decoration: underline;\"><em>aspar era el encargado de repartir dulces, miel y frutos frescos; Melchor ten\u00eda la encomienda de la ropa o zapatos, y Baltasar jugaba el peor papel, pues deb\u00eda de ocuparse de castigar a los ni\u00f1os traviesos dej\u00e1ndoles carb\u00f3n o le\u00f1a en vez de regalo<\/em><\/span><\/p>\n<p style=\"text-align: justify;\"><a href=\"http:\/\/www.terra.com.mx\/articulo.aspx?articuloId=178834\">http:\/\/www.terra.com.mx\/articulo.aspx?articuloId=178834<\/a><\/p>\n","protected":false},"excerpt":{"rendered":"<p>La fiesta de la &#8216;Epifan\u00eda&#8217; o de los &#8216;Santos Reyes&#8217;, como se conoce ahora, tiene&#8230;<\/p>\n","protected":false},"author":1,"featured_media":5812,"comment_status":"closed","ping_status":"closed","sticky":false,"template":"","format":"standard","meta":{"_coblocks_attr":"","_coblocks_dimensions":"","_coblocks_responsive_height":"","_coblocks_accordion_ie_support":"","jetpack_post_was_ever_published":false,"_jetpack_newsletter_access":"","_jetpack_dont_email_post_to_subs":false,"_jetpack_newsletter_tier_id":0,"_jetpack_memberships_contains_paywalled_content":false,"_jetpack_memberships_contains_paid_content":false,"footnotes":"","jetpack_publicize_message":"","jetpack_publicize_feature_enabled":true,"jetpack_social_post_already_shared":false,"jetpack_social_options":{"image_generator_settings":{"template":"highway","default_image_id":0,"enabled":false},"version":2}},"categories":[12,186,44,15],"tags":[1835,1944,1925,1943,1924],"class_list":["post-5811","post","type-post","status-publish","format-standard","has-post-thumbnail","hentry","category-cultura","category-instituciones","category-noticias-de-hoy","category-ultimas-noticias","tag-juguetes","tag-magos","tag-regalos","tag-reyes","tag-reyes-magos"],"jetpack_publicize_connections":[],"jetpack_featured_media_url":"https:\/\/i0.wp.com\/miradordeatarfe.es\/wp-content\/uploads\/2016\/01\/REYES2.jpg?fit=214%2C143&ssl=1","jetpack_likes_enabled":true,"jetpack_sharing_enabled":true,"_links":{"self":[{"href":"https:\/\/miradordeatarfe.es\/index.php?rest_route=\/wp\/v2\/posts\/5811","targetHints":{"allow":["GET"]}}],"collection":[{"href":"https:\/\/miradordeatarfe.es\/index.php?rest_route=\/wp\/v2\/posts"}],"about":[{"href":"https:\/\/miradordeatarfe.es\/index.php?rest_route=\/wp\/v2\/types\/post"}],"author":[{"embeddable":true,"href":"https:\/\/miradordeatarfe.es\/index.php?rest_route=\/wp\/v2\/users\/1"}],"replies":[{"embeddable":true,"href":"https:\/\/miradordeatarfe.es\/index.php?rest_route=%2Fwp%2Fv2%2Fcomments&post=5811"}],"version-history":[{"count":2,"href":"https:\/\/miradordeatarfe.es\/index.php?rest_route=\/wp\/v2\/posts\/5811\/revisions"}],"predecessor-version":[{"id":5814,"href":"https:\/\/miradordeatarfe.es\/index.php?rest_route=\/wp\/v2\/posts\/5811\/revisions\/5814"}],"wp:featuredmedia":[{"embeddable":true,"href":"https:\/\/miradordeatarfe.es\/index.php?rest_route=\/wp\/v2\/media\/5812"}],"wp:attachment":[{"href":"https:\/\/miradordeatarfe.es\/index.php?rest_route=%2Fwp%2Fv2%2Fmedia&parent=5811"}],"wp:term":[{"taxonomy":"category","embeddable":true,"href":"https:\/\/miradordeatarfe.es\/index.php?rest_route=%2Fwp%2Fv2%2Fcategories&post=5811"},{"taxonomy":"post_tag","embeddable":true,"href":"https:\/\/miradordeatarfe.es\/index.php?rest_route=%2Fwp%2Fv2%2Ftags&post=5811"}],"curies":[{"name":"wp","href":"https:\/\/api.w.org\/{rel}","templated":true}]}}