{"id":58124,"date":"2022-12-19T10:22:38","date_gmt":"2022-12-19T09:22:38","guid":{"rendered":"https:\/\/miradordeatarfe.es\/?p=58124"},"modified":"2022-12-18T19:22:59","modified_gmt":"2022-12-18T18:22:59","slug":"96-miradas-para-enmarcar-granada","status":"publish","type":"post","link":"https:\/\/miradordeatarfe.es\/?p=58124","title":{"rendered":"96 miradas para enmarcar Granada"},"content":{"rendered":"<h3 class=\"voc-sub-title\" style=\"text-align: justify;\">El fotoperiodista de IDEAL Ram\u00f3n L. P\u00e9rez publica &#8216;Noventa y seis&#8217;, un libro que recoge 96 retratos a granadinos emblem\u00e1ticos realizados durante los \u00faltimos ocho a\u00f1os que, adem\u00e1s, se exponen desde este martes en la Sala Zaida de Caja Rural<\/h3>\n<p class=\"voc-paragraph\" style=\"text-align: justify;\">Ram\u00f3n L. P\u00e9rez entra en el Bar C\u00e1mara y pide un descafeinado con leche sin separar los brazos del pecho. \u00abNo quer\u00eda que se mojara\u00bb, dice, conforme coloca en la mesa un paquete envuelto en papel marr\u00f3n. Dentro est\u00e1 uno de los 200 ejemplares de &#8216; <a href=\"https:\/\/www.sonambulosediciones.com\/tienda\/coleccion\/arte\/noventa-y-seis\/?v=04c19fa1e772\" data-voc-vtm-id=\"in-text-traffic\">Noventa y seis<\/a>&#8216; (Son\u00e1mbulos Ediciones, 2022), un hermoso tomo cuadrado de 280 p\u00e1ginas repletas de grises de todos los colores. Al hojearlo, resulta que el libro es el que te mira a ti: Manuel Lucena, Luis Garc\u00eda Montero, Miguel R\u00edos, Mar\u00eda Jos\u00e9 Rienda, Marina Heredia, \u00c1ngeles Orantes-Zurita, Jos\u00e9 Antonio Lorente, Antonio Arias, Pilar Dalbat, Emilio Calatayud, Mariluz Escribano, El Fandi, Lola Mar\u00edn&#8230; Noventa y seis personajes de las m\u00e1s variadas disciplinas que conforman el carisma de Granada. Noventa y seis historias tomadas a lo largo de los \u00faltimos ocho a\u00f1os.<\/p>\n<p class=\"voc-paragraph\" style=\"text-align: justify;\">\u00abUno de los primeros fue Pepe Cantero, el actor. Desde entonces, cada vez que nos vemos me dice lo mismo: \u00a1Maestro! \u2013pone voz grave\u2013. \u00bfCu\u00e1ndo vamos a ver ese libro? Y yo: pronto, pronto&#8230; y han pasado ocho a\u00f1os\u00bb, r\u00ede. Su nombre, Ram\u00f3n L. P\u00e9rez, con esa &#8216;ele&#8217; en medio tan caracter\u00edstica, es una de las <a href=\"https:\/\/www.ideal.es\/autor\/ramon-l-perez-406.html\" data-voc-vtm-id=\"in-text-traffic\">firmas habituales de IDEAL<\/a>. \u00abLlevo 38 a\u00f1os ejerciendo el fotoperiodismo. De la fotograf\u00eda me gustan todas las facetas, pero la urbana y el retrato me encantan\u00bb, apunta. En el verano de 2014, hablando con Lola Maleno, \u00abmi mujer y mi compa\u00f1era de viaje\u00bb, surgi\u00f3 la idea: \u00abUn libro de retratos que fuera algo m\u00e1s. Entonces, adem\u00e1s de las caras, se nos ocurri\u00f3 a\u00f1adir las manos. Las manos dicen mucho de la persona, las manos como transmisoras del conocimiento\u00bb.<\/p>\n<div class=\"voc-detail__cmp\" style=\"text-align: justify;\">\n<div class=\"voc-article-container\">\n<article class=\"voc-article voc-article--cmp-photo-text\">\n<div class=\"voc-img-container\">\n<div class=\"voc-horizontal voc-img-icon-link\"><img data-recalc-dims=\"1\" decoding=\"async\" class=\"lazy\" src=\"https:\/\/i0.wp.com\/static2.ideal.es\/www\/multimedia\/202212\/19\/media\/granada\/ramon-libro\/monta-4-rlp1.jpg?w=640&#038;ssl=1\" alt=\"Detalles de las fotograf\u00edas de Alfredo Amestoy, Miguel R\u00edos, Marina Heredia y Mariola Cantarero. \" data-original=\"\/\/static2.ideal.es\/www\/multimedia\/202212\/19\/media\/granada\/ramon-libro\/monta-4-rlp1.jpg\" \/><\/div>\n<p class=\"figure-caption \">Detalles de las fotograf\u00edas de Alfredo Amestoy, Miguel R\u00edos, Marina Heredia y Mariola Cantarero. \/ <span class=\"voc-photo-author\"> R. L. P. <\/span><\/p>\n<\/div>\n<\/article>\n<\/div>\n<\/div>\n<p class=\"voc-paragraph\" style=\"text-align: justify;\">El resultado es doble: &#8216;Noventa y seis&#8217;, el libro; y &#8216;Noventa y seis&#8217;, la exposici\u00f3n, que se inaugura en la Sala Zaida de Caja Rural este martes 20, a las 19.30 horas. En ambos casos, la materia prima es la misma: noventa y seis retratos y noventa y seis fotograf\u00edas de manos. \u00abCuando empec\u00e9 la lista de personas vi que no ten\u00eda fin. Hace un a\u00f1o me dije que ten\u00eda que ponerle fin porque pod\u00eda estar el resto de mi vida haciendo retratos. Me plant\u00e9 en noventa y seis\u00bb. Las im\u00e1genes, expuestas en marcos de 21&#215;30, buscan la intimidad con el espectador. \u00abSon para que te arrimes, para distancias cortas\u00bb.<\/p>\n<p class=\"voc-paragraph\" style=\"text-align: justify;\">A lo largo de las p\u00e1ginas y de los marcos, encontramos un Ram\u00f3n L. P\u00e9rez que evoluciona en su estilo. \u00abEl Ram\u00f3n de hace ocho a\u00f1os no hace los retratos que hace el Ram\u00f3n de ahora. Me veo con la mirada m\u00e1s limpia, en el sentido de ir quitando cosas que puedan estorbar, de manera que el retratado quede solo, que apenas tenga elementos que no sean de la propia persona. Y cuido mucho la iluminaci\u00f3n, para que sea lo m\u00e1s natural posible\u00bb.<\/p>\n<div class=\"voc-detail__cmp\" style=\"text-align: justify;\">\n<div class=\"voc-article-container\">\n<article class=\"voc-article voc-article--cmp-photo-text\">\n<div class=\"voc-img-container\">\n<div class=\"voc-horizontal voc-img-icon-link\"><img data-recalc-dims=\"1\" decoding=\"async\" class=\"lazy\" src=\"https:\/\/i0.wp.com\/static2.ideal.es\/www\/multimedia\/202212\/18\/media\/cortadas\/monta-manos-knWG-U1801067540849QT-624x385%40Ideal.jpg?w=640&#038;ssl=1\" alt=\"Las manos de Tato R\u00e9bora y Mariquilla. \" data-original=\"\/\/static2.ideal.es\/www\/multimedia\/202212\/18\/media\/cortadas\/monta-manos-knWG-U1801067540849QT-624x385@Ideal.jpg\" \/><\/div>\n<p class=\"figure-caption \">Las manos de Tato R\u00e9bora y Mariquilla. \/ <span class=\"voc-photo-author\"> R. L. P. <\/span><\/p>\n<\/div>\n<\/article>\n<\/div>\n<\/div>\n<div class=\"voc-detail__cmp voc-detail__cmp--title voc-detail__cmp--no-margin\" style=\"text-align: justify;\">\n<h3 class=\"voc-detail__title\">Contar a la persona<\/h3>\n<\/div>\n<p class=\"voc-paragraph\" style=\"text-align: justify;\">Uno de los motivos que impuls\u00f3 &#8216;Noventa y seis&#8217; fue suplir una de las carencias del trabajo diario: \u00abQuer\u00eda disfrutar de una hora con el personaje, sin prisa. Tiempo en el que surge la confianza, la complicidad y, al final, la foto\u00bb. As\u00ed fue con Rafael Guill\u00e9n, aquella tarde en el despacho de su casa. Ram\u00f3n le pregunt\u00f3 si segu\u00eda escribiendo a mano y \u00e9l respondi\u00f3 que no, que la artrosis no le dejaba. \u00abJusto en ese momento, peg\u00f3 la mano con artrosis en la sien. Y esa conjunci\u00f3n de cerebro y mano me encant\u00f3. Me dio la foto sobre la marcha\u00bb.<\/p>\n<div class=\"voc-detail__cmp\" style=\"text-align: justify;\">\n<div class=\"voc-article-container\">\n<article class=\"voc-article voc-article--cmp-photo-text\">\n<div class=\"voc-img-container\">\n<div class=\"voc-horizontal voc-img-icon-link\"><img data-recalc-dims=\"1\" decoding=\"async\" class=\"lazy\" src=\"https:\/\/i0.wp.com\/static.ideal.es\/www\/multimedia\/202212\/18\/media\/cortadas\/rlp-96%20%284%29-knWG-U1801067540849qcD-624x620%40Ideal.jpg?w=640&#038;ssl=1\" alt=\"Rafael Guill\u00e9n. \" data-original=\"\/\/static.ideal.es\/www\/multimedia\/202212\/18\/media\/cortadas\/rlp-96%20(4)-knWG-U1801067540849qcD-624x620@Ideal.jpg\" \/><\/div>\n<p class=\"figure-caption \">Rafael Guill\u00e9n. \/ <span class=\"voc-photo-author\"> R. L. P. <\/span><\/p>\n<\/div>\n<\/article>\n<\/div>\n<\/div>\n<p class=\"voc-paragraph\" style=\"text-align: justify;\">O aquella ma\u00f1ana con Pilar Aranda, en el sal\u00f3n de rectores. Mientras \u00e9l preparaba el equipo, ella se par\u00f3 delante de una ventana y mir\u00f3 al horizonte. \u00abPilar no te muevas, le dije. Me fij\u00e9 que ten\u00eda cuatro o cinco cuadros de rectores encima y que sus miradas apuntaban hacia donde estaba ella, todos s\u00faper serios, como diciendo \u00bfqu\u00e9 hace una mujer aqu\u00ed? Y ella con esa mirada limpia, mirando al futuro&#8230;\u00bb.<\/p>\n<div class=\"voc-detail__cmp\" style=\"text-align: justify;\">\n<div class=\"voc-article-container\">\n<article class=\"voc-article voc-article--cmp-photo-text\">\n<div class=\"voc-img-container\">\n<div class=\"voc-horizontal voc-img-icon-link\"><img data-recalc-dims=\"1\" decoding=\"async\" class=\"lazy\" src=\"https:\/\/i0.wp.com\/static3.ideal.es\/www\/multimedia\/202212\/18\/media\/cortadas\/rlp-96%20%287%29-knWG-U1801067540849qcD-624x620%40Ideal.jpg?w=640&#038;ssl=1\" alt=\"Pilar Aranda. \" data-original=\"\/\/static3.ideal.es\/www\/multimedia\/202212\/18\/media\/cortadas\/rlp-96%20(7)-knWG-U1801067540849qcD-624x620@Ideal.jpg\" \/><\/div>\n<p class=\"figure-caption \">Pilar Aranda. \/ <span class=\"voc-photo-author\"> R. L. P. <\/span><\/p>\n<\/div>\n<\/article>\n<\/div>\n<\/div>\n<p class=\"voc-paragraph\" style=\"text-align: justify;\">Porque todas, sin excepci\u00f3n, son fotograf\u00edas impregnadas por el periodismo. \u00abMi profesi\u00f3n se nota. No son retratos psicol\u00f3gicos ni retratos para que la gente se vea bonita. Es lo que yo veo como fotoperiodista, c\u00f3mo yo cuento a esa persona&#8230; \u00bfSabes? En nada cumplo 40 a\u00f1os en esto y han pasado volando. Cada d\u00eda disfruto m\u00e1s. Cada foto la hago como si fuera el \u00faltimo trabajo que voy a hacer. Me encanta mi trabajo\u00bb.<\/p>\n<p class=\"voc-paragraph\" style=\"text-align: justify;\">Entre los noventa y seis personajes hay ocho que ya no est\u00e1n con nosotros: David Zaafra, Juan de Loxa, Goyo, Miguel Morales, Tico Medina, Jorge Abarca, Melchor Saiz-Pardo y Arsacio Pe\u00f1a, el \u00faltimo en marcharse, que muri\u00f3 hace un mes a los ciento ocho a\u00f1os. \u00abA Melchor le hice la fotograf\u00eda el d\u00eda antes de su muerte\u00bb, subraya emocionado.<\/p>\n<div class=\"voc-detail__cmp\" style=\"text-align: justify;\">\n<div class=\"voc-article-container\">\n<article class=\"voc-article voc-article--cmp-photo-text\">\n<div class=\"voc-img-container\">\n<div class=\"voc-horizontal voc-img-icon-link\"><img data-recalc-dims=\"1\" decoding=\"async\" class=\"lazy\" src=\"https:\/\/i0.wp.com\/static2.ideal.es\/www\/multimedia\/202212\/18\/media\/cortadas\/rlp-96%20%281%29-knWG-U18010675408496rE-624x620%40Ideal.jpg?w=640&#038;ssl=1\" alt=\"Melchor Saiz-Pardo.\" data-original=\"\/\/static2.ideal.es\/www\/multimedia\/202212\/18\/media\/cortadas\/rlp-96%20(1)-knWG-U18010675408496rE-624x620@Ideal.jpg\" \/><\/div>\n<p class=\"figure-caption \">Melchor Saiz-Pardo. \/ <span class=\"voc-photo-author\"> R. L. P. <\/span><\/p>\n<\/div>\n<\/article>\n<\/div>\n<\/div>\n<p class=\"voc-paragraph\" style=\"text-align: justify;\">La exposici\u00f3n estar\u00e1 abierta hasta e<strong>l pr\u00f3ximo 28 de enero y el libro, hasta agotar existencias.<\/strong> Y quedan pocas oportunidades. \u00abEst\u00e1 volando. Quedan unos cuarenta que se podr\u00e1n adquirir en la exposici\u00f3n o <a href=\"https:\/\/www.sonambulosediciones.com\/tienda\/coleccion\/arte\/noventa-y-seis\/?v=04c19fa1e772\" data-voc-vtm-id=\"in-text-traffic\">en la web de Son\u00e1mbulos<\/a> (35 euros). La verdad es que estoy encantando con el libro, es un tesoro. Daniel Fajardo, Joaqu\u00edn Puga y Javier Bozalongo han hecho un trabajo excepcional. Tambi\u00e9n gracias a Jos\u00e9 E. Cabrero, por ordenar mis palabras. Gracias a Caja Rural, que ha confiado en el proyecto desde el principio. Gracias a las 96 personas que lo han hecho realidad. Y gracias a Lola, que siempre est\u00e1 en mi camino\u00bb.<\/p>\n<p class=\"voc-paragraph\" style=\"text-align: justify;\">Tras hacerle la foto a Miguel Moreno, Ram\u00f3n volvi\u00f3 a su casa para entregarle la foto enmarcada. El escultor, al verla, llor\u00f3. \u00abEs la primera vez que me veo en una foto, me dijo. Nos dimos un abrazo. No hay mejor pago\u00bb, termina Ram\u00f3n L. P\u00e9rez.<\/p>\n<p style=\"text-align: justify;\">\u00a0<\/p>\n<p style=\"text-align: justify;\"><strong>JOS\u00c9 E. CABRERO<\/strong><\/p>\n<div class=\"voc-article-container\" style=\"text-align: justify;\">\n<article class=\"voc-article voc-article--detail voc-article--detail--reportaje-plus voc-article--photo-bottom\">\n<div class=\"voc-img-container  \">\n<p class=\"figure-caption\"><span class=\"voc-photo-caption\">FOTO: Algunos de los retratados por Ram\u00f3n L. P\u00e9rez, autor de la exposici\u00f3n. \/ <\/span><span class=\"voc-photo-author\">Joaqu\u00edn Puga<\/span><\/p>\n<\/div>\n<div class=\"voc-info-container\">\u00a0<\/div>\n<\/article>\n<\/div>\n<div class=\"voc-grid voc-grid--ab-c voc-grid--col-2-hidden-sm voc-grid--tablet-like-mobile\">\n<div class=\"voc-grid__col\">\n<div class=\"voc-detail\" data-voc-share-selection=\"\">\n<div class=\"voc-author-timesocial \">\n<div class=\"voc-author-timesocial__signature\"><picture class=\"voc-image-signature\"><\/picture>\n<div class=\"voc-author-timesocial__info\">\n<div class=\"voc-author-info\" style=\"text-align: justify;\">https:\/\/www.ideal.es\/culturas\/miradas-enmarcar-granada-20221218175509-nt.html#vca=web-push&amp;vso=ideal&amp;vmc=FOTOGRAF%C3%8DA&amp;vli=_<\/div>\n<\/div>\n<\/div>\n<\/div>\n<\/div>\n<\/div>\n<\/div>\n","protected":false},"excerpt":{"rendered":"<p>El fotoperiodista de IDEAL Ram\u00f3n L. P\u00e9rez publica &#8216;Noventa y seis&#8217;, un libro que recoge&#8230;<\/p>\n","protected":false},"author":1,"featured_media":58125,"comment_status":"closed","ping_status":"closed","sticky":false,"template":"","format":"standard","meta":{"_coblocks_attr":"","_coblocks_dimensions":"","_coblocks_responsive_height":"","_coblocks_accordion_ie_support":"","jetpack_post_was_ever_published":false,"_jetpack_newsletter_access":"","_jetpack_dont_email_post_to_subs":false,"_jetpack_newsletter_tier_id":0,"_jetpack_memberships_contains_paywalled_content":false,"_jetpack_memberships_contains_paid_content":false,"footnotes":"","jetpack_publicize_message":"","jetpack_publicize_feature_enabled":true,"jetpack_social_post_already_shared":true,"jetpack_social_options":{"image_generator_settings":{"template":"highway","default_image_id":0,"enabled":false},"version":2}},"categories":[1161,44,15],"tags":[236,2918,9852],"class_list":["post-58124","post","type-post","status-publish","format-standard","has-post-thumbnail","hentry","category-ciudadania","category-noticias-de-hoy","category-ultimas-noticias","tag-fotografia","tag-granadinos","tag-ramon-l-perez"],"jetpack_publicize_connections":[],"jetpack_featured_media_url":"https:\/\/i0.wp.com\/miradordeatarfe.es\/wp-content\/uploads\/2022\/12\/ramon-khZB-U180106754084959C-984x608%40Ideal.jpg?fit=978%2C608&ssl=1","jetpack_likes_enabled":true,"jetpack_sharing_enabled":true,"_links":{"self":[{"href":"https:\/\/miradordeatarfe.es\/index.php?rest_route=\/wp\/v2\/posts\/58124","targetHints":{"allow":["GET"]}}],"collection":[{"href":"https:\/\/miradordeatarfe.es\/index.php?rest_route=\/wp\/v2\/posts"}],"about":[{"href":"https:\/\/miradordeatarfe.es\/index.php?rest_route=\/wp\/v2\/types\/post"}],"author":[{"embeddable":true,"href":"https:\/\/miradordeatarfe.es\/index.php?rest_route=\/wp\/v2\/users\/1"}],"replies":[{"embeddable":true,"href":"https:\/\/miradordeatarfe.es\/index.php?rest_route=%2Fwp%2Fv2%2Fcomments&post=58124"}],"version-history":[{"count":1,"href":"https:\/\/miradordeatarfe.es\/index.php?rest_route=\/wp\/v2\/posts\/58124\/revisions"}],"predecessor-version":[{"id":58126,"href":"https:\/\/miradordeatarfe.es\/index.php?rest_route=\/wp\/v2\/posts\/58124\/revisions\/58126"}],"wp:featuredmedia":[{"embeddable":true,"href":"https:\/\/miradordeatarfe.es\/index.php?rest_route=\/wp\/v2\/media\/58125"}],"wp:attachment":[{"href":"https:\/\/miradordeatarfe.es\/index.php?rest_route=%2Fwp%2Fv2%2Fmedia&parent=58124"}],"wp:term":[{"taxonomy":"category","embeddable":true,"href":"https:\/\/miradordeatarfe.es\/index.php?rest_route=%2Fwp%2Fv2%2Fcategories&post=58124"},{"taxonomy":"post_tag","embeddable":true,"href":"https:\/\/miradordeatarfe.es\/index.php?rest_route=%2Fwp%2Fv2%2Ftags&post=58124"}],"curies":[{"name":"wp","href":"https:\/\/api.w.org\/{rel}","templated":true}]}}