{"id":58130,"date":"2022-12-20T10:45:01","date_gmt":"2022-12-20T09:45:01","guid":{"rendered":"https:\/\/miradordeatarfe.es\/?p=58130"},"modified":"2022-12-20T12:52:09","modified_gmt":"2022-12-20T11:52:09","slug":"atarfe-el-martos-prolonga-su-buen-momento-asaltando-el-municipal-de-atarfe-2-3","status":"publish","type":"post","link":"https:\/\/miradordeatarfe.es\/?p=58130","title":{"rendered":"ATARFE: El Martos prolonga su buen momento &#8216;asaltando&#8217; el Municipal de Atarfe, 2-3"},"content":{"rendered":"<h3 style=\"text-align: justify;\">El conjunto atarfe\u00f1o se vio sorprendido por la buena din\u00e1mica del conjunto jienense<\/h3>\n<p style=\"text-align: justify;\">Casi un a\u00f1o llevaba el Atarfe sin perder en casa, desde que lo hizo la pasada temporada ante la UD Maracena. El partido estuvo marcado por la igualdad y las ocasiones para haber acabado con cualquier otro resultado. Pero fueron los errores defensivos resultaron decisivos.\u00a0<\/p>\n<p style=\"text-align: justify;\">Los primeros veinte minutos no ofrecieron demasiado con ambos equipos tante\u00e1ndose y tratando de imponer sus estilos. S\u00f3lo a bal\u00f3n parado se pueden rescatar dos remates locales, uno muy claro de Chavo que envi\u00f3 su cabezazo, en muy buena posici\u00f3n, a las manos de Nauzet. Por parte visitante un lanzamiento lejano puso en aprietos a Pablo que no pudo atajar en primera instancia\u00a0 pero si en el posterior rechace evitando el 0-1 tras el remate forzado de Jairo. El partido cambi\u00f3 por completo en los muy movidos \u00faltimos quince minutos del primer acto, con una sucesi\u00f3n de ocasiones. Primero Carrillo elude el fuera de juego y se plant\u00f3 solo ante Pablo, pero su intento de vaselina se marcha fuera por poco. En el minuto 35 lleg\u00f3 la mejor del Atarfe tras un centro perfecto de Humberto desde la derecha y cabezazo de Toni al larguero. En el minuto 40 lleg\u00f3 el 0-1, en una falta a favor del Atarfe el rechace de la defensa marte\u00f1a que llega a la l\u00ednea de medio campo y Rafa en su intento de ceder a su portero le regala el bal\u00f3n a Nico, que dribla a Pablo en su salida y marca a placer. Poco antes del descanso Osuna yerra un remate de cabeza que debi\u00f3 de ser el empate pero la mand\u00f3 alta.\u00a0<\/p>\n<p style=\"text-align: justify;\">La segunda mitad arranc\u00f3 con un ligero dominio local, pero el Martos no concedi\u00f3 pr\u00e1cticamente nada y sigui\u00f3 conservando con cierta solvencia su m\u00ednima ventaja. En el minuto 65 logr\u00f3 ampliar la renta cuando Castillo remat\u00f3 en el primer y muy suelto, una falta desde la l\u00ednea de fondo. A falta de diez minutos, otro error defensivo lo aprovech\u00f3 Molina para, dejar pr\u00e1cticamente sentenciado el parti8. Fue en la recta final cuando un Martos algo relajado se dej\u00f3 sorprender por Rodelas que anot\u00f3 el 1-3 rematando un centro desde la derecha y sin dejar caer la pelota para colocarla en el fondo de la red. Osuna remat\u00f3 un centro de Dani Torres para darle emoci\u00f3n a los minutos de descuento. Fue entonces cuando el Martos cerr\u00f3 filas. El Atarfe se lanz\u00f3 a la desesperada por el empate pero este no lleg\u00f3.\u00a0<\/p>\n<div class=\"foto\"><a id=\"single_image\" title=\"\ufffdlex Ortega intenta irse de David Horno (JOS\ufffd M. BALDOMERO) \" href=\"https:\/\/i0.wp.com\/www.granadaenjuego.com\/ficheros\/202212\/imagen50607_1_original.jpg?ssl=1\"> <img data-recalc-dims=\"1\" decoding=\"async\" title=\"\ufffdlex Ortega intenta irse de David Horno (JOS\ufffd M. BALDOMERO) \" src=\"https:\/\/i0.wp.com\/www.granadaenjuego.com\/ficheros\/202212\/imagen50607_1_original.jpg?w=640&#038;ssl=1\" alt=\"\ufffdlex Ortega intenta irse de David Horno (JOS\ufffd M. BALDOMERO) \" \/> <\/a><\/p>\n<div class=\"piefotobig\"><i>\u00c1lex Ortega intenta irse de David Horno (JOS\u00c9 M. BALDOMERO) <\/i><\/div>\n<\/div>\n<p><strong>ATARFE INDUSTRIAL CF: <\/strong>Pablito, Humberto (Iker 78&#8242;), Rafa Ortiz (Dani Torres 78&#8242;), Najib, Chavo, \u00c1lvaro, Himar (Javi Rodelas 72&#8242;), Sergio (Jorge Ruiz 67&#8242;), Toni, \u00c1lex Ortega y Rub\u00e9n Osuna<\/p>\n<p><strong>MARTOS CLUB DEPORTIVO:<\/strong> Nauzet, Roberto, David Horno (Juan Chispas 49&#8242;), \u00c1lex, Jairo (Alex Moreno 93&#8242;), Carrillo (David Carrillo 88&#8242;), Nico, \u00c1lvaro Jandra (Jos\u00e9 Molina 65&#8242;), Julio D\u00edaz, Jes\u00fas de la Torre (Chanes 59&#8242;) y Ram\u00f3n<\/p>\n<p><strong>GOLES: <\/strong>0-1, Nico (41&#8242;); 0-2, \u00c1lex (65&#8242;); 0-3, Jos\u00e9 Molina (78&#8242;); 1-3, Javi Rodelas (81&#8242;); 2-3, Rub\u00e9n Osuna (91&#8242;);<\/p>\n<p><strong>\u00c1RBITRO: <\/strong>Renard Solanes, David (Almer\u00eda). Amonest\u00f3 por los locales a Toni, Pablito, Chavo y por los visitantes a \u00c1lex, David Carrillo, Juan Chispas, Jes\u00fas de la Torre.<\/p>\n<p><strong>INCIDENCIAS: <\/strong>Encuentro disputado en el Municipal de Atarfe ante unos 150 espectadores.\u00a0<\/p>\n<p>REDACCI\u00d3N DE GRANADA EN JUEGO<\/p>\n<p>FOTO: <i>Humberto avanza con el bal\u00f3n (JOS\u00c9 M. BALDOMERO) <\/i><\/p>\n<p>https:\/\/www.granadaenjuego.com\/atarfe-industrial-\/el-martos-prolonga-su-buen-momento-asaltando-el-municipal-de-atarfe&#8211;2-3<\/p>\n<p><img data-recalc-dims=\"1\" decoding=\"async\" src=\"https:\/\/i0.wp.com\/i.ibb.co\/FwB4BP4\/image-4.jpg?w=640&#038;ssl=1\" alt=\"\" \/><\/p>\n<p>&nbsp;<\/p>\n<div class=\"limpia\">\u00a0<\/div>\n","protected":false},"excerpt":{"rendered":"<p>El conjunto atarfe\u00f1o se vio sorprendido por la buena din\u00e1mica del conjunto jienense Casi un&#8230;<\/p>\n","protected":false},"author":1,"featured_media":58131,"comment_status":"closed","ping_status":"closed","sticky":false,"template":"","format":"standard","meta":{"_coblocks_attr":"","_coblocks_dimensions":"","_coblocks_responsive_height":"","_coblocks_accordion_ie_support":"","jetpack_post_was_ever_published":false,"_jetpack_newsletter_access":"","_jetpack_dont_email_post_to_subs":false,"_jetpack_newsletter_tier_id":0,"_jetpack_memberships_contains_paywalled_content":false,"_jetpack_memberships_contains_paid_content":false,"footnotes":"","jetpack_publicize_message":"","jetpack_publicize_feature_enabled":true,"jetpack_social_post_already_shared":false,"jetpack_social_options":{"image_generator_settings":{"template":"highway","default_image_id":0,"enabled":false},"version":2}},"categories":[2,1161,182,44,15],"tags":[4389,322,666],"class_list":["post-58130","post","type-post","status-publish","format-standard","has-post-thumbnail","hentry","category-atarfe","category-ciudadania","category-deportes","category-noticias-de-hoy","category-ultimas-noticias","tag-atarfe-industrial-c-f","tag-deporte","tag-futbol"],"jetpack_publicize_connections":[],"jetpack_featured_media_url":"https:\/\/i0.wp.com\/miradordeatarfe.es\/wp-content\/uploads\/2022\/12\/imagen50607_0_original.jpg?fit=665%2C441&ssl=1","jetpack_likes_enabled":true,"jetpack_sharing_enabled":true,"_links":{"self":[{"href":"https:\/\/miradordeatarfe.es\/index.php?rest_route=\/wp\/v2\/posts\/58130","targetHints":{"allow":["GET"]}}],"collection":[{"href":"https:\/\/miradordeatarfe.es\/index.php?rest_route=\/wp\/v2\/posts"}],"about":[{"href":"https:\/\/miradordeatarfe.es\/index.php?rest_route=\/wp\/v2\/types\/post"}],"author":[{"embeddable":true,"href":"https:\/\/miradordeatarfe.es\/index.php?rest_route=\/wp\/v2\/users\/1"}],"replies":[{"embeddable":true,"href":"https:\/\/miradordeatarfe.es\/index.php?rest_route=%2Fwp%2Fv2%2Fcomments&post=58130"}],"version-history":[{"count":1,"href":"https:\/\/miradordeatarfe.es\/index.php?rest_route=\/wp\/v2\/posts\/58130\/revisions"}],"predecessor-version":[{"id":58132,"href":"https:\/\/miradordeatarfe.es\/index.php?rest_route=\/wp\/v2\/posts\/58130\/revisions\/58132"}],"wp:featuredmedia":[{"embeddable":true,"href":"https:\/\/miradordeatarfe.es\/index.php?rest_route=\/wp\/v2\/media\/58131"}],"wp:attachment":[{"href":"https:\/\/miradordeatarfe.es\/index.php?rest_route=%2Fwp%2Fv2%2Fmedia&parent=58130"}],"wp:term":[{"taxonomy":"category","embeddable":true,"href":"https:\/\/miradordeatarfe.es\/index.php?rest_route=%2Fwp%2Fv2%2Fcategories&post=58130"},{"taxonomy":"post_tag","embeddable":true,"href":"https:\/\/miradordeatarfe.es\/index.php?rest_route=%2Fwp%2Fv2%2Ftags&post=58130"}],"curies":[{"name":"wp","href":"https:\/\/api.w.org\/{rel}","templated":true}]}}