{"id":58136,"date":"2022-12-20T09:25:02","date_gmt":"2022-12-20T08:25:02","guid":{"rendered":"https:\/\/miradordeatarfe.es\/?p=58136"},"modified":"2022-12-19T19:33:48","modified_gmt":"2022-12-19T18:33:48","slug":"la-educacion-de-los-granadinos-primeros-en-estudios-superiores-y-ultimos-en-primaria","status":"publish","type":"post","link":"https:\/\/miradordeatarfe.es\/?p=58136","title":{"rendered":"La educaci\u00f3n de los granadinos: primeros en estudios superiores y \u00faltimos en Primaria"},"content":{"rendered":"<h3 style=\"text-align: justify;\">La capital lidera el nivel acad\u00e9mico entre las principales ciudades auton\u00f3micas, con casi el 40% de sus habitantes con estudios superiores<\/h3>\n<p class=\"mce\" style=\"text-align: justify;\">La \u00faltima actualizaci\u00f3n del censo publicada por el Instituto Nacional de Estad\u00edstica (INE) aporta datos interesantes adem\u00e1s\u00a0<a class=\"mce\" href=\"https:\/\/www.granadahoy.com\/granada\/Censo-Granada-Area-Metropolitana-detrimento_0_1743426380.html\">del n\u00famero de habitantes de cada municipio de Granada<\/a>. Los datos, bien entendidos, pueden ser un an\u00e1lisis sociol\u00f3gico de la provincia, pudiendo por ejemplo descubrir el nivel de estudio de los censados en el territorio. As\u00ed, la capital lidera el nivel acad\u00e9mico entre las principales ciudades de Andaluc\u00eda, pues son\u00a0<strong class=\"mce\">90.431 personas con estudios superiores<\/strong> (38,7%), a bastante distancia de los\u00a037.828 de C\u00e1diz, en segundo lugar.\u00a0<\/p>\n<p class=\"mce\" style=\"text-align: justify;\">Los datos sobre el nivel de estudios\u00a0sit\u00faan<strong class=\"mce\">\u00a0<\/strong>a Granada<strong class=\"mce\"> por encima de la media nacional <\/strong>(31,8%), aunque muy lejos de las localidades con mejor formaci\u00f3n, que se ubican en el cintur\u00f3n residencial de Madrid y Barcelona, con cifras que superan al 60% de la poblaci\u00f3n.<\/p>\n<p class=\"mce\" style=\"text-align: justify;\">A un nivel m\u00e1s interno, la capital tambi\u00e9n <strong class=\"mce\">supera c\u00f3modamente a los principales municipios de la provincia.<\/strong> As\u00ed, el 38% de los estudiantes capitalinos duplican los\u00a07.378 armilleros (30,2%) la segunda clasificada; Motril, con 58.723 personas (19,1%), se lleva el bronce.\u00a0<\/p>\n<p class=\"mce\" style=\"text-align: justify;\">En este liderato, sin duda, juega <strong class=\"mce\">un papel fundamental la Universidad de Granada<\/strong>, como un im\u00e1n para atraer poblaci\u00f3n, ya sea para estudiar alg\u00fan grado o m\u00e1ster que oferte la instituci\u00f3n o para trabajar en ella, una relaci\u00f3n que bien puede durar los cuatro a\u00f1os del grado o bien prolongarse en el tiempo. De hecho, los datos del INE reflejan que un 17,6% de los granadinos nacieron en un lugar diferente, pero dentro de la provincia, al que resid\u00edan en 2021; por su parte, un 10,4% de los censados en al capital hab\u00edan nacido en otra provincia andaluza.\u00a0<\/p>\n<p class=\"mce\" style=\"text-align: justify;\">No solo eso, seg\u00fan la \u00faltima informaci\u00f3n del censo, en la ciudad de Granada hay <strong class=\"mce\">27.283 personas (11,6%) que no nacieron en Espa\u00f1a pero que actualmente viven en la capital,<\/strong> mientras que un 8,4% del censo naci\u00f3 fuera de Andaluc\u00eda pese a que actualmente residan en la ciudad de la Alhambra.<\/p>\n<p class=\"mce\" style=\"text-align: justify;\">Siguiendo con la nacionalidad, de los 90.431 granadinos con estudios superiores, <strong class=\"mce\">apenas un 6%<\/strong> (5.686) <strong class=\"mce\">tienen nacionalidad extranjera,<\/strong> mientras que el resto (84.745) tienen la espa\u00f1ola. Estos porcentajes se repiten en el resto de municipios m\u00e1s poblados de la provincia, siendo principalmente nacionales los estudiantes superiores.<\/p>\n<p class=\"mce\" style=\"text-align: justify;\">Una estad\u00edstica que se repite tambi\u00e9n en el resto de estudios, no solo los superiores, algo por otra parte l\u00f3gico teniendo en cuenta que, seg\u00fan la \u00faltima actualizaci\u00f3n del censo, los granadinos con nacionalidad extranjera son menos en la provincia.\u00a0<\/p>\n<h2 class=\"mce\" style=\"text-align: justify;\">Los \u00faltimos en Educaci\u00f3n Primaria<\/h2>\n<p class=\"mce\" style=\"text-align: justify;\">La situaci\u00f3n, eso s\u00ed, es muy distintita si miramos al principio de la vida acad\u00e9mica. Con un 11,2%, <strong class=\"mce\">la capital es la \u00faltima de la cola <\/strong>entre las capitales andaluzas<strong class=\"mce\"> en personas con Educaci\u00f3n Primaria o Inferior,<\/strong> en una clasificaci\u00f3n que lidera Almer\u00eda, con el 16,1% de su poblaci\u00f3n (32.274).\u00a0<\/p>\n<p class=\"mce\" style=\"text-align: justify;\">A <strong class=\"mce\">nivel provincial<\/strong> tambi\u00e9n ocurre algo parecido, pues solo Las Gabias (9,3%) tiene menos censados con estudios de Educaci\u00f3n Primaria que la capital. En este caso, es Loja (20,5%) el principal municipio en cuanto a este criterio, a no mucha distancia de los 19,1% de Salobre\u00f1a, que a su vez se encuentra a poca distancia de los 18,3% de Motril.<\/p>\n<p class=\"mce\" style=\"text-align: justify;\">Donde peor sale parada la capital es l<strong class=\"mce\">a primera etapa de la educaci\u00f3n secundaria<\/strong> (ESO o equivalente), pues es la \u00faltima entre las grandes urbes de la provincia con solo el 19,1% de su censo con este nivel de estudios, muy por detr\u00e1s de Armilla (24,7) la \u00faltima en la clasificaci\u00f3n. La situaci\u00f3n mejora en la segunda etapa (Bachiller o equivalente), donde con un 17,5% la capital se encuentra en la zona media de la provincia, en un ranking que lidera ahora Las Gabias (18,8%) y cierra Loja (12,7%).\u00a0<\/p>\n<div class=\"pg-media\">\n<h3 class=\"image-holder\" style=\"text-align: justify;\"><span class=\"obj-img hmedia\"><small><\/small><small class=\"author\"><strong>Miguel Navas<\/strong> <\/small>\u00a0<\/span><\/h3>\n<h5 class=\"footnote\" style=\"text-align: justify;\">FOTO:Primera graduaci\u00f3n del doble grado en Matem\u00e1ticas y F\u00edsica en la UGR <wbr \/> \/ <span class=\"source\">Antonio L. Ju\u00e1rez \/ Photographerssports<\/span><\/h5>\n<p style=\"text-align: justify;\">https:\/\/www.granadahoy.com\/granada\/educacion-granadinos-primeros-estudios-superiores_0_1744026249.html<\/p>\n<p style=\"text-align: justify;\">\u00a0<\/p>\n<\/div>\n<div class=\"pg-body\">\n<section class=\"nws-data\">\n<p class=\"byline\">\u00a0<\/p>\n<\/section>\n<\/div>\n","protected":false},"excerpt":{"rendered":"<p>La capital lidera el nivel acad\u00e9mico entre las principales ciudades auton\u00f3micas, con casi el 40%&#8230;<\/p>\n","protected":false},"author":1,"featured_media":58137,"comment_status":"closed","ping_status":"closed","sticky":false,"template":"","format":"standard","meta":{"_coblocks_attr":"","_coblocks_dimensions":"","_coblocks_responsive_height":"","_coblocks_accordion_ie_support":"","jetpack_post_was_ever_published":false,"_jetpack_newsletter_access":"","_jetpack_dont_email_post_to_subs":false,"_jetpack_newsletter_tier_id":0,"_jetpack_memberships_contains_paywalled_content":false,"_jetpack_memberships_contains_paid_content":false,"footnotes":"","jetpack_publicize_message":"","jetpack_publicize_feature_enabled":true,"jetpack_social_post_already_shared":true,"jetpack_social_options":{"image_generator_settings":{"template":"highway","default_image_id":0,"enabled":false},"version":2}},"categories":[187,1161,44,15],"tags":[930,9856],"class_list":["post-58136","post","type-post","status-publish","format-standard","has-post-thumbnail","hentry","category-centros-educativos","category-ciudadania","category-noticias-de-hoy","category-ultimas-noticias","tag-estudios","tag-nivel-de-estudios"],"jetpack_publicize_connections":[],"jetpack_featured_media_url":"https:\/\/i0.wp.com\/miradordeatarfe.es\/wp-content\/uploads\/2022\/12\/Primera-graduacion-Matematicas-Fisica-UGR_1744035877_171833627_667x375.jpg?fit=667%2C375&ssl=1","jetpack_likes_enabled":true,"jetpack_sharing_enabled":true,"_links":{"self":[{"href":"https:\/\/miradordeatarfe.es\/index.php?rest_route=\/wp\/v2\/posts\/58136","targetHints":{"allow":["GET"]}}],"collection":[{"href":"https:\/\/miradordeatarfe.es\/index.php?rest_route=\/wp\/v2\/posts"}],"about":[{"href":"https:\/\/miradordeatarfe.es\/index.php?rest_route=\/wp\/v2\/types\/post"}],"author":[{"embeddable":true,"href":"https:\/\/miradordeatarfe.es\/index.php?rest_route=\/wp\/v2\/users\/1"}],"replies":[{"embeddable":true,"href":"https:\/\/miradordeatarfe.es\/index.php?rest_route=%2Fwp%2Fv2%2Fcomments&post=58136"}],"version-history":[{"count":1,"href":"https:\/\/miradordeatarfe.es\/index.php?rest_route=\/wp\/v2\/posts\/58136\/revisions"}],"predecessor-version":[{"id":58138,"href":"https:\/\/miradordeatarfe.es\/index.php?rest_route=\/wp\/v2\/posts\/58136\/revisions\/58138"}],"wp:featuredmedia":[{"embeddable":true,"href":"https:\/\/miradordeatarfe.es\/index.php?rest_route=\/wp\/v2\/media\/58137"}],"wp:attachment":[{"href":"https:\/\/miradordeatarfe.es\/index.php?rest_route=%2Fwp%2Fv2%2Fmedia&parent=58136"}],"wp:term":[{"taxonomy":"category","embeddable":true,"href":"https:\/\/miradordeatarfe.es\/index.php?rest_route=%2Fwp%2Fv2%2Fcategories&post=58136"},{"taxonomy":"post_tag","embeddable":true,"href":"https:\/\/miradordeatarfe.es\/index.php?rest_route=%2Fwp%2Fv2%2Ftags&post=58136"}],"curies":[{"name":"wp","href":"https:\/\/api.w.org\/{rel}","templated":true}]}}