{"id":58139,"date":"2022-12-20T10:00:54","date_gmt":"2022-12-20T09:00:54","guid":{"rendered":"https:\/\/miradordeatarfe.es\/?p=58139"},"modified":"2022-12-19T19:39:52","modified_gmt":"2022-12-19T18:39:52","slug":"andalucia-comenzara-la-proxima-semana-a-vacunar-con-la-cuarta-dosis-a-las-personas-menores-de-60-anos-que-lo-soliciten","status":"publish","type":"post","link":"https:\/\/miradordeatarfe.es\/?p=58139","title":{"rendered":"Andaluc\u00eda comenzar\u00e1 la pr\u00f3xima semana a vacunar con la cuarta dosis a las personas menores de 60 a\u00f1os que lo soliciten"},"content":{"rendered":"<h3>Despu\u00e9s de que la Comisi\u00f3n de Salud P\u00fablica, en la que est\u00e1n representadas comunidades auton\u00f3mas y Ministerio de Sanidad, avalara la medida.<\/h3>\n<div class=\"cuerpo\">\n<p style=\"text-align: justify;\">Andaluc\u00eda comenzar\u00e1 la pr\u00f3xima semana a inocular la cuarta dosis de la vacuna contra la Covid-19 a las personas menores de 60 a\u00f1os sin factores de riesgo, y siempre que no haya una contraindicaci\u00f3n, una decisi\u00f3n avalada este jueves por la Comisi\u00f3n de Salud P\u00fablica, en la que est\u00e1n representados el Ministerio de Sanidad y las comunidades aut\u00f3nomas.<\/p>\n<p style=\"text-align: justify;\">As\u00ed lo han indicado a <em>Europa Press<\/em> fuentes de la Consejer\u00eda de Salud y Consumo, que han recordado que en la instrucci\u00f3n de vacunaci\u00f3n para la campa\u00f1a de oto\u00f1o-invierno contra la gripe y el covid ya se dijo que a partir de diciembre, en funci\u00f3n de la disponibilidad de las dosis, se abrir\u00eda la posibilidad de vacunaci\u00f3n para los convivientes en el hogar con personas de 65 a\u00f1os o m\u00e1s o personas de riesgo o para personas sin factores de riesgo que quisieran vacunarse. Esta medida ya era habitual en las campa\u00f1as de vacunaci\u00f3n de gripe y ahora se hace extensible tambi\u00e9n a la covid.<\/p>\n<p style=\"text-align: justify;\">El pasado 3 de octubre, Andaluc\u00eda comenz\u00f3 la vacunaci\u00f3n frente a la gripe y la administraci\u00f3n de la cuarta dosis contra el Covid-19 a las personas internas en centros residenciales de mayores y centros de discapacidad, a la poblaci\u00f3n mayor de 80 a\u00f1os y al personal y estudiantes en pr\u00e1cticas de los centros sanitarios y sociosanitarios.<\/p>\n<p style=\"text-align: justify;\">Dos semanas m\u00e1s tardes, comenzaron a recibir la vacuna de gripe y covid las personas entre 65 y 79 a\u00f1os, al igual que aquellos entre los cinco y los 64 a\u00f1os con patolog\u00edas cr\u00f3nicas, embarazadas, grandes dependientes y sus cuidadores, y desde el 24 de octubre pueden vacunarse contra el coronavirus las personas con edad entre los 60 y 64 a\u00f1os.<\/p>\n<p class=\"sumari\" style=\"text-align: justify;\">La comunidad andaluza supera, seg\u00fan el \u00faltimo informe del 13 de diciembre presentado por Salud, los 20 millones de vacunas administradas frente al Covid-19 desde el inicio de la pandemia, lo que supone que hayan recibido al menos una dosis el 90,11 por ciento de la poblaci\u00f3n general, el 96,80 por ciento de los mayores de 12 a\u00f1os y el 94,10 por ciento de los mayores de cinco a\u00f1os<\/p>\n<p style=\"text-align: justify;\">Aquellas personas interesadas pueden solicitar cita por los canales habituales como son la web ClicSalud+, la App de Salud Andaluc\u00eda y Salud Responde, v\u00eda telef\u00f3nica por Salud Responde o contactando con su centro sanitario.<\/p>\n<p style=\"text-align: justify;\">La comunidad andaluza supera, seg\u00fan el \u00faltimo informe del 13 de diciembre presentado por Salud, los 20 millones de vacunas administradas frente al Covid-19 desde el inicio de la pandemia, lo que supone que hayan recibido al menos una dosis el 90,11 por ciento de la poblaci\u00f3n general, el 96,80 por ciento de los mayores de 12 a\u00f1os y el 94,10 por ciento de los mayores de cinco a\u00f1os.<\/p>\n<p style=\"text-align: justify;\">Asimismo, el 88,28 por ciento de la poblaci\u00f3n general en Andaluc\u00eda cuenta con la pauta de primovacunaci\u00f3n completa, as\u00ed como el 95,53 por ciento de los mayores de 12 a\u00f1os y el 92,18 por ciento de los mayores de cinco. Adem\u00e1s, se han puesto 1.234.272 dosis de recuerdo Covid-19 desde el comienzo de la campa\u00f1a de oto\u00f1o 2022 el pasado 3 de octubre.<\/p>\n<p><strong>EL INDEPENDIENTE DE GRANADA<\/strong><\/p>\n<div style=\"text-align: justify;\">FOTO: Una enfermera vacuna a un hombre contra la gripe y el Covid.<\/div>\n<div>\u00a0<\/div>\n<div>http:\/\/www.elindependientedegranada.es\/ciudadania\/andalucia-comenzara-proxima-semana-vacunar-con-cuarta-dosis-personas-menores-60-anos-que<\/div>\n<\/div>\n<div>\n<div id=\"disqus_thread\" style=\"text-align: justify;\">\u00a0<\/div>\n<\/div>\n","protected":false},"excerpt":{"rendered":"<p>Despu\u00e9s de que la Comisi\u00f3n de Salud P\u00fablica, en la que est\u00e1n representadas comunidades auton\u00f3mas&#8230;<\/p>\n","protected":false},"author":1,"featured_media":58140,"comment_status":"closed","ping_status":"closed","sticky":false,"template":"","format":"standard","meta":{"_coblocks_attr":"","_coblocks_dimensions":"","_coblocks_responsive_height":"","_coblocks_accordion_ie_support":"","jetpack_post_was_ever_published":false,"_jetpack_newsletter_access":"","_jetpack_dont_email_post_to_subs":false,"_jetpack_newsletter_tier_id":0,"_jetpack_memberships_contains_paywalled_content":false,"_jetpack_memberships_contains_paid_content":false,"footnotes":"","jetpack_publicize_message":"","jetpack_publicize_feature_enabled":true,"jetpack_social_post_already_shared":true,"jetpack_social_options":{"image_generator_settings":{"template":"highway","default_image_id":0,"enabled":false},"version":2}},"categories":[1161,7149,44,15,10],"tags":[172,804],"class_list":["post-58139","post","type-post","status-publish","format-standard","has-post-thumbnail","hentry","category-ciudadania","category-coronavirus","category-noticias-de-hoy","category-ultimas-noticias","category-salud","tag-andalucia","tag-vacunas"],"jetpack_publicize_connections":[],"jetpack_featured_media_url":"https:\/\/i0.wp.com\/miradordeatarfe.es\/wp-content\/uploads\/2022\/12\/vacuna_gripecovid.jpg?fit=650%2C457&ssl=1","jetpack_likes_enabled":true,"jetpack_sharing_enabled":true,"_links":{"self":[{"href":"https:\/\/miradordeatarfe.es\/index.php?rest_route=\/wp\/v2\/posts\/58139","targetHints":{"allow":["GET"]}}],"collection":[{"href":"https:\/\/miradordeatarfe.es\/index.php?rest_route=\/wp\/v2\/posts"}],"about":[{"href":"https:\/\/miradordeatarfe.es\/index.php?rest_route=\/wp\/v2\/types\/post"}],"author":[{"embeddable":true,"href":"https:\/\/miradordeatarfe.es\/index.php?rest_route=\/wp\/v2\/users\/1"}],"replies":[{"embeddable":true,"href":"https:\/\/miradordeatarfe.es\/index.php?rest_route=%2Fwp%2Fv2%2Fcomments&post=58139"}],"version-history":[{"count":1,"href":"https:\/\/miradordeatarfe.es\/index.php?rest_route=\/wp\/v2\/posts\/58139\/revisions"}],"predecessor-version":[{"id":58141,"href":"https:\/\/miradordeatarfe.es\/index.php?rest_route=\/wp\/v2\/posts\/58139\/revisions\/58141"}],"wp:featuredmedia":[{"embeddable":true,"href":"https:\/\/miradordeatarfe.es\/index.php?rest_route=\/wp\/v2\/media\/58140"}],"wp:attachment":[{"href":"https:\/\/miradordeatarfe.es\/index.php?rest_route=%2Fwp%2Fv2%2Fmedia&parent=58139"}],"wp:term":[{"taxonomy":"category","embeddable":true,"href":"https:\/\/miradordeatarfe.es\/index.php?rest_route=%2Fwp%2Fv2%2Fcategories&post=58139"},{"taxonomy":"post_tag","embeddable":true,"href":"https:\/\/miradordeatarfe.es\/index.php?rest_route=%2Fwp%2Fv2%2Ftags&post=58139"}],"curies":[{"name":"wp","href":"https:\/\/api.w.org\/{rel}","templated":true}]}}