{"id":58143,"date":"2022-12-21T08:32:23","date_gmt":"2022-12-21T07:32:23","guid":{"rendered":"https:\/\/miradordeatarfe.es\/?p=58143"},"modified":"2022-12-20T12:55:55","modified_gmt":"2022-12-20T11:55:55","slug":"el-pleno-del-sabotaje","status":"publish","type":"post","link":"https:\/\/miradordeatarfe.es\/?p=58143","title":{"rendered":"El pleno del sabotaje"},"content":{"rendered":"<h3 class=\"a_st\" style=\"text-align: justify;\">La mayor\u00eda conservadora del Constitucional sit\u00faa a Espa\u00f1a ante una intromisi\u00f3n in\u00e9dita en el poder legislativo.<\/h3>\n<div class=\"a_c clearfix\" data-dtm-region=\"articulo_cuerpo\">\n<p class=\"\" style=\"text-align: justify;\">Lo inconcebible en una democracia curtida y experimentada como la espa\u00f1ola acab\u00f3 sucediendo este lunes: el Tribunal Constitucional <a href=\"https:\/\/elpais.com\/espana\/2022-12-19\/los-conservadores-del-constitucional-retienen-en-el-pleno-la-decision-sobre-la-paralizacion-de-la-reforma-legal.html\" target=\"_blank\" rel=\"noopener\" data-link-track-dtm=\"\">decidi\u00f3 interrumpir el trabajo legislativo del Senado <\/a>impidiendo la tramitaci\u00f3n de la reforma para la renovaci\u00f3n del Tribunal Constitucional y el CGPJ, aprobada ya por el Congreso de los Diputados por una holgada mayor\u00eda parlamentaria. El Constitucional admiti\u00f3 el recurso de amparo del PP y \u2014contra el criterio del letrado principal del tribunal, experto en derecho parlamentario\u2014 decidi\u00f3 dictar las medidas cautelar\u00edsimas que ped\u00edan los populares e impedir la actividad de los senadores sin escuchar siquiera a la otra parte, es decir, al Senado.<\/p>\n<p class=\"\" style=\"text-align: justify;\">La decisi\u00f3n la tom\u00f3 un Tribunal Constitucional que antes <a href=\"https:\/\/elpais.com\/espana\/2022-12-19\/el-pleno-dirime-si-vota-antes-la-suspension-o-las-recusaciones.html\" target=\"_blank\" rel=\"noopener\" data-link-track-dtm=\"\">hab\u00eda rechazado apartar de la votaci\u00f3n a dos magistrados del bloque conservador<\/a> \u2014el propio presidente del tribunal, Pedro Gonz\u00e1lez Trevijano, y el magistrado Antonio Narv\u00e1ez\u2014, con el mandato caducado y, por lo tanto, directamente afectados por una reforma legal de la que depende su continuidad (o su relevo) en los cargos que ahora ocupan. Ante la evidencia de que ins\u00f3litamente los propios magistrados no se inhib\u00edan en un asunto que les concierne, PSOE y Unidas Podemos hab\u00edan presentado escrito de recusaci\u00f3n por este conflicto de intereses. La recusaci\u00f3n se rechaz\u00f3 con el voto de los propios implicados, que no consideraron la oportunidad de abstenerse. No cabe mayor retorcimiento de las reglas por parte de quienes a continuaci\u00f3n se reun\u00edan para analizar si los senadores las cumplen. La mayor\u00eda conservadora ignor\u00f3 tambi\u00e9n la petici\u00f3n formal de Podemos para que el Constitucional elevara al Tribunal de Justicia de la Uni\u00f3n Europea (TJUE) el pronunciamiento sobre esa \u201cfalta de imparcialidad\u201d.<\/p>\n<p class=\"\" style=\"text-align: justify;\">Entramos en terreno desconocido con una intromisi\u00f3n in\u00e9dita del Constitucional en la autonom\u00eda parlamentaria de las Cortes espa\u00f1olas. La colisi\u00f3n alcanza a las estructuras m\u00e1s sensibles del Estado en una escalada que empez\u00f3 hace cuatro a\u00f1os con el bloqueo del PP a la renovaci\u00f3n del CGPJ y que sigui\u00f3 con las maniobras torticeras para impedir renovar a cuatro magistrados del tribunal en una alianza pol\u00edtico-jur\u00eddica que trabaja ya a cara descubierta. Quienes adujeron en los \u00faltimos cuatro a\u00f1os que la estrategia del poder judicial no era jur\u00eddica sino pol\u00edtica pueden decir hoy, lamentablemente, que la raz\u00f3n de los hechos les ampara: la paralizaci\u00f3n del proceso de renovaci\u00f3n por parte del PP y su presi\u00f3n pol\u00edtica sobre la actual mayor\u00eda conservadora en el CGPJ y en el Constitucional busca mantener el control sobre ambos hasta que las urnas devuelvan a los populares a La Moncloa. Ignora la voluntad de los espa\u00f1oles expresada en las urnas, las mayor\u00edas parlamentarias conformadas tras las elecciones y las decisiones legislativas aprobadas en las C\u00e1maras \u2014con buena o mala t\u00e9cnica jur\u00eddica, con atajos legislativos sobradamente censurados por este peri\u00f3dico y cuya constitucionalidad una vez aprobados puede valorar el tribunal\u2014. Lo explic\u00f3 con nitidez <a href=\"https:\/\/elpais.com\/espana\/2022-12-19\/feijoo-avisa-de-que-llegara-hasta-donde-haga-falta-en-su-ofensiva-contra-el-gobierno-para-hacer-cumplir-la-constitucion.html\" target=\"_blank\" rel=\"noopener\" data-link-track-dtm=\"\">Alberto N\u00fa\u00f1ez Feij\u00f3o esta semana: en las pr\u00f3ximas elecciones se elegir\u00e1 entre \u201ceste Gobierno o Espa\u00f1a\u201d, que se supone que encarna \u00e9l. <\/a><\/p>\n<p class=\"\" style=\"text-align: justify;\">El paquete de reformas en las que se incluyen las paralizadas ahora por la mayor\u00eda conservadora del Tribunal Constitucional, se aprob\u00f3 en el Congreso el jueves pasado<a href=\"https:\/\/elpais.com\/espana\/2022-12-15\/la-reforma-del-codigo-penal-sale-adelante-en-el-congreso-en-medio-de-un-gran-escandalo.html\" target=\"_blank\" rel=\"noopener\" data-link-track-dtm=\"\"> en una de las jornadas m\u00e1s corrosivas para la dignidad democr\u00e1tica que ha vivido Espa\u00f1a en casi medio siglo de historia<\/a>. La burbuja pol\u00edtico-jur\u00eddico-medi\u00e1tica de las derechas espa\u00f1olas ha decidido ignorar la gravedad del permanente choque institucional en el que se han instalado desde que las urnas les dieron la espalda. Llegados a este punto, al Gobierno y a las Cortes solo les cabe acatar la decisi\u00f3n del Tribunal Constitucional y utilizar los procedimientos de la democracia \u2014y de la mejor y m\u00e1s impecable t\u00e9cnica jur\u00eddica\u2014 para hacer cumplir la Constituci\u00f3n y la voluntad de los legisladores ahora cercenada.<\/p>\n<\/div>\n<p>EDITORIAL EL PAIS<\/p>\n<p>FOTO: Fachada del Tribunal Constitucional, el lunes durante el pleno.<span class=\"a_m_m\">Fernando S\u00e1nchez (Europa Press)<\/span><\/p>\n<p>https:\/\/elpais.com\/opinion\/2022-12-19\/el-pleno-del-sabotaje.html<\/p>\n","protected":false},"excerpt":{"rendered":"<p>La mayor\u00eda conservadora del Constitucional sit\u00faa a Espa\u00f1a ante una intromisi\u00f3n in\u00e9dita en el poder&#8230;<\/p>\n","protected":false},"author":1,"featured_media":58144,"comment_status":"closed","ping_status":"closed","sticky":false,"template":"","format":"standard","meta":{"_coblocks_attr":"","_coblocks_dimensions":"","_coblocks_responsive_height":"","_coblocks_accordion_ie_support":"","jetpack_post_was_ever_published":false,"_jetpack_newsletter_access":"","_jetpack_dont_email_post_to_subs":false,"_jetpack_newsletter_tier_id":0,"_jetpack_memberships_contains_paywalled_content":false,"_jetpack_memberships_contains_paid_content":false,"footnotes":"","jetpack_publicize_message":"","jetpack_publicize_feature_enabled":true,"jetpack_social_post_already_shared":true,"jetpack_social_options":{"image_generator_settings":{"template":"highway","default_image_id":0,"enabled":false},"version":2}},"categories":[1161,44,7671,15],"tags":[3150,2025,9857],"class_list":["post-58143","post","type-post","status-publish","format-standard","has-post-thumbnail","hentry","category-ciudadania","category-noticias-de-hoy","category-politica","category-ultimas-noticias","tag-conservadores","tag-constitucional","tag-magistrados"],"jetpack_publicize_connections":[],"jetpack_featured_media_url":"https:\/\/i0.wp.com\/miradordeatarfe.es\/wp-content\/uploads\/2022\/12\/CONSTI.webp?fit=1200%2C800&ssl=1","jetpack_likes_enabled":true,"jetpack_sharing_enabled":true,"_links":{"self":[{"href":"https:\/\/miradordeatarfe.es\/index.php?rest_route=\/wp\/v2\/posts\/58143","targetHints":{"allow":["GET"]}}],"collection":[{"href":"https:\/\/miradordeatarfe.es\/index.php?rest_route=\/wp\/v2\/posts"}],"about":[{"href":"https:\/\/miradordeatarfe.es\/index.php?rest_route=\/wp\/v2\/types\/post"}],"author":[{"embeddable":true,"href":"https:\/\/miradordeatarfe.es\/index.php?rest_route=\/wp\/v2\/users\/1"}],"replies":[{"embeddable":true,"href":"https:\/\/miradordeatarfe.es\/index.php?rest_route=%2Fwp%2Fv2%2Fcomments&post=58143"}],"version-history":[{"count":1,"href":"https:\/\/miradordeatarfe.es\/index.php?rest_route=\/wp\/v2\/posts\/58143\/revisions"}],"predecessor-version":[{"id":58145,"href":"https:\/\/miradordeatarfe.es\/index.php?rest_route=\/wp\/v2\/posts\/58143\/revisions\/58145"}],"wp:featuredmedia":[{"embeddable":true,"href":"https:\/\/miradordeatarfe.es\/index.php?rest_route=\/wp\/v2\/media\/58144"}],"wp:attachment":[{"href":"https:\/\/miradordeatarfe.es\/index.php?rest_route=%2Fwp%2Fv2%2Fmedia&parent=58143"}],"wp:term":[{"taxonomy":"category","embeddable":true,"href":"https:\/\/miradordeatarfe.es\/index.php?rest_route=%2Fwp%2Fv2%2Fcategories&post=58143"},{"taxonomy":"post_tag","embeddable":true,"href":"https:\/\/miradordeatarfe.es\/index.php?rest_route=%2Fwp%2Fv2%2Ftags&post=58143"}],"curies":[{"name":"wp","href":"https:\/\/api.w.org\/{rel}","templated":true}]}}