{"id":58152,"date":"2022-12-21T09:15:08","date_gmt":"2022-12-21T08:15:08","guid":{"rendered":"https:\/\/miradordeatarfe.es\/?p=58152"},"modified":"2022-12-20T13:20:48","modified_gmt":"2022-12-20T12:20:48","slug":"juveandalus-abre-las-puertas-de-la-ilusion","status":"publish","type":"post","link":"https:\/\/miradordeatarfe.es\/?p=58152","title":{"rendered":"Juve\u00e1ndalus abre las puertas de la ilusi\u00f3n"},"content":{"rendered":"<h3 class=\"single-subtitle\" style=\"text-align: justify;\">Dedicada este a\u00f1o a los cuentos infantiles, la feria navide\u00f1a de la infancia y la juventud se celebra entre el 21 de diciembre y el 4 de enero con numerosas actividades<\/h3>\n<div class=\"single-new-img\" style=\"text-align: justify;\">\u00a0<\/div>\n<p style=\"text-align: justify;\">\u00c9rase una vez\u2026 <strong>Juve\u00e1ndalus<\/strong>. La Navidad de Granada no se entiende sin el evento m\u00e1s familiar que organiza la<strong> Feria de Muestras de Armilla-Granada<\/strong> y que este a\u00f1o estar\u00e1 dedicado a los cuentos infantiles, tem\u00e1tica que estar\u00e1 presente en todas las actividades. Peque\u00f1os y grandes disfrutar\u00e1n en el recinto ferial de Santa Juliana de una tradici\u00f3n navide\u00f1a que no puede faltar en estas fechas: ir a Juve\u00e1ndalus.<\/p>\n<p style=\"text-align: justify;\">Los primeros granadinos que llevaron a sus hijos en los a\u00f1os 80 a la feria de la infancia y la juventud ahora son abuelos y llevan a sus nietos. Y esos padres de ahora que visitaron la feria siendo unos ni\u00f1os ahora disfrutan llevando a sus hijos y jugando con ellos. Juve\u00e1ndalus es diversi\u00f3n, pero tambi\u00e9n es familia.<\/p>\n<p style=\"text-align: justify;\">Este mi\u00e9rcoles se inaugura la trig\u00e9simo sexta edici\u00f3n de este acontecimiento cargado de actividades e ilusi\u00f3n bajo el lema \u2018\u00c9rase una vez\u2026\u2019. Como siempre, no faltar\u00e1n las atracciones en el recinto exterior, con los tradicionales coches de choque, la rana, zigzag\u2026 Y habr\u00e1 hasta 70 actividades gratuitas en los pabellones I y II. En el pabell\u00f3n III se instalar\u00e1 una espectacular pista de hielo 375 metros cuadrados, que har\u00e1 las delicias de ni\u00f1os y mayores.<\/p>\n<p style=\"text-align: justify;\">Entre las novedades m\u00e1s interesantes, este a\u00f1o destaca la presencia de los dos clubs deportivos m\u00e1s importantes de la provincia. El <strong>Granada CF<\/strong> y el <strong>Fundaci\u00f3n CB Granada<\/strong> tendr\u00e1n sus espacios dedicados al deporte. El club rojiblanco montar\u00e1 un taller de f\u00fatbol con monitores de la entidad que coordinar\u00e1n las actividades que se realicen y, adem\u00e1s, instalar\u00e1 una peque\u00f1a tienda con los productos m\u00e1s interesantes de merchandising. Mientras, el Fundaci\u00f3n CB Granada montar\u00e1 canastas de baloncesto con varios entrenadores de las categor\u00edas inferiores de la entidad, adem\u00e1s de pasar por all\u00ed algunos jugadores del primer equipo.<\/p>\n<p style=\"text-align: justify;\">Adem\u00e1s, tanto en los exteriores como en los tres pabellones de Fermasa, habr\u00e1 juegos, talleres, atracciones, videojuegos y todo tipo de actividades para que ni\u00f1os y mayores puedan disfrutar de esta cita obligada en la Navidad granadina en una feria por la que pasan entre 50.000 y 60.000 personas cada a\u00f1o durante su celebraci\u00f3n.<\/p>\n<p style=\"text-align: justify;\">En concreto, en el pabell\u00f3n 2 habr\u00e1 toboganes de m\u00e1s de 40 metros, zona gaming, una espectacular barredora de dos palos, el Yumping y la zona de deportes. Por su parte, el pabell\u00f3n I se convertir\u00e1 en el \u2018pabell\u00f3n de los cuentos\u2019, con las tradicionales actividades y talleres de Juve\u00e1ndalus, que giran este a\u00f1o en torno a los cuentos infantiles; los ni\u00f1os descubrir\u00e1n historias a trav\u00e9s de los cuentos que les llevar\u00e1 a un mundo de magia e imaginaci\u00f3n.<\/p>\n<h3 style=\"text-align: justify;\">Precios y horarios<\/h3>\n<p style=\"text-align: justify;\">Juve\u00e1ndalus se celebra este a\u00f1o entre el 21 de diciembre al 4 de enero con los siguientes horarios:<\/p>\n<p style=\"text-align: justify;\">&#8211; D\u00edas 21 y 22 de diciembre de 10:00 a 16:00 horas.<br \/>\n&#8211; D\u00edas 26, 27, 28, 29 y 30 de diciembre de 11:30 a 20:00 horas.<br \/>\n&#8211; D\u00edas 02, 03, y 04 de enero de 11:30 a 20:00 horas.<\/p>\n<p style=\"text-align: justify;\">Los d\u00edas 23, 24, 25 y 31 de diciembre y 1 de enero permanecer\u00e1 cerrado.<\/p>\n<p style=\"text-align: justify;\">Los precios ser\u00e1n de 5 euros para la entrada individual sin columpios y 7 euros con dos columpios. Hay precios especiales para grupos como colegios y las AMPA, asociaciones, clubs deportivos, ayuntamientos o familias numerosas. Se pueden consultar en www.fermasa.org.<\/p>\n<p style=\"text-align: justify;\">Fermasa cuenta un a\u00f1o m\u00e1s con la colaboraci\u00f3n de importantes entidades de la provincia como Covir\u00e1n, Grupo de hoteles Luna de Granada, Nanobytes y el patrocinio de la Diputaci\u00f3n Provincial de Granada.<\/p>\n<p style=\"text-align: justify;\">Durante estos d\u00edas habr\u00e1 m\u00e1s de 130 monitores contratados para atender las actividades, con m\u00e1s de 400 personas trabajando en el recinto para que todo salga bien, lo que convierte a Fermasa en una de las mayores generadoras de empleo durante las fechas navide\u00f1as en la provincia.<\/p>\n<div class=\"single-new-img\">\n<figure style=\"text-align: justify;\"><figcaption class=\"caption wp-caption-text\"><strong><span class=\"single-new-date\">\u00a0<\/span><span class=\"single-new-author\">Gabinete de granadadigital<br \/>\n<\/span><\/strong><br \/>\nFOTO: Imagen de un taller en la edici\u00f3n del a\u00f1o pasado de Juve\u00e1ndalus en Fermasa | Foto: Gabinete<\/p>\n<p>https:\/\/www.granadadigital.es\/juveandalus-abre-puertas-ilusion\/<\/figcaption><\/figure>\n<\/div>\n<div class=\"row single-new-content\">\n<div class=\"col-md-8 content-left\">\n<div class=\"single-new-header-meta text-muted\">\n<div class=\"single-new-date-author\">\u00a0<\/div>\n<\/div>\n<\/div>\n<\/div>\n","protected":false},"excerpt":{"rendered":"<p>Dedicada este a\u00f1o a los cuentos infantiles, la feria navide\u00f1a de la infancia y la&#8230;<\/p>\n","protected":false},"author":1,"featured_media":58153,"comment_status":"closed","ping_status":"closed","sticky":false,"template":"","format":"standard","meta":{"_coblocks_attr":"","_coblocks_dimensions":"","_coblocks_responsive_height":"","_coblocks_accordion_ie_support":"","jetpack_post_was_ever_published":false,"_jetpack_newsletter_access":"","_jetpack_dont_email_post_to_subs":false,"_jetpack_newsletter_tier_id":0,"_jetpack_memberships_contains_paywalled_content":false,"_jetpack_memberships_contains_paid_content":false,"footnotes":"","jetpack_publicize_message":"","jetpack_publicize_feature_enabled":true,"jetpack_social_post_already_shared":true,"jetpack_social_options":{"image_generator_settings":{"template":"highway","default_image_id":0,"enabled":false},"version":2}},"categories":[1161,44,15],"tags":[2881,389,9858],"class_list":["post-58152","post","type-post","status-publish","format-standard","has-post-thumbnail","hentry","category-ciudadania","category-noticias-de-hoy","category-ultimas-noticias","tag-diversion","tag-infancia","tag-juveandaluz"],"jetpack_publicize_connections":[],"jetpack_featured_media_url":"https:\/\/i0.wp.com\/miradordeatarfe.es\/wp-content\/uploads\/2022\/12\/Taller-Juveandalus-en-Fermasa-1010x673-1.jpg?fit=1010%2C673&ssl=1","jetpack_likes_enabled":true,"jetpack_sharing_enabled":true,"_links":{"self":[{"href":"https:\/\/miradordeatarfe.es\/index.php?rest_route=\/wp\/v2\/posts\/58152","targetHints":{"allow":["GET"]}}],"collection":[{"href":"https:\/\/miradordeatarfe.es\/index.php?rest_route=\/wp\/v2\/posts"}],"about":[{"href":"https:\/\/miradordeatarfe.es\/index.php?rest_route=\/wp\/v2\/types\/post"}],"author":[{"embeddable":true,"href":"https:\/\/miradordeatarfe.es\/index.php?rest_route=\/wp\/v2\/users\/1"}],"replies":[{"embeddable":true,"href":"https:\/\/miradordeatarfe.es\/index.php?rest_route=%2Fwp%2Fv2%2Fcomments&post=58152"}],"version-history":[{"count":1,"href":"https:\/\/miradordeatarfe.es\/index.php?rest_route=\/wp\/v2\/posts\/58152\/revisions"}],"predecessor-version":[{"id":58154,"href":"https:\/\/miradordeatarfe.es\/index.php?rest_route=\/wp\/v2\/posts\/58152\/revisions\/58154"}],"wp:featuredmedia":[{"embeddable":true,"href":"https:\/\/miradordeatarfe.es\/index.php?rest_route=\/wp\/v2\/media\/58153"}],"wp:attachment":[{"href":"https:\/\/miradordeatarfe.es\/index.php?rest_route=%2Fwp%2Fv2%2Fmedia&parent=58152"}],"wp:term":[{"taxonomy":"category","embeddable":true,"href":"https:\/\/miradordeatarfe.es\/index.php?rest_route=%2Fwp%2Fv2%2Fcategories&post=58152"},{"taxonomy":"post_tag","embeddable":true,"href":"https:\/\/miradordeatarfe.es\/index.php?rest_route=%2Fwp%2Fv2%2Ftags&post=58152"}],"curies":[{"name":"wp","href":"https:\/\/api.w.org\/{rel}","templated":true}]}}