{"id":58173,"date":"2022-12-27T10:14:51","date_gmt":"2022-12-27T09:14:51","guid":{"rendered":"https:\/\/miradordeatarfe.es\/?p=58173"},"modified":"2022-12-20T17:56:49","modified_gmt":"2022-12-20T16:56:49","slug":"los-titulados-en-psicologia-crecen-sin-freno-pese-a-la-falta-de-empleo","status":"publish","type":"post","link":"https:\/\/miradordeatarfe.es\/?p=58173","title":{"rendered":"Los titulados en Psicolog\u00eda crecen sin freno pese a la falta de empleo"},"content":{"rendered":"<div class=\"a_e_txt _df\">\n<h3 class=\"a_st\" style=\"text-align: justify;\">Europa triplica la media de psic\u00f3logos cl\u00ednicos que ejercen en Espa\u00f1a, donde la tasa de paro es alta. Sin embargo, desde 2015 se ha empezado a impartir en 13 facultades m\u00e1s y los graduados han subido un 28%.<\/h3>\n<\/div>\n<p class=\"\" style=\"text-align: justify;\">Primero del Bachillerato de Ciencias en un centro religioso de Valladolid. \u201c\u00bfQu\u00e9 carrera quer\u00e9is estudiar?\u201d, pregunta la tutora a los alumnos. Un tercio coincide: \u201cPsicolog\u00eda\u201d. Este es un reflejo del enorme inter\u00e9s por estudiar el grado, que no ha pasado desapercibido para las universidades. Muchas han empezado a ofertarlo \u2015diez campus privados y tres p\u00fablicos m\u00e1s entre 2015 y 2022\u2015 y la Universidad de Castilla-La Mancha lo implantar\u00e1 en 2023. Por el momento imparten el grado 42 centros p\u00fablicos y 32 privados de un total de 90. Pese a la gran oferta \u2015hay 3,16 alumnos solicitantes por cada plaza, cuando en 2015 eran 2,43\u2015 el trabajo no est\u00e1 garantizado.<\/p>\n<p class=\"\" style=\"text-align: justify;\">Los alumnos de nuevo ingreso no paran de crecer \u2015de 3.900 en 2015 a 5.800 en 2021\u2015 y los titulados \u2015de 7.057 a 9.069, un aumento de 2.000\u2015, un 28% m\u00e1s. Pero de 10 de estas universidades \u2015C\u00f3rdoba, P\u00fablica de Navarra, Burgos (ha empezado este curso), Alfonso X, San Jorge de Zaragoza, Europea de Canarias, Cat\u00f3lica de \u00c1vila, Atl\u00e1ntico Medio, Internacional de Catalu\u00f1a y Villanueva\u2015 a\u00fan no ha salido la primera promoci\u00f3n.<\/p>\n<blockquote class=\"a_q\">\n<div><strong>Los j\u00f3venes que ahora eligen carrera, se han ido tropezando con psic\u00f3logos toda su vida<\/strong><\/div>\n<\/blockquote>\n<p class=\"\" style=\"text-align: justify;\">Tras participar en distintos talleres con adolescentes, Jos\u00e9 Antonio Luengo, decano del Consejo General de Psicolog\u00eda, apunta las motivaciones juveniles para estudiar Psicolog\u00eda: ayudar al pr\u00f3ximo, tener herramientas para ser mejor persona y el cach\u00e9 de la profesi\u00f3n en el mundo de las relaciones sociales. Este profesional cree que ha ayudado tambi\u00e9n que en los \u00faltimos 15 a\u00f1os han aparecido en los medios muchos psic\u00f3logos explicando el comportamiento humano. \u201cHemos tenido la enorme suerte de que ir al psic\u00f3logo ya no es un estigma. Muchas personas ya desvelan que han acudido cuando lo han necesitado\u201d, recuerda Francisco Medina, presidente de la conferencia de decanos de Psicolog\u00eda. \u201cY los j\u00f3venes que ahora eligen carrera, se han ido tropezando con psic\u00f3logos toda su vida. Desde en atenci\u00f3n temprana, a trastornos de aprendizaje, orientaci\u00f3n en la escuela&#8230; Es un recurso para ellos y su familia\u201d.<\/p>\n<p class=\"\" style=\"text-align: justify;\">La demanda de los estudios y el rendimiento acad\u00e9mico de los universitarios \u2015aprueban el 73% de los cr\u00e9ditos en los que se matriculan\u2015 es alta, pero no casa con las tasas de empleo hasta la fecha. La Fundaci\u00f3n Conocimiento y Desarrollo (FCyD) describe <a href=\"https:\/\/www.fundacioncyd.org\/universidades-estudiar-psicologia-en-espana\/\" target=\"_blank\" rel=\"noopener\" data-link-track-dtm=\"\">el escenario en un informe sobre este grado: <\/a>\u201cLas universidades han respondido a la preferencia de los alumnos, pero en el mercado laboral se ha generado una cierta atomizaci\u00f3n y un preocupante crecimiento en las tasas de desempleo debido a la elevada competitividad\u201d. Una competencia que seguir\u00e1 creciendo. Seg\u00fan datos del ministerio, de los graduados en 2015, el 69% de los psic\u00f3logos estaba afiliado a la seguridad social a los cuatro a\u00f1os de titularse, cuando la media general es del 75,3%. Y la competencia seguir\u00e1 creciendo.<\/p>\n<p class=\"\" style=\"text-align: justify;\">Pero FCyD no olvida que durante la pandemia, la psicolog\u00eda cl\u00ednica \u201cse ha convertido en una especialidad m\u00e1s que esencial\u201d,<a href=\"https:\/\/elpais.com\/sociedad\/2022-11-28\/el-telefono-el-gran-aliado-contra-el-suicidio.html\" target=\"_blank\" rel=\"noopener\" data-link-track-dtm=\"\"> porque se han multiplicado las consultas por ansiedad, depresi\u00f3n o miedo a la enfermedad.<\/a> <a href=\"https:\/\/elpais.com\/sociedad\/2022-11-04\/un-tercio-de-los-espanoles-afirma-que-su-salud-mental-ha-empeorado-durante-la-pandemia.html\" target=\"_blank\" rel=\"noopener\" data-link-track-dtm=\"\">Un tercio de los espa\u00f1oles afirm\u00f3 tras el confinamiento que su salud mental hab\u00eda empeorado.<\/a> Luengo, tambi\u00e9n presidente de los psic\u00f3logos madrile\u00f1os, quiere ser cauto. No le parece \u201cpreocupante\u201d el n\u00famero de graduados actual, pero cree que hay que hacer un estudio serio de las necesidades profesionales, dejando del lado los intereses de cada colectivo \u201cporque no puede haber psic\u00f3logos frustrados por falta de espacio laboral\u201d.<\/p>\n<blockquote class=\"a_q\">\n<div><strong>Lo que hay que poner el foco es en la escasez de plazas para ejercer<\/strong><\/div>\n<\/blockquote>\n<p class=\"\" style=\"text-align: justify;\">Ra\u00fal Valles, de 22 a\u00f1os, estudi\u00f3 el grado en la Universidad Miguel de Cervantes de Valladolid y cursa el m\u00e1ster de psicolog\u00eda general sanitaria \u2015que habilita para pasar consulta privada\u2015 en el mismo campus privado. El tambi\u00e9n expresidente del Colectivo de Estudiantes de Psicolog\u00eda (CEP-PIE) lo tiene claro: \u201cEs innegable que la tasa de paro es alta, pero el plantear que el problema es que hay un excedente de estudiantes de Psicolog\u00eda es un error. Lo que hay que poner el foco es en la escasez de plazas para ejercer\u201d. Y pone un ejemplo, este a\u00f1o solo salieron a concurso 231 plazas de PIR [Psic\u00f3logo Interno Residente], \u201centra uno de cada 30 que se presenta\u201d. Aunque su n\u00famero no para de subir. Hace una d\u00e9cada hab\u00eda 128 puestos de PIR y hace dos, 74.<\/p>\n<p class=\"\" style=\"text-align: justify;\">\u201cPor lo general, por lo que veo entre mis compa\u00f1eros, la reivindicaci\u00f3n no es que haya menos profesionales, sino que se d\u00e9 la oportunidad de trabajar\u201d, ahonda Adriana Villalba, de 21 a\u00f1os, que estudia cuarto de Psicolog\u00eda en la Universidad de La Laguna (Tenerife). \u201cTenemos un problema de salud mental muy agudo, con casi 4.000 suicidios al a\u00f1o\u201d, recuerda Villalba, que es la nueva presidenta de CEP-PIE.<\/p>\n<h3 class=\"\" style=\"text-align: justify;\">Salidas laborales<\/h3>\n<p class=\"\" style=\"text-align: justify;\"><a href=\"https:\/\/www.aqu.cat\/es\/Estudios\/Distribuidora-de-publicaciones\/Empleabilidad-y-formacion-universitaria-en-Psicologia\" target=\"_blank\" rel=\"noopener\" data-link-track-dtm=\"\">Un informe sobre las salidas laborales de esta carrera de la AQU <\/a>(Agencia para la Calidad del Sistema Universitario de Catalu\u00f1a) hace un an\u00e1lisis parecido al de FCyD: el salario bruto mensual de los graduados catalanes en Psicolog\u00eda tres a\u00f1os despu\u00e9s de haberse titulado es de 1.700 euros brutos, casi 500 euros menos que la media de titulaciones. Aunque AQU precisa: \u201cQuienes trabajan en el \u00e1mbito organizativo [recursos humanos] tienden a tener mejores salarios y menos temporalidad\u201d.<\/p>\n<p class=\"\" style=\"text-align: justify;\">\u201cEs una carrera muy atractiva, pero creo que debemos darle siempre cauce a trav\u00e9s de las universidades p\u00fablicas, porque a m\u00ed lo que me preocupa es que despu\u00e9s no se incrementen plazas en los servicios p\u00fablicos de salud\u201d<a href=\"https:\/\/elpais.com\/ccaa\/2017\/01\/11\/paisvasco\/1484140965_755299.html\" target=\"_blank\" rel=\"noopener\" data-link-track-dtm=\"\">, aporta Nekane Balluerka, catedr\u00e1tica de Metodolog\u00eda de las Ciencias del Comportamiento <\/a>y rectora de la Universidad del Pa\u00eds Vasco entre 2017 y 2021. \u201cTendr\u00eda que haber m\u00e1s PIR en el sistema sanitario p\u00fablico, porque hoy la salud mental es un lujo que no todos se pueden permitir\u201d. Villalba, la presidenta de los estudiantes, a\u00f1ade: \u201cNo solo plazas de PIR para que los psic\u00f3logos se formen, tambi\u00e9n para que luego trabajen en el sistema p\u00fablico\u201d.<\/p>\n<p class=\"\" style=\"text-align: justify;\">Balluerka reconoce que a los titulados que consiguen cursar el m\u00e1ster de psicolog\u00eda general sanitaria no les falta trabajo en el \u00e1rea privada. Luengo lo confirma. Villalba propone que con este posgrado se pueda ejercer en atenci\u00f3n primaria para asistir de una forma no tan especializada como en los hospitales.<\/p>\n<p class=\"\" style=\"text-align: justify;\">Pero obtener una plaza en ese t\u00edtulo de psicolog\u00eda sanitaria \u2015por la nota media de la carrera\u2015 es casi inalcanzable. El decano Medina lo corrobora: \u201cNosotros en la Universidad de Sevilla ofertamos 40 plazas y se presentan 1.000 personas. Pasa en todas las grandes\u201d. El empleo en esos casos es casi del 100%, asegura. El decano cree que la referencia en cuanto a empleabilidad no debe ser en funci\u00f3n del n\u00famero de graduados, sino por el n\u00famero de quienes terminan un m\u00e1ster, aunque no sea habilitante en el campo sanitario, sino para trabajar en recursos humanos o atenci\u00f3n social. Argumenta que es el diploma que demanda el mercado laboral para ejercer de psic\u00f3logo. Y aporta un dato: la Organizaci\u00f3n Mundial de la Salud recomienda 18 psic\u00f3logos cl\u00ednicos por 100.000 habitantes, la media de Europa, cuando en Espa\u00f1a hay seis. En Alemania o los pa\u00edses n\u00f3rdicos la cifra es m\u00e1s alta.<\/p>\n<p class=\"\" style=\"text-align: justify;\">Luengo enumera nichos de trabajo en los que cada vez se reclaman m\u00e1s psic\u00f3logos: para asistir a los m\u00e1s vulnerables (juzgados de violencia de g\u00e9nero, centros de asistencia a la infancia), hospitales, recursos humanos, rendimiento deportivo o en las escuelas. \u201c<a href=\"https:\/\/elpais.com\/educacion\/2022-01-19\/los-protocolos-contra-el-suicidio-entran-en-la-escuela-los-padres-no-saben-lo-que-pasa-en-el-cuerpo-de-sus-hijos.html\" target=\"_blank\" rel=\"noopener\" data-link-track-dtm=\"\">El problema de los suicidios es brutal <\/a>y no vale solo <a href=\"https:\/\/elpais.com\/educacion\/2022-06-24\/el-intento-de-suicidio-de-juan-y-las-somatizaciones-de-carmen-por-que-los-colegios-necesitan-un-psicologo-educativo.html\" target=\"_blank\" rel=\"noopener\" data-link-track-dtm=\"\">con el orientador del centro educativo, que no siempre es psic\u00f3logo<\/a>\u201d, explica.<\/p>\n<p class=\"\" style=\"text-align: justify;\">\u201cLos alumnos acceden a Psicolog\u00eda porque quieren ver patolog\u00edas y mejorar el comportamiento humano. M\u00e1s de un 70% llega pensando en la cl\u00ednica, pero luego sale con otra visi\u00f3n. Me pas\u00f3 a m\u00ed, que he terminado en la estad\u00edstica\u201d, relata Balluerka. Psicolog\u00eda estaba catalogada como carrera de letras y ahora se incluye entre los grados de ciencias de la salud \u2015con m\u00e1s prestigio social\u2015. \u201cHab\u00eda una percepci\u00f3n equivocada y ven\u00edan los alumnos de letras y es un problema porque ven mucha biolog\u00eda, neurobiolog\u00eda, estad\u00edstica&#8230; Antes no se hac\u00eda tanta psicolog\u00eda basada en la evidencia, aqu\u00ed [en el Pa\u00eds Vasco] se ponderan Matem\u00e1ticas y Biolog\u00eda para acceder al grado. Estamos cambiando los planes de estudio y va a haber <i>big data<\/i> y como optativa <i>machine learning <\/i>[aprendizaje autom\u00e1tico]\u201d.<\/p>\n<p class=\"\" style=\"text-align: justify;\">El Gobierno presupuest\u00f3 100 millones para su Plan de Atenci\u00f3n de Salud Mental 2022-2024 y la exrectora hace un llamamiento: \u201cCuando se habla en el Congreso de la reforma de la salud mental, se van a aumentar plazas en psiquiatr\u00eda, lo que yo aplaudo, pero tambi\u00e9n tiene que haber un incremento en psicolog\u00eda\u201d.<\/p>\n<p><a class=\"a_md_a_n\" title=\"Ver todas las noticias de Elisa Sili\u00f3\" href=\"https:\/\/elpais.com\/autor\/elisa-silio\/#?rel=author_top\"><strong>Elisa Sili\u00f3<\/strong><\/a><\/p>\n<header class=\"a_e _g _g-xs\">\n<div class=\"a_e_m\">\n<figure class=\"a_m a_m-h\"><figcaption class=\"a_m_p\">FOTO: Entrada de la facultad de psicolog\u00eda de la Universidad Aut\u00f3noma de Madrid, el pasado jueves.<span class=\"a_m_m\">Andrea Comas<\/span><\/figcaption><\/figure>\n<\/div>\n<\/header>\n<div class=\"a_md _g _g-xs \">\n<figure class=\"a_md_i a_m-h\"><span class=\"a_m_w _db\">https:\/\/elpais.com\/educacion\/universidad\/2022-12-05\/los-titulados-en-psicologia-crecen-sin-freno-pese-a-la-falta-de-empleo.html#?rel=mas_sumario<\/span><\/figure>\n<div class=\"a_md_txt\">\n<div class=\"a_md_a\" data-dtm-region=\"articulo_firma\">\u00a0<\/div>\n<\/div>\n<\/div>\n<div class=\"a_e_m\">\n<figure class=\"a_m a_m-h\"><span class=\"a_m_w _db\">\u00a0<\/span><\/figure>\n<\/div>\n","protected":false},"excerpt":{"rendered":"<p>Europa triplica la media de psic\u00f3logos cl\u00ednicos que ejercen en Espa\u00f1a, donde la tasa de&#8230;<\/p>\n","protected":false},"author":1,"featured_media":58174,"comment_status":"closed","ping_status":"closed","sticky":false,"template":"","format":"standard","meta":{"_coblocks_attr":"","_coblocks_dimensions":"","_coblocks_responsive_height":"","_coblocks_accordion_ie_support":"","jetpack_post_was_ever_published":false,"_jetpack_newsletter_access":"","_jetpack_dont_email_post_to_subs":false,"_jetpack_newsletter_tier_id":0,"_jetpack_memberships_contains_paywalled_content":false,"_jetpack_memberships_contains_paid_content":false,"footnotes":"","jetpack_publicize_message":"","jetpack_publicize_feature_enabled":true,"jetpack_social_post_already_shared":true,"jetpack_social_options":{"image_generator_settings":{"template":"highway","default_image_id":0,"enabled":false},"version":2}},"categories":[187,1161,44,6937,15],"tags":[27,1606],"class_list":["post-58173","post","type-post","status-publish","format-standard","has-post-thumbnail","hentry","category-centros-educativos","category-ciudadania","category-noticias-de-hoy","category-sociedad","category-ultimas-noticias","tag-educacion","tag-psicologia"],"jetpack_publicize_connections":[],"jetpack_featured_media_url":"https:\/\/i0.wp.com\/miradordeatarfe.es\/wp-content\/uploads\/2022\/12\/PSICOLOGOS.jpg?fit=1200%2C712&ssl=1","jetpack_likes_enabled":true,"jetpack_sharing_enabled":true,"_links":{"self":[{"href":"https:\/\/miradordeatarfe.es\/index.php?rest_route=\/wp\/v2\/posts\/58173","targetHints":{"allow":["GET"]}}],"collection":[{"href":"https:\/\/miradordeatarfe.es\/index.php?rest_route=\/wp\/v2\/posts"}],"about":[{"href":"https:\/\/miradordeatarfe.es\/index.php?rest_route=\/wp\/v2\/types\/post"}],"author":[{"embeddable":true,"href":"https:\/\/miradordeatarfe.es\/index.php?rest_route=\/wp\/v2\/users\/1"}],"replies":[{"embeddable":true,"href":"https:\/\/miradordeatarfe.es\/index.php?rest_route=%2Fwp%2Fv2%2Fcomments&post=58173"}],"version-history":[{"count":1,"href":"https:\/\/miradordeatarfe.es\/index.php?rest_route=\/wp\/v2\/posts\/58173\/revisions"}],"predecessor-version":[{"id":58175,"href":"https:\/\/miradordeatarfe.es\/index.php?rest_route=\/wp\/v2\/posts\/58173\/revisions\/58175"}],"wp:featuredmedia":[{"embeddable":true,"href":"https:\/\/miradordeatarfe.es\/index.php?rest_route=\/wp\/v2\/media\/58174"}],"wp:attachment":[{"href":"https:\/\/miradordeatarfe.es\/index.php?rest_route=%2Fwp%2Fv2%2Fmedia&parent=58173"}],"wp:term":[{"taxonomy":"category","embeddable":true,"href":"https:\/\/miradordeatarfe.es\/index.php?rest_route=%2Fwp%2Fv2%2Fcategories&post=58173"},{"taxonomy":"post_tag","embeddable":true,"href":"https:\/\/miradordeatarfe.es\/index.php?rest_route=%2Fwp%2Fv2%2Ftags&post=58173"}],"curies":[{"name":"wp","href":"https:\/\/api.w.org\/{rel}","templated":true}]}}