{"id":58176,"date":"2022-12-22T10:07:58","date_gmt":"2022-12-22T09:07:58","guid":{"rendered":"https:\/\/miradordeatarfe.es\/?p=58176"},"modified":"2022-12-21T21:42:48","modified_gmt":"2022-12-21T20:42:48","slug":"mamitis-micromachismo-portunol-o-puntocom-al-diccionario-de-la-rae","status":"publish","type":"post","link":"https:\/\/miradordeatarfe.es\/?p=58176","title":{"rendered":"Mamitis, micromachismo, portu\u00f1ol o puntocom, al diccionario de la RAE"},"content":{"rendered":"<h3 class=\"voc-sub-title\" style=\"text-align: justify;\">Suma 280 nuevas voces y m\u00e1s de 3.000 revisiones y nuevas acepciones en la edici\u00f3n 23.6 de una publicaci\u00f3n digital que supera lo mil millones de consultas anuales<\/h3>\n<p class=\"voc-paragraph\" style=\"text-align: justify;\">\u00abEntre sus defectos est\u00e1n el micromachismo y la conspiranoia. Es un gran micromecenas y ha montado una empresa puntocom especializada en macrodatos. Habla portu\u00f1ol, le gustan las sesiones golfas del cine, el sancocho o la literatura garciamarquiana y es jn buen videojudador, pero sus hijos tienen mucha mamitis\u00bb. Hasta anteayer esta frase estar\u00eda plagada de comillas simples o cursivas. Desde hoy, todos sus t\u00e9rminos son absolutamente correctos. Est\u00e1n recogidos en el Diccionario de la lengua espa\u00f1ola (DLE) de la Real Academia Espa\u00f1ola (RAE), que acaba de publicar sus novedades en su edici\u00f3n digital 26.3. Son un total de 280 nuevas voces y m\u00e1s de 3.152 revisiones y acepciones que ya est\u00e1n en l\u00ednea en una publicaci\u00f3n digital que recibe m\u00e1s de mil millones de consultas al a\u00f1o.<\/p>\n<p class=\"voc-paragraph\" style=\"text-align: justify;\">Presentaron las novedades del director de la docta casa y presidente de la ASALE (Asociaci\u00f3n de Academias de la Lengua Espa\u00f1ola) Santiago Mu\u00f1oz Machado, y la directora del DLE, la acad\u00e9mica Paz Battaner. Reconocieron que \u00abhay muchas palabras que se deben al impulso de particulares\u00bb, como asociaciones que re\u00fanen a personas y fines de colectivos, y que \u00absirven de mucho\u00bb.<\/p>\n<p class=\"voc-paragraph\" style=\"text-align: justify;\">Entre los nuevos t\u00e9rminos y expresiones incorporados al DLE hay voces como mamitis, conspiranoico, micromachismo -como \u00abforma de machismo que se manifiesta en peque\u00f1os actos, gestos o expresiones de forma inconsciente habitualmente\u00bb-, panet\u00f3n, videojugador, obsolescencia programada o materia oscura.<\/p>\n<div class=\"voc-detail__cmp voc-detail__cmp--title voc-detail__cmp--no-margin\" style=\"text-align: justify;\">\n<h3 class=\"voc-detail__title\">Anticipado a la cr\u00edtica<\/h3>\n<\/div>\n<p class=\"voc-paragraph\" style=\"text-align: justify;\">Adelant\u00e1ndose a las posibles cr\u00edticas que acusen de machismo al RAE, Mu\u00f1oz Machado justific\u00f3 que se incluya mamitis y no &#8216;papitis&#8217;, \u00abEl uso del t\u00e9rmino femenino est\u00e1 muy documentado y no as\u00ed el de la acepci\u00f3n masculina\u00bb, explic\u00f3.<\/p>\n<div class=\"voc-detail__cmp\" style=\"text-align: justify;\">\n<div class=\"voc-article-container\">\n<article class=\"voc-article voc-article--cmp-photo-text\">\n<div class=\"voc-img-container\">\n<div class=\"voc-horizontal voc-img-icon-link\"><img data-recalc-dims=\"1\" decoding=\"async\" class=\"lazy\" src=\"https:\/\/i0.wp.com\/static1.ideal.es\/www\/multimedia\/202212\/20\/media\/cortadas\/Rae3-U40552433808BLc-624x385%40RC.jpg?w=640&#038;ssl=1\" alt=\"Mu\u00f1oz Machado y Battaner en al presentaci\u00f3n de DLE en la RAE \" data-original=\"\/\/static1.ideal.es\/www\/multimedia\/202212\/20\/media\/cortadas\/Rae3-U40552433808BLc-624x385@RC.jpg\" \/><\/div>\n<p class=\"figure-caption \">Mu\u00f1oz Machado y Battaner en al presentaci\u00f3n de DLE en la RAE \/ <span class=\"voc-photo-author\"> EFE <\/span><\/p>\n<\/div>\n<\/article>\n<\/div>\n<\/div>\n<p class=\"voc-paragraph\" style=\"text-align: justify;\">Son llamativas novedades como micromecenazgo, micropl\u00e1stico, manguito, cuarenta\u00f1ero; las literarias garciamarqiano y cortazariano -alusivoas al estilo literario del Nobel colombiano Gabriel Garc\u00eda M\u00e1rquez y de su colega argentino Julio Cort\u00e1zar-, expresiones del habla coloquial como gusa (\u00abhambre\u00bb), potar (\u00abacci\u00f3n de vomitar\u00bb, rular (\u00abfuncionar, marchar\u00bb, copiota (\u00abcopion\u00bb) o habemus (\u00abtenemos\u00bb). Tambi\u00e9n edadismo, como \u00abdiscriminaci\u00f3n por raz\u00f3n de edad especialmente personas mayores o ancianas\u00bb, ruralizar, o brecha, como \u00abdiferencia o distancia entre situaciones, cosas o grupos de personas, especialmente por la falta de uni\u00f3n o cohesi\u00f3n\u00bb.<\/p>\n<p class=\"voc-paragraph\" style=\"text-align: justify;\">La tecnolog\u00eda es una de los campos que m\u00e1s novedades aporta entre voces y t\u00e9rminos como macrodatos, puntocom, videojugador o las expresiones comercio electr\u00f3nico, miner\u00eda de datos, obsolescencia programada o vida \u00fatil, que, por extra\u00f1o que parezca, no estaban contempladas. \u00abEl sector tecnol\u00f3gico tiende a la revoluci\u00f3n de las palabras y hay muchos neologismos que se esta asumiendo castellanizados\u00bb, destac\u00f3 Mu\u00f1oz Machado.<\/p>\n<div class=\"voc-detail__cmp voc-detail__cmp--title voc-detail__cmp--no-margin\" style=\"text-align: justify;\">\n<h3 class=\"voc-detail__title\">Gastronom\u00eda<\/h3>\n<\/div>\n<p class=\"voc-paragraph\" style=\"text-align: justify;\">Tambi\u00e9n es muy rica la aportaci\u00f3n del mundo gastron\u00f3mico del que se incorporas t\u00e9rminos como panet\u00f3n o panetone para describir el \u00abdulce navide\u00f1o de origen italiano\u00bb, nuevas acepciones de sancocho, en referencia al guiso canario, y compango, en alusi\u00f3n al \u00abconjunto de ingredientes c\u00e1rnicos, ahumados o embutidos con los que se elabora la fabada de algunos cocidos\u00bb.<\/p>\n<p class=\"voc-paragraph\" style=\"text-align: justify;\">De las ciencias naturales se incorporan voces pertenecientes a la zoolog\u00eda como dingo -el \u00abc\u00e1nido australiano parecido al lobo\u00bb-, fac\u00f3quero -\u00abmam\u00edfero africano similar al jabal\u00ed\u00bb-, y mantarraya, el \u00abpez de aguas c\u00e1lidas, de gran tama\u00f1o y dos cuernos carnosos cerca de la boca\u00bb. Del \u00e1mbito de la medicina se recogen t\u00e9rminos como cortisol, hiperinmune, lidoca\u00edna o monodosis.<\/p>\n<p class=\"voc-paragraph\" style=\"text-align: justify;\">En lo deportivo se hace una precisi\u00f3n en pichichi, aclarando que es el apodo del jugador del Athletic de Bilbao, Rafael Moreno, que marc\u00f3 el primer gol en San Mam\u00e9s. Pelotero a\u00f1ade el significado coloquial de \u00abfutbolista\u00bb.<\/p>\n<div class=\"voc-detail__cmp voc-detail__cmp--title voc-detail__cmp--no-margin\" style=\"text-align: justify;\">\n<h3 class=\"voc-detail__title\">Javier Mar\u00edas<\/h3>\n<\/div>\n<p class=\"voc-paragraph\" style=\"text-align: justify;\">La actualizaci\u00f3n incluye varios t\u00e9rminos a propuesta del escritor y acad\u00e9mico Javier Mar\u00edas, fallecido en septiembre, que \u00e9l mismo present\u00f3 ante la comisi\u00f3n que articula el trabajo acad\u00e9mico. Entre ellas est\u00e1 la adici\u00f3n del t\u00e9rmino traslaticio, en su acepci\u00f3n de \u00abperteneciente o relativa a la traducci\u00f3n\u00bb, oficio que Mar\u00edas practic\u00f3 con maestr\u00eda y pasi\u00f3n. El autor de &#8216;Coraz\u00f3n tan blanco&#8217; propuso tambi\u00e9n incorporar las voces hagioscopio -\u00ababertura peque\u00f1a hecha en una pared de iglesia donde se puede ver el altar\u00bb- y sobrevenido -\u00abforzado, artificial\u00bb- que tambi\u00e9n se a\u00f1aden al diccionario, elaborado con la ayuda de la Fundaci\u00f3n La Caixa y del Ministerio de Ciencia e Innovaci\u00f3n<\/p>\n<p class=\"voc-paragraph\" style=\"text-align: justify;\">Se agregan los gentilicios sursudan\u00e9s, para Sud\u00e1n del Sur; rabat\u00ed, para la capital marroqu\u00ed; emirat\u00ed, de los Emiratos \u00c1rabes, y yemenita, que se suma a yemen\u00ed. Hay voces como &#8216;guarro&#8217; que se a\u00f1ade la acepci\u00f3n de &#8216;jabal\u00ed&#8217; o, coloquialmente a la de la pornograf\u00eda, para adjetivar objetos como revistas o pel\u00edculas de ese campo.<\/p>\n<p class=\"voc-paragraph\" style=\"text-align: justify;\">La actualizaci\u00f3n 23.6 del DLE pone al d\u00eda la versi\u00f3n electr\u00f3nica del Diccionario de la lengua espa\u00f1ola y contin\u00faa el camino hacia la edici\u00f3n 24 de la obra que se publicar\u00e1 en 2026, coincidiendo con el tercer centenario de la publicaci\u00f3n del primer diccionario elaborado por la RAE, el Diccionario de Autoridades (1726-1739). Es m\u00e1s que probable que no se imprima su edici\u00f3n de papel.<\/p>\n<div class=\"voc-detail__cmp voc-detail__cmp--title voc-detail__cmp--no-margin\" style=\"text-align: justify;\">\n<h3 class=\"voc-detail__title\">\u00a0<\/h3>\n<\/div>\n<div class=\"voc-detail__cmp voc-detail__cmp--pad-lr \" style=\"text-align: justify;\">\n<div class=\"voc-ficha-detail__wrapper\">\n<section class=\"voc-ficha-detail\">\n<div class=\"voc-article-container\">\n<article class=\"voc-article voc-article--cmp-despiece voc-article--photo-top\">\n<div class=\"voc-img-container  \">\n<div class=\"voc-horizontal voc-img-icon-link\"><img data-recalc-dims=\"1\" decoding=\"async\" title=\"\" src=\"https:\/\/i0.wp.com\/static3.ideal.es\/www\/multimedia\/202212\/20\/media\/cortadas\/RAE1-U86725464054USy-532x325%40RC.jpg?w=640&#038;ssl=1\" alt=\"Santiago Mu\u00f1oz Machado, director de la RAE. \/EFE\" \/><\/div>\n<p class=\"figure-caption\"><span class=\"voc-photo-caption\">Santiago Mu\u00f1oz Machado, director de la RAE. \/ <\/span><span class=\"voc-photo-author\">EFE<\/span><\/p>\n<\/div>\n<div class=\"voc-info-container\">\n<h5 class=\"voc-title\">El Congreso de Arequipa, en el aire<\/h5>\n<p class=\"voc-paragraph\">Santiago Mu\u00f1oz Machado asegur\u00f3 que el Congreso de la Lengua organizado por las distintas academias hispanas y previsto para el pr\u00f3ximo mes de marzo en Arequipa (Per\u00fa), \u00absigue adelante\u00bb pese a la \u00absituaci\u00f3n delicada\u00bb del pa\u00eds andino. El directo de la RAE y presiente de la Asociaci\u00f3n de Academias (ASALE) apuesta porque se celebre, pro no oculta sus dudas.<\/p>\n<p class=\"voc-paragraph\">\u00abEl congreso est\u00e1 convocado por el Gobierno de Per\u00fa y va adelante. No hay raz\u00f3n para pensar que no se puede celebrar, aunque la inestabilidad del pa\u00eds podr\u00eda hacer que se suspendiera\u00bb .\u00abEso s\u00ed, no ser\u00e1n nunca ASALE o la RAE quienes lo suspendan. No hay acuerdo para interrumpir el programa para llegar en marzo\u00bb , dijo .<\/p>\n<p class=\"voc-paragraph\">Destaco Mu\u00f1oz Machado ha que el programa \u00abest\u00e1 hecho\u00bb y tambi\u00e9n la elecci\u00f3n de participantes, si bien \u00abhasta marzo no se sabe qu\u00e9 puede pasar\u00bb. \u00abEn principio no hay ninguna decisi\u00f3n\u00bb \u00abPodr\u00eda decidirse no celebrarlo por parte de Per\u00fa o las academias responsables de la organizaci\u00f3n. Pero no existe ese acuerdo. Estamos reuni\u00e9ndonos y hablando y no hay decisi\u00f3n de interrumpir el programa\u00bb, insisti\u00f3<\/p>\n<p class=\"voc-paragraph\">El IX Congreso Internacional de la Lengua Espa\u00f1ola (CILE) deber\u00eda tener lugar del 27 al 30 de marzo de 2023 Arequipa, ciudad natal del premio Nobel de Literatura y miembro de la RAE Mario Vargas Llosa, bajo el lema &#8216;Lengua espa\u00f1ola, mestizaje e interculturalidad. Historia y futuro&#8217;, Esta prevista la presencia Rey Felipe VI en la inauguraci\u00f3n y en la presidencia de honor y la asistencia m\u00e1s de 250 conferenciantes y ponentes internacionales, entre acad\u00e9micos, escritores, ling\u00fcistas, historiadores, pensadores, editores, creadores, profesores, periodistas y cient\u00edficos.<\/p>\n<\/div>\n<\/article>\n<\/div>\n<\/section>\n<\/div>\n<\/div>\n<p style=\"text-align: justify;\"><strong><a class=\"voc-author\" title=\"MIGUEL LORENCI\" href=\"https:\/\/www.ideal.es\/autor\/miguel-lorenci-138.html\">MIGUEL LORENCI <\/a><\/strong><\/p>\n<div class=\"voc-article-container\">\n<article class=\"voc-article voc-article--detail voc-article--detail--base voc-article--photo-bottom\">\n<div class=\"voc-img-container  \">\n<p class=\"figure-caption\"><span class=\"voc-photo-caption\">FOTO: Santiago Mu\u00f1oz Machado y Paz Battaner, en la presentaci\u00f3n de las novedades del DLE en la RAE. \/ <\/span><span class=\"voc-photo-author\">EFE<\/span><\/p>\n<\/div>\n<\/article>\n<\/div>\n<div class=\"voc-detail\" data-voc-share-selection=\"\">\n<div class=\"voc-author-timesocial \">\n<div class=\"voc-author-timesocial__signature\"><picture class=\"voc-image-signature\"><\/picture>\n<div class=\"voc-author-timesocial__info\">\n<div class=\"voc-author-info\">https:\/\/www.ideal.es\/culturas\/mamitis-micromachismo-portunol-20221220154033-ntrc.html<\/div>\n<\/div>\n<\/div>\n<\/div>\n<\/div>\n","protected":false},"excerpt":{"rendered":"<p>Suma 280 nuevas voces y m\u00e1s de 3.000 revisiones y nuevas acepciones en la edici\u00f3n&#8230;<\/p>\n","protected":false},"author":1,"featured_media":58177,"comment_status":"closed","ping_status":"closed","sticky":false,"template":"","format":"standard","meta":{"_coblocks_attr":"","_coblocks_dimensions":"","_coblocks_responsive_height":"","_coblocks_accordion_ie_support":"","jetpack_post_was_ever_published":false,"_jetpack_newsletter_access":"","_jetpack_dont_email_post_to_subs":false,"_jetpack_newsletter_tier_id":0,"_jetpack_memberships_contains_paywalled_content":false,"_jetpack_memberships_contains_paid_content":false,"footnotes":"","jetpack_publicize_message":"","jetpack_publicize_feature_enabled":true,"jetpack_social_post_already_shared":true,"jetpack_social_options":{"image_generator_settings":{"template":"highway","default_image_id":0,"enabled":false},"version":2}},"categories":[1161,44,7671,6937,15],"tags":[9864,2125],"class_list":["post-58176","post","type-post","status-publish","format-standard","has-post-thumbnail","hentry","category-ciudadania","category-noticias-de-hoy","category-politica","category-sociedad","category-ultimas-noticias","tag-palabras-nuevas","tag-rae"],"jetpack_publicize_connections":[],"jetpack_featured_media_url":"https:\/\/i0.wp.com\/miradordeatarfe.es\/wp-content\/uploads\/2022\/12\/rae2-RmlVmv3TkvXjZBLCRKcxPxL-624x385%40RC.jpg?fit=624%2C385&ssl=1","jetpack_likes_enabled":true,"jetpack_sharing_enabled":true,"_links":{"self":[{"href":"https:\/\/miradordeatarfe.es\/index.php?rest_route=\/wp\/v2\/posts\/58176","targetHints":{"allow":["GET"]}}],"collection":[{"href":"https:\/\/miradordeatarfe.es\/index.php?rest_route=\/wp\/v2\/posts"}],"about":[{"href":"https:\/\/miradordeatarfe.es\/index.php?rest_route=\/wp\/v2\/types\/post"}],"author":[{"embeddable":true,"href":"https:\/\/miradordeatarfe.es\/index.php?rest_route=\/wp\/v2\/users\/1"}],"replies":[{"embeddable":true,"href":"https:\/\/miradordeatarfe.es\/index.php?rest_route=%2Fwp%2Fv2%2Fcomments&post=58176"}],"version-history":[{"count":1,"href":"https:\/\/miradordeatarfe.es\/index.php?rest_route=\/wp\/v2\/posts\/58176\/revisions"}],"predecessor-version":[{"id":58178,"href":"https:\/\/miradordeatarfe.es\/index.php?rest_route=\/wp\/v2\/posts\/58176\/revisions\/58178"}],"wp:featuredmedia":[{"embeddable":true,"href":"https:\/\/miradordeatarfe.es\/index.php?rest_route=\/wp\/v2\/media\/58177"}],"wp:attachment":[{"href":"https:\/\/miradordeatarfe.es\/index.php?rest_route=%2Fwp%2Fv2%2Fmedia&parent=58176"}],"wp:term":[{"taxonomy":"category","embeddable":true,"href":"https:\/\/miradordeatarfe.es\/index.php?rest_route=%2Fwp%2Fv2%2Fcategories&post=58176"},{"taxonomy":"post_tag","embeddable":true,"href":"https:\/\/miradordeatarfe.es\/index.php?rest_route=%2Fwp%2Fv2%2Ftags&post=58176"}],"curies":[{"name":"wp","href":"https:\/\/api.w.org\/{rel}","templated":true}]}}