{"id":58179,"date":"2022-12-23T10:15:41","date_gmt":"2022-12-23T09:15:41","guid":{"rendered":"https:\/\/miradordeatarfe.es\/?p=58179"},"modified":"2022-12-20T16:51:43","modified_gmt":"2022-12-20T15:51:43","slug":"miguel-rios-tendra-una-caja-de-las-letras-en-el-instituto-cervantes","status":"publish","type":"post","link":"https:\/\/miradordeatarfe.es\/?p=58179","title":{"rendered":"Miguel R\u00edos tendr\u00e1 una &#8216;Caja de las Letras&#8217; en el Instituto Cervantes"},"content":{"rendered":"<h3 class=\"voc-sub-title\" style=\"text-align: justify;\">El director del Instituto, el granadino Luis Garc\u00eda Montero, ha anunciado en la reuni\u00f3n de directores, que tiene lugar en Granada, que la entrega simb\u00f3lica se realizar\u00e1 en un recital en el Teatro Isabel la Cat\u00f3lica<\/h3>\n<p class=\"voc-paragraph\" style=\"text-align: justify;\">Granada acoge desde la jornada de hoy la reuni\u00f3n anual de directores del Insituto Cervantes, la instituci\u00f3n encargada de velar por el desarrollo del espa\u00f1ol en todo el mundo. La reuni\u00f3n contar\u00e1, a partir de las 11.30 horas, con la presencia de la reina, Do\u00f1a Letizia. Rectora y director han recordado que Granada es una ciudad clave para la historia del idioma, y la fundaci\u00f3n imperial de una universidad que en nueve a\u00f1os cumplir\u00e1 su quinto centenario. Luis Garc\u00eda Montero ha destacado, igualmente, el grato ambiente en que se est\u00e1 desarrollando una reuni\u00f3n que se inici\u00f3 ayer en el Carmen de los M\u00e1rtires con una recepci\u00f3n a la que asistieron los m\u00e1ximos responsables de la instituci\u00f3n en el mundo.<\/p>\n<div class=\"voc-detail__cmp\" style=\"text-align: justify;\">\n<div class=\"voc-article-container\">\n<article class=\"voc-article voc-article--cmp-related voc-article--photo-left voc-article--photo-left--right-xs voc-home-tit-st\">\n<div class=\"voc-img-container \"><a class=\"voc-horizontal voc-img-icon-link\" href=\"https:\/\/www.ideal.es\/culturas\/especial-ilusion-recibir-20221219183805-nt.html#vca=modulos&amp;vso=ideal&amp;vmc=noticias-rel-cmp&amp;vli=culturas\"><img data-recalc-dims=\"1\" decoding=\"async\" class=\"lazy\" src=\"https:\/\/i0.wp.com\/static.ideal.es\/www\/multimedia\/202212\/17\/media\/granada\/garciamontero.jpg?w=640&#038;ssl=1\" alt=\"\u00abMe hace especial ilusi\u00f3n recibir el legado de Miguel R\u00edos para el Instituto Cervantes en Granada\u00bb\" data-original=\" \/\/static.ideal.es\/www\/multimedia\/202212\/17\/media\/granada\/garciamontero.jpg \" \/><\/a><\/div>\n<\/article>\n<\/div>\n<\/div>\n<p class=\"voc-paragraph\" style=\"text-align: justify;\">Del mismo modo, Garc\u00eda Montero anunci\u00f3 que el granadino Miguel R\u00edos tendr\u00e1 una &#8216;Caja de las Letras&#8217; en el Instituto Cervantes. Es preciso recordar que estas cajas aprovechan la condici\u00f3n de la sede central del Instituto, en la Gran V\u00eda madrile\u00f1a, como antigua entidad bancaria. Ahora, una de ellas tendr\u00e1 como inquilino al cantante granadino, de quien dijo el director que es \u00abun gran divulgador de la cutura hispana en el mundo del rock, y representante de una idea de las entidades que no tiene que ver con la cerraz\u00f3n y el exclusivismo, sino con el di\u00e1logo internacional\u00bb.<\/p>\n<p class=\"voc-paragraph\" style=\"text-align: justify;\">El acto de entrega simb\u00f3lica del contenido de la caja -a la espera de la entrega definitiva, en el propio Instituto- tendr\u00e1 lugar en el Teatro Isabel la Cat\u00f3lica, donde el cantante ofrecer\u00e1 un concierto el mi\u00e9rcoles a las 20.00 horas.<\/p>\n<div class=\"voc-detail__cmp voc-detail__cmp--title voc-detail__cmp--no-margin\" style=\"text-align: justify;\">\n<h3 class=\"voc-detail__title\">Recuerdos<\/h3>\n<\/div>\n<p class=\"voc-paragraph\" style=\"text-align: justify;\">Tanto Garc\u00eda Montero como Pilar Aranda echaron mano de recuerdos para destacar la importancia que la Universidad de Granada tiene en el contexto internacional de la lengua. Sin ir m\u00e1s lejos, Garcia Montero record\u00f3 sus inicios como estudiante en 1976, y el orgullo de que hoy haya muchos profesores granadinos entre los que integran la plantilla del Instituto Cervantes. \u00abLa Universidad de Granada ha acogido entre sus muros a muchas personas relevantes para la historia del idioma\u00bb, destac\u00f3 Aranda, \u00aby para nosotros supone una gran alegr\u00eda acoger hoy esta reuni\u00f3n. Muchos rectores me est\u00e1n escribiendo para ver c\u00f3mo lo hemos conseguido\u00bb, dijo con humor. La instituci\u00f3n educativa granadina cuenta desde la pasada semana con una &#8216;Caja de las Letras&#8217; en el Instituto Cervantes, con un legado que se abrir\u00e1 en 2031, con ocasi\u00f3n del quinto centenario.<\/p>\n<p style=\"text-align: justify;\"><strong><a class=\"voc-author\" title=\"JOS\u00c9 ANTONIO MU\u00d1OZ\">JOS\u00c9 ANTONIO MU\u00d1OZ<\/a><\/strong><\/p>\n<div class=\"voc-article-container\">\n<article class=\"voc-article voc-article--detail voc-article--detail--base voc-article--photo-bottom\">\n<div class=\"voc-img-container \">\n<p class=\"figure-caption\"><span class=\"voc-photo-caption\">La rectora, Pilar Aranda, y el director del Instituto Cervantes, Luis Garc\u00eda Montero, en la rueda de prensa previa al inicio de la jornada. \/ <\/span><span class=\"voc-photo-author\"> J. A. M.<\/span><\/p>\n<\/div>\n<\/article>\n<\/div>\n<div class=\"voc-detail\" data-voc-share-selection=\"\">\n<div class=\"voc-author-timesocial \">\n<div class=\"voc-author-timesocial__signature\">\n<div class=\"voc-author-timesocial__info\">\n<div class=\"voc-author-info\">\u00a0<\/div>\n<\/div>\n<\/div>\n<\/div>\n<\/div>\n","protected":false},"excerpt":{"rendered":"<p>El director del Instituto, el granadino Luis Garc\u00eda Montero, ha anunciado en la reuni\u00f3n de&#8230;<\/p>\n","protected":false},"author":1,"featured_media":58180,"comment_status":"closed","ping_status":"closed","sticky":false,"template":"","format":"standard","meta":{"_coblocks_attr":"","_coblocks_dimensions":"","_coblocks_responsive_height":"","_coblocks_accordion_ie_support":"","jetpack_post_was_ever_published":false,"_jetpack_newsletter_access":"","_jetpack_dont_email_post_to_subs":false,"_jetpack_newsletter_tier_id":0,"_jetpack_memberships_contains_paywalled_content":false,"_jetpack_memberships_contains_paid_content":false,"footnotes":"","jetpack_publicize_message":"","jetpack_publicize_feature_enabled":true,"jetpack_social_post_already_shared":true,"jetpack_social_options":{"image_generator_settings":{"template":"highway","default_image_id":0,"enabled":false},"version":2}},"categories":[1161,44,7671,6937,15],"tags":[9865,2531],"class_list":["post-58179","post","type-post","status-publish","format-standard","has-post-thumbnail","hentry","category-ciudadania","category-noticias-de-hoy","category-politica","category-sociedad","category-ultimas-noticias","tag-caja-de-las-letras","tag-miguel-rios"],"jetpack_publicize_connections":[],"jetpack_featured_media_url":"https:\/\/i0.wp.com\/miradordeatarfe.es\/wp-content\/uploads\/2022\/12\/PILARLUIS-kz3D-U1902452852CXD-624x385%40Ideal.jpg?fit=624%2C385&ssl=1","jetpack_likes_enabled":true,"jetpack_sharing_enabled":true,"_links":{"self":[{"href":"https:\/\/miradordeatarfe.es\/index.php?rest_route=\/wp\/v2\/posts\/58179","targetHints":{"allow":["GET"]}}],"collection":[{"href":"https:\/\/miradordeatarfe.es\/index.php?rest_route=\/wp\/v2\/posts"}],"about":[{"href":"https:\/\/miradordeatarfe.es\/index.php?rest_route=\/wp\/v2\/types\/post"}],"author":[{"embeddable":true,"href":"https:\/\/miradordeatarfe.es\/index.php?rest_route=\/wp\/v2\/users\/1"}],"replies":[{"embeddable":true,"href":"https:\/\/miradordeatarfe.es\/index.php?rest_route=%2Fwp%2Fv2%2Fcomments&post=58179"}],"version-history":[{"count":2,"href":"https:\/\/miradordeatarfe.es\/index.php?rest_route=\/wp\/v2\/posts\/58179\/revisions"}],"predecessor-version":[{"id":58182,"href":"https:\/\/miradordeatarfe.es\/index.php?rest_route=\/wp\/v2\/posts\/58179\/revisions\/58182"}],"wp:featuredmedia":[{"embeddable":true,"href":"https:\/\/miradordeatarfe.es\/index.php?rest_route=\/wp\/v2\/media\/58180"}],"wp:attachment":[{"href":"https:\/\/miradordeatarfe.es\/index.php?rest_route=%2Fwp%2Fv2%2Fmedia&parent=58179"}],"wp:term":[{"taxonomy":"category","embeddable":true,"href":"https:\/\/miradordeatarfe.es\/index.php?rest_route=%2Fwp%2Fv2%2Fcategories&post=58179"},{"taxonomy":"post_tag","embeddable":true,"href":"https:\/\/miradordeatarfe.es\/index.php?rest_route=%2Fwp%2Fv2%2Ftags&post=58179"}],"curies":[{"name":"wp","href":"https:\/\/api.w.org\/{rel}","templated":true}]}}