{"id":582,"date":"2015-03-01T19:46:20","date_gmt":"2015-03-01T18:46:20","guid":{"rendered":"http:\/\/miradordeatarfe.es\/?p=582"},"modified":"2020-06-26T13:20:05","modified_gmt":"2020-06-26T11:20:05","slug":"la-diada-mas-triste-por-alberto-granados","status":"publish","type":"post","link":"https:\/\/miradordeatarfe.es\/?p=582","title":{"rendered":"LA DIADA M\u00c1S TRISTE &#8211; Por Alberto Granados"},"content":{"rendered":"<p>El proceso independentista catal\u00e1n encuentra en la diada de hoy un verdadero cauce para expresar su batalla contra la ley vigente, contra un sector de la propia sociedad catalana y contra el resto del estado espa\u00f1ol. Es la gran ocasi\u00f3n, el <em>ensayo general con tutti<\/em>, de los anhelos separatistas que el se\u00f1or Mas ha sembrado y potenciado, en buena medida para ocultar su incapacidad pol\u00edtica.<\/p>\n<p>No soy qui\u00e9n para decirle a los catalanes lo que deben sentir en su coraz\u00f3n, en la misma medida que ning\u00fan catal\u00e1n puede decidir mi postura sobre la unidad de un estado mantenida durante m\u00e1s de quinientos a\u00f1os. No soy quien para desautorizar el catalanismo separatista, pero ning\u00fan catal\u00e1n podr\u00e1 criticar mi \u201cnacionalismo espa\u00f1ol\u201d, t\u00e9rmino equ\u00edvoco con que se ha pretendido definir mi actitud frente al problema. No me llamo Felipe V, no creo haber perjudicado a ning\u00fan catal\u00e1n, ni soy un invasor de nadie ni de nada. No los he convertido en v\u00edctimas de mi explotaci\u00f3n. M\u00e1s bien he admirado siempre el cosmopolitismo, la modernidad, la competitividad y otras muchas virtudes\u00a0 bien patentes en Catalu\u00f1a.<\/p>\n<p>Por otra parte, he vivido siempre en Andaluc\u00eda, un panorama hist\u00f3rico y humano cuya mayor virtud es, probablemente, el ser francos, abiertos, acogedores y siempre inclusivos. Nos han invadido a lo largo de los siglos mil pueblos y en poco tiempo la poblaci\u00f3n aut\u00f3ctona y los invasores estaban \u201ccolegueando\u201d en una atm\u00f3sfera de convivencia y mestizaje perfectamente asumido. Por eso no encuentro raz\u00f3n de ser a los nacionalismos en la era de la aldea global ni encuentro justificable el victimismo catal\u00e1n. Veo en todo nacionalismo un simple sarampi\u00f3n decimon\u00f3nico que siempre oculta los interese de una nueva casta pol\u00edtica que mira con usura el pastel de poder pol\u00edtico a repartirse.<\/p>\n<p>La maniobra encabezada por el se\u00f1or Mas lleva siendo noticia muchos meses y estoy harto. Es cierto que en Catalu\u00f1a siempre ha existido un sustrato independentista, pero Mas lo ha sabido canalizar para enmascarar su ineficacia, su endeudamiento insalvable, y est\u00e1 consiguiendo que la poblaci\u00f3n catalana (los catalanes de toda la vida y los charnegos que intentan demostrar su <em>limpieza de sangre<\/em> catalanista a toda costa) se movilice exclusivamente por el monotema de las ofensas recibidas de Espa\u00f1a y la imperiosa necesidad de independizarse.<\/p>\n<p><a href=\"https:\/\/i0.wp.com\/miradordeatarfe.es\/wp-content\/uploads\/2015\/03\/el-roto-en-el-pac3ads-de-hoy.jpg?ssl=1\"><img data-recalc-dims=\"1\" loading=\"lazy\" decoding=\"async\" class=\" size-full wp-image-583 aligncenter\" src=\"https:\/\/i0.wp.com\/miradordeatarfe.es\/wp-content\/uploads\/2015\/03\/el-roto-en-el-pac3ads-de-hoy.jpg?resize=263%2C299&#038;ssl=1\" alt=\"el-roto-en-el-pac3ads-de-hoy\" width=\"263\" height=\"299\" \/><\/a><\/p>\n<p>Con su pan se lo coman. Repito que estoy harto. Si se quieren ir, que se vayan. En este conflicto no se ve soluci\u00f3n. Una sobrina jovenc\u00edsima que vive en Barcelona y est\u00e1 pasando unos d\u00edas en casa me defin\u00eda magistralmente el problema:<\/p>\n<p>-Es que quiero que me quieras.<\/p>\n<p>-S\u00ed, pero es que no te quiero y se impone la ruptura.<\/p>\n<p>Pues eso mismo. Si no hay soluci\u00f3n, si Catalu\u00f1a no va a querer a Espa\u00f1a, si han no han sentido escr\u00fapulos al tergiversar la historia (recuerden un congreso de Historia (?) llamado \u201cEspa\u00f1a contra Catalu\u00f1a\u201d), si no hay otra alternativa que la independencia, que se vayan de una vez, con refer\u00e9ndum o por las bravas. Pero sin un solo tiro, sin un muerto, sin un nuevo h\u00e9roe producto de la maltratadora y malvada Espa\u00f1a.<\/p>\n<p>Cuando se vayan, lo sentir\u00e9 y me quedar\u00e9 dolido, sea eso nacionalismo espa\u00f1ol o sea simple sentido com\u00fan. Pero que se vayan con todas las consecuencias. Si mi sobrina explica el problema en t\u00e9rminos de pareja, volvamos al s\u00edmil:<\/p>\n<p>-Te vas y no quiero volver a saber nada de ti. Suerte y olv\u00eddame \u2013podr\u00eda decir el despechado por el abandono.<\/p>\n<p>Hoy veremos en los telediarios una muchedumbre enfervorecida por sus se\u00f1as catalanas. Para m\u00ed ser\u00e1 una trist\u00edsima diada, mientras para <em>la causa<\/em> ser\u00e1 un irrepetible momento de gloria. Se manejar\u00e1n gloriosas cifras de participaci\u00f3n y Mas entrar\u00e1 en el olimpo catalanista como h\u00e9roe. Tal vez se soslaye a esa otra parte de la poblaci\u00f3n catalana que desea seguir unida a Espa\u00f1a, los nuevos metecos del catalanismo, de la misma forma en que se oculte la ruina econ\u00f3mica que puede suponer alcanzar la gloria catalanista, pero la Historia, que inexorablemente pone a cada cual en su sitio, hablar\u00e1 de todo este proceso como un hecho lamentable.<\/p>\n<p>Me pregunto qu\u00e9 va a ser de la literatura catalana en castellano (Mars\u00e9 o Mendoza, por ejemplo), qu\u00e9 pol\u00edtica tendr\u00e1n que adoptar las editoriales catalanas que han trabajado con autores que escriben en castellano (Seix Barral tiene un cat\u00e1logo predominantemente castellano), o si la pol\u00edtica cultural del nuevo r\u00e9gimen se surtir\u00e1 en lo relativo a las artes y la creaci\u00f3n exclusivamente de la riqueza aut\u00f3ctona, indudable pero mucho m\u00e1s limitada que si se le suma el resto del panorama espa\u00f1ol. Tambi\u00e9n me pregunto por los efectos econ\u00f3micos y empresariales, por el desarraigo de los espa\u00f1olistas, destinados a ser extranjeros en su propia tierra\u2026 Me pregunto muchas cosas, pero s\u00f3lo encuentro respuestas negativas.<\/p>\n<p>Bona sort, Catalunya.<\/p>\n<p>Alberto GranadosL<\/p>\n","protected":false},"excerpt":{"rendered":"<p>El proceso independentista catal\u00e1n encuentra en la diada de hoy un verdadero cauce para expresar&#8230;<\/p>\n","protected":false},"author":1,"featured_media":0,"comment_status":"closed","ping_status":"closed","sticky":false,"template":"","format":"standard","meta":{"_coblocks_attr":"","_coblocks_dimensions":"","_coblocks_responsive_height":"","_coblocks_accordion_ie_support":"","jetpack_post_was_ever_published":false,"_jetpack_newsletter_access":"","_jetpack_dont_email_post_to_subs":false,"_jetpack_newsletter_tier_id":0,"_jetpack_memberships_contains_paywalled_content":false,"_jetpack_memberships_contains_paid_content":false,"footnotes":"","jetpack_publicize_message":"","jetpack_publicize_feature_enabled":true,"jetpack_social_post_already_shared":false,"jetpack_social_options":{"image_generator_settings":{"template":"highway","default_image_id":0,"enabled":false},"version":2}},"categories":[39],"tags":[1182],"class_list":["post-582","post","type-post","status-publish","format-standard","hentry","category-opinion-de-alberto-granados","tag-diada"],"jetpack_publicize_connections":[],"jetpack_featured_media_url":"","jetpack_likes_enabled":true,"jetpack_sharing_enabled":true,"_links":{"self":[{"href":"https:\/\/miradordeatarfe.es\/index.php?rest_route=\/wp\/v2\/posts\/582","targetHints":{"allow":["GET"]}}],"collection":[{"href":"https:\/\/miradordeatarfe.es\/index.php?rest_route=\/wp\/v2\/posts"}],"about":[{"href":"https:\/\/miradordeatarfe.es\/index.php?rest_route=\/wp\/v2\/types\/post"}],"author":[{"embeddable":true,"href":"https:\/\/miradordeatarfe.es\/index.php?rest_route=\/wp\/v2\/users\/1"}],"replies":[{"embeddable":true,"href":"https:\/\/miradordeatarfe.es\/index.php?rest_route=%2Fwp%2Fv2%2Fcomments&post=582"}],"version-history":[{"count":1,"href":"https:\/\/miradordeatarfe.es\/index.php?rest_route=\/wp\/v2\/posts\/582\/revisions"}],"predecessor-version":[{"id":584,"href":"https:\/\/miradordeatarfe.es\/index.php?rest_route=\/wp\/v2\/posts\/582\/revisions\/584"}],"wp:attachment":[{"href":"https:\/\/miradordeatarfe.es\/index.php?rest_route=%2Fwp%2Fv2%2Fmedia&parent=582"}],"wp:term":[{"taxonomy":"category","embeddable":true,"href":"https:\/\/miradordeatarfe.es\/index.php?rest_route=%2Fwp%2Fv2%2Fcategories&post=582"},{"taxonomy":"post_tag","embeddable":true,"href":"https:\/\/miradordeatarfe.es\/index.php?rest_route=%2Fwp%2Fv2%2Ftags&post=582"}],"curies":[{"name":"wp","href":"https:\/\/api.w.org\/{rel}","templated":true}]}}