{"id":5820,"date":"2016-01-07T08:29:14","date_gmt":"2016-01-07T08:29:14","guid":{"rendered":"http:\/\/miradordeatarfe.es\/?p=5820"},"modified":"2016-01-04T16:33:32","modified_gmt":"2016-01-04T16:33:32","slug":"disfrutamos-con-las-fiestas-navidenas","status":"publish","type":"post","link":"https:\/\/miradordeatarfe.es\/?p=5820","title":{"rendered":"\u00bfDisfrutamos con las fiestas navide\u00f1as?"},"content":{"rendered":"<p>Hemos pasado la Nochevieja, A\u00f1o Nuevo y los Reyes Magos y m\u00e1s de uno empieza a estar un poco saturado con tanto festejo. \u00bfCu\u00e1nto disfrutamos con las navidades?<!--more-->Las <strong>Navidades<\/strong>, probablemente junto con las vacaciones de verano, son los dos periodos del a\u00f1o que la mayor\u00eda de espa\u00f1oles espera con m\u00e1s ganas. Las fiestas navide\u00f1as son el momento id\u00f3neo para reunirse con la familia y los amigos, dar y recibir regalos, comer en abundancia olvidando cualquier dieta y salir por ah\u00ed para festejar y pasarlo bien. Adem\u00e1s si eres cristiano no puedes olvidar el trasfondo de la Navidad, conmemorando el <strong>nacimiento de Jes\u00fas<\/strong>.<br \/>\nClaro que, para muchos, se convierten en unas festividades no tan buenas, porque en demasiadas ocasiones vivimos tal acumulaci\u00f3n de <strong>compromisos<\/strong> y celebraciones que nos agobiamos y tampoco podemos evitar pensar en la cantidad de <strong>excesos<\/strong> que realizamos sin tener en cuenta las miserias y estrecheces de tanta otra gente.<br \/>\nPor este motivo hemos querido contraponer lo bueno y lo malo de las fiestas navide\u00f1as y preguntar a<strong> 1.800 espa\u00f1oles<\/strong> de distintas edades, procedencias y niveles econ\u00f3micos si, verdaderamente, <strong>disfrutan con la Navidad y cu\u00e1l su opini\u00f3n sincera sobre ella<\/strong>.<br \/>\nTan s\u00f3lo, un peque\u00f1o <strong>7\u20199 %<\/strong> de los encuestados valora principalmente de la Navidad, que se trata de una<strong> fiesta cristiana para conmemorar el nacimiento de Jes\u00fas.<\/strong><br \/>\nUn sincero<strong> 10\u20197 %<\/strong> de los ciudadanos afirma<strong> odiar las fiestas navide\u00f1as<\/strong> y evitar, en la medida de lo posible, las celebraciones que conllevan. Incluso un grupo ligeramente superior, el <strong>13\u20197 %<\/strong> de los entrevistados, manifiesta que <strong>tener tantos compromisos y obligaciones en tan pocos d\u00edas les agobia mucho.<\/strong><br \/>\nUn importante sector que abarca al <strong>31\u20198 %<\/strong> de la poblaci\u00f3n califica a la Navidad de <strong>exceso consumista<\/strong> con tanta comilona y tanto regalo.<br \/>\nPor el contrario, un mayoritario<strong> 35\u20199 %<\/strong> de los encuestados se muestra m\u00e1s positivo y reconocen que l<strong>es gustan las Navidades<\/strong>, porque son una excelente excusa para festejar con la familia y los amigos y pasarlo bien.<\/p>\n<p>Al hacer uso de nuestras tradicionales herramientas de <strong>segmentaci\u00f3n valorando la edad y el sexo de los encuestados<\/strong>, observamos la dualidad de opiniones que existe en nuestra sociedad entorno a la Navidad. Para la mayor\u00eda de <strong>las mujeres<\/strong> y de las personas <strong>mayores de 40 a\u00f1os<\/strong> su primera opci\u00f3n cuando tienen que opinar sobre las fiestas navide\u00f1as es calificarlas de <strong>exceso consumista con demasiadas comilonas y regalos<\/strong>. Sin embargo, la mayor parte de<strong> los hombres<\/strong> y de<strong> los j\u00f3venes<\/strong> escogen la alternativa que se refiere a las Navidades como algo que les gusta, porque resulta <strong>una estupenda excusa para festejar con la familia, dar y recibir regalos y pasarlo bien<\/strong><\/p>\n<p>Aunque la opci\u00f3n m\u00e1s votada en esta encuesta es la que representa a aquellos ciudadanos a los que les gusta la Navidad, lo cierto es que <strong>la suma de las opciones menos positivas con las fiestas navide\u00f1as es mayoritaria<\/strong> y engloba a m\u00e1s de la mitad de los espa\u00f1oles, con especial incidencia, como hemos podido observar, entre los mayores de 40 a\u00f1os y las mujeres.<\/p>\n","protected":false},"excerpt":{"rendered":"<p>Hemos pasado la Nochevieja, A\u00f1o Nuevo y los Reyes Magos y m\u00e1s de uno empieza&#8230;<\/p>\n","protected":false},"author":1,"featured_media":5821,"comment_status":"closed","ping_status":"closed","sticky":false,"template":"","format":"standard","meta":{"_coblocks_attr":"","_coblocks_dimensions":"","_coblocks_responsive_height":"","_coblocks_accordion_ie_support":"","jetpack_post_was_ever_published":false,"_jetpack_newsletter_access":"","_jetpack_dont_email_post_to_subs":false,"_jetpack_newsletter_tier_id":0,"_jetpack_memberships_contains_paywalled_content":false,"_jetpack_memberships_contains_paid_content":false,"footnotes":"","jetpack_publicize_message":"","jetpack_publicize_feature_enabled":true,"jetpack_social_post_already_shared":false,"jetpack_social_options":{"image_generator_settings":{"template":"highway","default_image_id":0,"enabled":false},"version":2}},"categories":[9,44,15],"tags":[1945,1849,1946,1925],"class_list":["post-5820","post","type-post","status-publish","format-standard","has-post-thumbnail","hentry","category-medio-ambiente","category-noticias-de-hoy","category-ultimas-noticias","tag-comidas","tag-concierto-de-navidad","tag-eventos","tag-regalos"],"jetpack_publicize_connections":[],"jetpack_featured_media_url":"https:\/\/i0.wp.com\/miradordeatarfe.es\/wp-content\/uploads\/2016\/01\/navidad.jpg?fit=1199%2C448&ssl=1","jetpack_likes_enabled":true,"jetpack_sharing_enabled":true,"_links":{"self":[{"href":"https:\/\/miradordeatarfe.es\/index.php?rest_route=\/wp\/v2\/posts\/5820","targetHints":{"allow":["GET"]}}],"collection":[{"href":"https:\/\/miradordeatarfe.es\/index.php?rest_route=\/wp\/v2\/posts"}],"about":[{"href":"https:\/\/miradordeatarfe.es\/index.php?rest_route=\/wp\/v2\/types\/post"}],"author":[{"embeddable":true,"href":"https:\/\/miradordeatarfe.es\/index.php?rest_route=\/wp\/v2\/users\/1"}],"replies":[{"embeddable":true,"href":"https:\/\/miradordeatarfe.es\/index.php?rest_route=%2Fwp%2Fv2%2Fcomments&post=5820"}],"version-history":[{"count":1,"href":"https:\/\/miradordeatarfe.es\/index.php?rest_route=\/wp\/v2\/posts\/5820\/revisions"}],"predecessor-version":[{"id":5822,"href":"https:\/\/miradordeatarfe.es\/index.php?rest_route=\/wp\/v2\/posts\/5820\/revisions\/5822"}],"wp:featuredmedia":[{"embeddable":true,"href":"https:\/\/miradordeatarfe.es\/index.php?rest_route=\/wp\/v2\/media\/5821"}],"wp:attachment":[{"href":"https:\/\/miradordeatarfe.es\/index.php?rest_route=%2Fwp%2Fv2%2Fmedia&parent=5820"}],"wp:term":[{"taxonomy":"category","embeddable":true,"href":"https:\/\/miradordeatarfe.es\/index.php?rest_route=%2Fwp%2Fv2%2Fcategories&post=5820"},{"taxonomy":"post_tag","embeddable":true,"href":"https:\/\/miradordeatarfe.es\/index.php?rest_route=%2Fwp%2Fv2%2Ftags&post=5820"}],"curies":[{"name":"wp","href":"https:\/\/api.w.org\/{rel}","templated":true}]}}