{"id":58218,"date":"2022-12-23T08:11:25","date_gmt":"2022-12-23T07:11:25","guid":{"rendered":"https:\/\/miradordeatarfe.es\/?p=58218"},"modified":"2022-12-21T20:19:23","modified_gmt":"2022-12-21T19:19:23","slug":"los-talibanes-prohiben-la-educacion-universitaria-a-las-mujeres-en-afganistan","status":"publish","type":"post","link":"https:\/\/miradordeatarfe.es\/?p=58218","title":{"rendered":"Los talibanes proh\u00edben la educaci\u00f3n universitaria a las mujeres en Afganist\u00e1n"},"content":{"rendered":"<h3>El r\u00e9gimen isl\u00e1mico ya excluy\u00f3 a las mujeres de la educaci\u00f3n secundaria en una larga lista de restricciones tras tomar el poder el a\u00f1o pasado,<\/h3>\n<div class=\"second-col\">\n<p class=\"article-text\" style=\"text-align: justify;\">Las mujeres no podr\u00e1n asistir a las universidades en <a class=\"link\" href=\"https:\/\/www.eldiario.es\/temas\/afganistan\/\" data-mrf-recirculation=\"links-noticia\">Afganist\u00e1n<\/a>, seg\u00fan una orden publicada este martes por el Gobierno de los talibanes, en un <a class=\"link\" href=\"https:\/\/www.eldiario.es\/internacional\/detenciones-discriminacion-sistematica-matrimonios-forzados-asfixiante-represion-taliban-mujeres_1_9201979.html\" target=\"_blank\" rel=\"noopener\" data-mrf-recirculation=\"links-noticia\">nuevo movimiento de opresi\u00f3n del r\u00e9gimen fundamentalista<\/a>, que ya prohibi\u00f3 hace un a\u00f1o la educaci\u00f3n secundaria de ni\u00f1as.<\/p>\n<p class=\"article-text\" style=\"text-align: justify;\">La decisi\u00f3n emitida por el ministro de Educaci\u00f3n Superior de los talibanes, Shaikh Nida Muhammad Nadim, fue tomada tras una reuni\u00f3n del gabinete del Gobierno de los islamistas, seg\u00fan una misiva oficial publicada por medios afganos.<\/p>\n<p class=\"article-text\" style=\"text-align: justify;\">La carta dirigida a las autoridades de las universidades del sector p\u00fablico y privado instruye a los centros a prohibir todo tipo de educaci\u00f3n para mujeres \u201ccon efecto inmediato y hasta nuevo aviso\u201d.<\/p>\n<p class=\"article-text\" style=\"text-align: justify;\">La decisi\u00f3n de este martes est\u00e1 precedida de la prohibici\u00f3n a la educaci\u00f3n secundaria femenina impuesta <a class=\"link\" href=\"https:\/\/www.eldiario.es\/internacional\/talibanes-controlan-oposicion-capitales-provincia-afganistan_1_8220962.html\" target=\"_blank\" rel=\"noopener\" data-mrf-recirculation=\"links-noticia\">desde que los talibanes llegaron al poder en agosto del a\u00f1o pasado<\/a>.<\/p>\n<p class=\"article-text\" style=\"text-align: justify;\">Sin embargo, los islamistas hab\u00edan prometido en varias ocasiones que permitir\u00edan la educaci\u00f3n de las j\u00f3venes una vez que encontraran un modelo de ense\u00f1anza que se adecuara a la shar\u00eda o ley isl\u00e1mica.<\/p>\n<h3 class=\"article-text\" style=\"text-align: justify;\">Continuo retroceso<\/h3>\n<p class=\"article-text\" style=\"text-align: justify;\">A los largo de casi a\u00f1o y medio, estas restricciones se han sumado a otras <a class=\"link\" href=\"https:\/\/www.eldiario.es\/internacional\/theguardian\/vida-afganistan-ano-despues-vuelta-talibanes-golpean-ninas-sonreir_1_9231275.html\" target=\"_blank\" rel=\"noopener\" data-mrf-recirculation=\"links-noticia\">en un continuo retroceso de los derechos humanos<\/a> para las mujeres, como la segregaci\u00f3n por sexos en lugares p\u00fablicos, la imposici\u00f3n del burka o la obligaci\u00f3n de ir acompa\u00f1adas de un familiar masculino en trayectos largos.<\/p>\n<p class=\"article-text\" style=\"text-align: justify;\">\u201cMe invade la ira, la desesperanza, una sensaci\u00f3n de impotencia y culpa. Ning\u00fan paso adelante y un retroceso tan inmenso para Afganist\u00e1n en los \u00faltimos 16 meses. Tenemos que encontrar formas nuevas y creativas de mantener la luz encendida, para que la lucha contin\u00fae\u201d, escribi\u00f3 en Twitter la activista afgana Shaharzad Akbar.<\/p>\n<p class=\"article-text\" style=\"text-align: justify;\">Hace escasamente dos meses que miles de j\u00f3venes de todo el pa\u00eds se presentaron a las pruebas para acceder a las universidades, lo que supon\u00eda para miles chicas una de las \u00faltimas oportunidades para acceder a la educaci\u00f3n superior.<\/p>\n<p class=\"article-text\" style=\"text-align: justify;\">Entre ellas se encuentra Fatima Amiri, una joven <a class=\"link\" href=\"https:\/\/www.eldiario.es\/internacional\/afganos-minoria-hazara-huyen-pakistan-temor-talibanes-cuestion-vida-muerte_1_8258960.html\" target=\"_blank\" rel=\"noopener\" data-mrf-recirculation=\"links-noticia\">de la perseguida minor\u00eda chi\u00ed hazara<\/a>, que perdi\u00f3 uno de sus ojos en un ataque suicida en un centro educativo de Kabul y que a\u00fan con las heridas de aquel atentado se present\u00f3 a las pruebas de ingreso y logr\u00f3 un puesto en una de las principales instituciones de Kabul.<\/p>\n<p class=\"article-text\" style=\"text-align: justify;\">Estudiar inform\u00e1tica \u201cera mi sue\u00f1o\u201d, cont\u00f3 Amiri a EFE cuando se conocieron los resultados de admisi\u00f3n.<\/p>\n<p class=\"article-text\" style=\"text-align: justify;\">Pese a que prometieron que hab\u00edan cambiado, los talibanes <a class=\"link\" href=\"https:\/\/www.eldiario.es\/internacional\/theguardian\/talibanes-planean-prohibir-mujeres-afganas-practicar-deporte_1_8285435.html\" target=\"_blank\" rel=\"noopener\" data-mrf-recirculation=\"links-noticia\">han repetido el comportamiento<\/a> de su anterior r\u00e9gimen entre 1996 y 2001, cuando en base a una r\u00edgida interpretaci\u00f3n del islam y su estricto c\u00f3digo social conocido como <em>pastunwali<\/em> prohibieron la asistencia femenina a las escuelas y recluyeron a las mujeres en el hogar.<\/p>\n<h3 class=\"article-text\" style=\"text-align: justify;\">EEUU amenaza con \u201cconsecuencias significativas\u201d<\/h3>\n<p class=\"article-text\" style=\"text-align: justify;\">Estados Unidos amenaz\u00f3 este martes con \u201cconsecuencias\u201d para los talibanes por vetar el acceso a las mujeres en las universidades de Afganist\u00e1n, sin dar m\u00e1s detalles al respecto.<\/p>\n<p class=\"article-text\" style=\"text-align: justify;\">\u201cEstados Unidos condena en los t\u00e9rminos m\u00e1s en\u00e9rgicos la indefendible decisi\u00f3n de los talibanes de prohibir el ingreso de mujeres a las universidades\u201d, dijo el portavoz del Departamento de Estado, Ned Price, en una rueda de prensa.<\/p>\n<p class=\"article-text\" style=\"text-align: justify;\">Price calific\u00f3 de \u201cinaceptable\u201d el veto talib\u00e1n y advirti\u00f3 de que habr\u00e1 \u201cconsecuencias significativas para los talibanes, a la vez que los alejar\u00e1 a\u00fan m\u00e1s de la comunidad internacional\u201d. Asegur\u00f3 que Estados Unidos y sus aliados cuentan con \u201cuna serie de herramientas\u201d para hacer que \u201clos talibanes rindan cuentas\u201d, aunque evit\u00f3 entrar en m\u00e1s detalles por ahora.<\/p>\n<p class=\"article-text\" style=\"text-align: justify;\">Por su parte, la ONU inst\u00f3 este mi\u00e9rcoles a los talibanes a garantizar la igualdad de acceso a la educaci\u00f3n a todas las afganas. \u201cLa negaci\u00f3n de la educaci\u00f3n no solo viola la igualdad de derechos de mujeres y ni\u00f1as, sino que tendr\u00e1 un impacto devastador en el futuro del pa\u00eds\u201d, dijo en un comunicado St\u00e9phane Dujarric, portavoz del secretario general de la ONU, Ant\u00f3nio Guterres.<\/p>\n<p class=\"article-text\" style=\"text-align: justify;\">El secretario general \u201cest\u00e1 profundamente alarmado\u201d por esta decisi\u00f3n e inst\u00f3 a los fundamentalistas \u201ca garantizar la igualdad de acceso a la educaci\u00f3n en todos los niveles para mujeres y ni\u00f1as\u201d en Afganist\u00e1n, dice Dujarric.<\/p>\n<\/div>\n<p style=\"text-align: justify;\"><strong>EFE<\/strong><\/p>\n<p style=\"text-align: justify;\"><span class=\"title\">FOTO: J\u00f3venes afganas asisten a una ceremonia de graduaci\u00f3n en la Universidad Benawa en Kandahar, en Afganist\u00e1n, el 17 de marzo. <span class=\"author\"> EFE\/EPA<\/span><\/span><\/p>\n<p>https:\/\/www.eldiario.es\/internacional\/talibanes-ordenan-veto-mujeres-universidades-afganistan_1_9811614.html<\/p>\n","protected":false},"excerpt":{"rendered":"<p>El r\u00e9gimen isl\u00e1mico ya excluy\u00f3 a las mujeres de la educaci\u00f3n secundaria en una larga&#8230;<\/p>\n","protected":false},"author":1,"featured_media":58219,"comment_status":"closed","ping_status":"closed","sticky":false,"template":"","format":"standard","meta":{"_coblocks_attr":"","_coblocks_dimensions":"","_coblocks_responsive_height":"","_coblocks_accordion_ie_support":"","jetpack_post_was_ever_published":false,"_jetpack_newsletter_access":"","_jetpack_dont_email_post_to_subs":false,"_jetpack_newsletter_tier_id":0,"_jetpack_memberships_contains_paywalled_content":false,"_jetpack_memberships_contains_paid_content":false,"footnotes":"","jetpack_publicize_message":"","jetpack_publicize_feature_enabled":true,"jetpack_social_post_already_shared":true,"jetpack_social_options":{"image_generator_settings":{"template":"highway","default_image_id":0,"enabled":false},"version":2}},"categories":[1161,14,44,7671,15],"tags":[9873],"class_list":["post-58218","post","type-post","status-publish","format-standard","has-post-thumbnail","hentry","category-ciudadania","category-feminismo","category-noticias-de-hoy","category-politica","category-ultimas-noticias","tag-internacional-afganistan-talibanes-educacion-universidad-mujer"],"jetpack_publicize_connections":[],"jetpack_featured_media_url":"https:\/\/i0.wp.com\/miradordeatarfe.es\/wp-content\/uploads\/2022\/12\/TALIB.jpg?fit=880%2C495&ssl=1","jetpack_likes_enabled":true,"jetpack_sharing_enabled":true,"_links":{"self":[{"href":"https:\/\/miradordeatarfe.es\/index.php?rest_route=\/wp\/v2\/posts\/58218","targetHints":{"allow":["GET"]}}],"collection":[{"href":"https:\/\/miradordeatarfe.es\/index.php?rest_route=\/wp\/v2\/posts"}],"about":[{"href":"https:\/\/miradordeatarfe.es\/index.php?rest_route=\/wp\/v2\/types\/post"}],"author":[{"embeddable":true,"href":"https:\/\/miradordeatarfe.es\/index.php?rest_route=\/wp\/v2\/users\/1"}],"replies":[{"embeddable":true,"href":"https:\/\/miradordeatarfe.es\/index.php?rest_route=%2Fwp%2Fv2%2Fcomments&post=58218"}],"version-history":[{"count":2,"href":"https:\/\/miradordeatarfe.es\/index.php?rest_route=\/wp\/v2\/posts\/58218\/revisions"}],"predecessor-version":[{"id":58221,"href":"https:\/\/miradordeatarfe.es\/index.php?rest_route=\/wp\/v2\/posts\/58218\/revisions\/58221"}],"wp:featuredmedia":[{"embeddable":true,"href":"https:\/\/miradordeatarfe.es\/index.php?rest_route=\/wp\/v2\/media\/58219"}],"wp:attachment":[{"href":"https:\/\/miradordeatarfe.es\/index.php?rest_route=%2Fwp%2Fv2%2Fmedia&parent=58218"}],"wp:term":[{"taxonomy":"category","embeddable":true,"href":"https:\/\/miradordeatarfe.es\/index.php?rest_route=%2Fwp%2Fv2%2Fcategories&post=58218"},{"taxonomy":"post_tag","embeddable":true,"href":"https:\/\/miradordeatarfe.es\/index.php?rest_route=%2Fwp%2Fv2%2Ftags&post=58218"}],"curies":[{"name":"wp","href":"https:\/\/api.w.org\/{rel}","templated":true}]}}