{"id":58287,"date":"2022-12-29T11:24:56","date_gmt":"2022-12-29T10:24:56","guid":{"rendered":"https:\/\/miradordeatarfe.es\/?p=58287"},"modified":"2022-12-28T10:30:58","modified_gmt":"2022-12-28T09:30:58","slug":"atarfe-el-psoe-a-censura-que-juanma-moreno-haya-olvidado-la-ampliacion-del-metro-de-granada-a-atarfe","status":"publish","type":"post","link":"https:\/\/miradordeatarfe.es\/?p=58287","title":{"rendered":"ATARFE: El PSOE-A censura que Juanma Moreno \u00abhaya olvidado\u00bb la ampliaci\u00f3n del Metro de Granada a Atarfe"},"content":{"rendered":"<h3 style=\"text-align: justify;\">Noel L\u00f3pez ha pedido a la Junta de Andaluc\u00eda que sea \u00absensible\u00bb con las peticiones de la localidad, entre las que destaca ampliar el colegio de primaria y el centro de salud<\/h3>\n<p class=\"mce\" style=\"text-align: justify;\">El <strong class=\"mce\">secretario de Organizaci\u00f3n<\/strong> del <strong class=\"mce\">PSOE-A<\/strong> y parlamentario por Granada, Noel L\u00f3pez, ha pedido a la Junta de Andaluc\u00eda que sea \u00absensible con las necesidades y peticiones de los municipios andaluces y granadinos\u00bb, y tras reunirse con el alcalde de <strong class=\"mce\">Atarfe<\/strong>, Pedro Mart\u00ednez, ha denunciado que <strong class=\"mce\">proyectos como la ampliaci\u00f3n del CEIP Atalaya<\/strong> y <strong>del centro de salud atarfe\u00f1o<\/strong>, as\u00ed como la <strong class=\"mce\">financiaci\u00f3n para la llegada del Metro de Granada al municipio<\/strong>\u00a0del \u00c1rea Metropolitana no se hayan contemplado en los presupuestos andaluces.<\/p>\n<p class=\"mce\" style=\"text-align: justify;\">\u00abLa petici\u00f3n de Atarfe para ampliar el Metro hacia el Norte es una <strong class=\"mce\">reivindicaci\u00f3n m\u00e1s que l\u00f3gica<\/strong>, m\u00e1s si cabe cuando los socialistas y el Gobierno de Pedro S\u00e1nchez, a trav\u00e9s de los fondos <em class=\"mce\">Next Generation<\/em>, hemos sido capaces de respaldar econ\u00f3micamente el <strong class=\"mce\">impulso a la ampliaci\u00f3n sur de esta infraestructura desde Armilla a Las Gabias<\/strong>\u00ab, ha considerado L\u00f3pez.<\/p>\n<p class=\"mce\" style=\"text-align: justify;\">Junto a los parlamentarios granadinos Olga Manzano y Gerardo S\u00e1nchez; el socialista, que ha <strong class=\"mce\">criticado la falta de di\u00e1logo y consenso<\/strong> demostrada ayer por el Gobierno de Moreno Bonilla ante la aprobaci\u00f3n del presupuesto para 2023 y que, en el caso de Granada, <strong class=\"mce\">no contemplan sus verdaderas necesidades<\/strong>; se ha preguntado por qu\u00e9 la Junta no ha dotado con fondos propios esta ampliaci\u00f3n de metro para agilizar su construcci\u00f3n.<\/p>\n<p class=\"mce\" style=\"text-align: justify;\">\u00abLos socialistas hemos cumplido en movilidad y transporte p\u00fablico, pero nuevamente nos encontramos con la indolencia de Moreno Bonilla, a quien siempre que se le pide que arrime el hombro olvida su responsabilidad como presidente de la Junta a la espera de que sea el Gobierno de Pedro S\u00e1nchez qui\u00e9n d\u00e9 una soluci\u00f3n y aporte recursos a los municipios y a su ciudadan\u00eda\u00bb, ha expuesto. \u00abPor eso <strong class=\"mce\">nos vamos a comprometer con Atarfe, porque es fundamental apostar por la movilidad<\/strong> y, sobre todo, por el transporte p\u00fablico\u00bb, ha concluido.<\/p>\n<p class=\"mce\" style=\"text-align: justify;\">Por su parte, el alcalde de Atarfe, Pedro Mart\u00ednez, junto a miembros de su equipo de gobierno, ha considerado que este ninguneo del Gobierno andaluz es un <strong class=\"mce\">castigo para el municipio<\/strong>. \u00abNos sentimos defraudados de que el presidente Moreno Bonilla no haya contemplado en sus presupuestos estos proyectos tan necesarios ni las enmiendas socialistas\u00bb, ha reconocido.<\/p>\n<p style=\"text-align: justify;\">REDACCION DE GRANADA HOY<\/p>\n<p style=\"text-align: justify;\">FOTO: Imagen del encuentro del PSOE-A con el equipo de Gobierno de Atarfe <wbr \/> \/ <span class=\"source\">G. H.<\/span> <span class=\"author\">(Granada)<\/span><\/p>\n<p>https:\/\/www.granadahoy.com\/provincia\/PSOE-A-Juanma-Moreno-Granada-Atarfe-Metro_0_1750325845.html<\/p>\n","protected":false},"excerpt":{"rendered":"<p>Noel L\u00f3pez ha pedido a la Junta de Andaluc\u00eda que sea \u00absensible\u00bb con las peticiones&#8230;<\/p>\n","protected":false},"author":1,"featured_media":58288,"comment_status":"closed","ping_status":"closed","sticky":false,"template":"","format":"standard","meta":{"_coblocks_attr":"","_coblocks_dimensions":"","_coblocks_responsive_height":"","_coblocks_accordion_ie_support":"","jetpack_post_was_ever_published":false,"_jetpack_newsletter_access":"","_jetpack_dont_email_post_to_subs":false,"_jetpack_newsletter_tier_id":0,"_jetpack_memberships_contains_paywalled_content":false,"_jetpack_memberships_contains_paid_content":false,"footnotes":"","jetpack_publicize_message":"","jetpack_publicize_feature_enabled":true,"jetpack_social_post_already_shared":true,"jetpack_social_options":{"image_generator_settings":{"template":"highway","default_image_id":0,"enabled":false},"version":2}},"categories":[2,6916,187,44,7671,15],"tags":[9880,6416,2136],"class_list":["post-58287","post","type-post","status-publish","format-standard","has-post-thumbnail","hentry","category-atarfe","category-ayuntamiento-de-atarfe","category-centros-educativos","category-noticias-de-hoy","category-politica","category-ultimas-noticias","tag-ampliacion-del-centro-atalaya","tag-centro-de-salud","tag-metro"],"jetpack_publicize_connections":[],"jetpack_featured_media_url":"https:\/\/i0.wp.com\/miradordeatarfe.es\/wp-content\/uploads\/2022\/12\/Imagen-encuentro-PSOE-A-Gobierno-Atarfe_1750335388_173325506_667x375.jpg?fit=667%2C375&ssl=1","jetpack_likes_enabled":true,"jetpack_sharing_enabled":true,"_links":{"self":[{"href":"https:\/\/miradordeatarfe.es\/index.php?rest_route=\/wp\/v2\/posts\/58287","targetHints":{"allow":["GET"]}}],"collection":[{"href":"https:\/\/miradordeatarfe.es\/index.php?rest_route=\/wp\/v2\/posts"}],"about":[{"href":"https:\/\/miradordeatarfe.es\/index.php?rest_route=\/wp\/v2\/types\/post"}],"author":[{"embeddable":true,"href":"https:\/\/miradordeatarfe.es\/index.php?rest_route=\/wp\/v2\/users\/1"}],"replies":[{"embeddable":true,"href":"https:\/\/miradordeatarfe.es\/index.php?rest_route=%2Fwp%2Fv2%2Fcomments&post=58287"}],"version-history":[{"count":1,"href":"https:\/\/miradordeatarfe.es\/index.php?rest_route=\/wp\/v2\/posts\/58287\/revisions"}],"predecessor-version":[{"id":58289,"href":"https:\/\/miradordeatarfe.es\/index.php?rest_route=\/wp\/v2\/posts\/58287\/revisions\/58289"}],"wp:featuredmedia":[{"embeddable":true,"href":"https:\/\/miradordeatarfe.es\/index.php?rest_route=\/wp\/v2\/media\/58288"}],"wp:attachment":[{"href":"https:\/\/miradordeatarfe.es\/index.php?rest_route=%2Fwp%2Fv2%2Fmedia&parent=58287"}],"wp:term":[{"taxonomy":"category","embeddable":true,"href":"https:\/\/miradordeatarfe.es\/index.php?rest_route=%2Fwp%2Fv2%2Fcategories&post=58287"},{"taxonomy":"post_tag","embeddable":true,"href":"https:\/\/miradordeatarfe.es\/index.php?rest_route=%2Fwp%2Fv2%2Ftags&post=58287"}],"curies":[{"name":"wp","href":"https:\/\/api.w.org\/{rel}","templated":true}]}}