{"id":58293,"date":"2022-12-29T08:35:47","date_gmt":"2022-12-29T07:35:47","guid":{"rendered":"https:\/\/miradordeatarfe.es\/?p=58293"},"modified":"2022-12-28T10:46:28","modified_gmt":"2022-12-28T09:46:28","slug":"la-paradoja-de-la-comida-en-espana-suben-los-precios-y-tiramos-mas-a-la-basura-parte-1","status":"publish","type":"post","link":"https:\/\/miradordeatarfe.es\/?p=58293","title":{"rendered":"La paradoja de la comida en Espa\u00f1a: suben los precios y tiramos m\u00e1s a la basura (PARTE 1)"},"content":{"rendered":"<h3 class=\"resume__text is-inview\" data-scroll-speed=\"1.1\">En Europa se generan alrededor de 88 millones de toneladas de desperdicios alimentarios al a\u00f1o, mientras el precio de la cesta de la compra contin\u00faa increment\u00e1ndose.<\/h3>\n<p class=\"resume__text is-inview\" data-scroll-speed=\"1.1\">El Gobierno ha aprobado un proyecto de ley para tratar de poner soluci\u00f3n a este problema con multas de hasta 500.000 euros. Aunque lo cierto es que, algunas iniciativas particulares, ya llevan a\u00f1os tratando de paliar esta situaci\u00f3n.<\/p>\n<section class=\"init-center\" data-scroll-section=\"\" data-scroll-section-id=\"section2\">\n<div class=\"init-center__text\">\n<div>\n<p class=\"show is-inview\" data-scroll=\"\">ada vez pagamos m\u00e1s y nos llevamos menos. Es la sensaci\u00f3n (y la realidad) con la que muchos espa\u00f1oles atraviesan cada d\u00eda las puertas del supermercado. Y no se trata de unos cuantos productos aislados. Hablamos de <span class=\"bold\">casi todos los alimentos<\/span> que cualquier ciudadano medio necesita para subsistir. El aceite de oliva es ahora un 36,5% m\u00e1s caro que hace un a\u00f1o. Y en esta misma l\u00ednea, el resto: la pasta, un 28%; la leche, alrededor de un 17%; los huevos m\u00e1s de un 25% y, hasta el agua mineral, casi un 7%, seg\u00fan los \u00faltimos datos publicados por el Instituto Nacional de Estad\u00edstica (INE).<\/p>\n<p class=\"show is-inview\" data-scroll=\"\">De esta forma, la cesta de la compra subi\u00f3 una media del 9,4% entre el 20 de marzo de 2021 y el 8 de marzo de 2022. Aunque, eso s\u00ed, unos productos m\u00e1s que otros. Es la conclusi\u00f3n de un estudio de la Organizaci\u00f3n de Consumidores y Usuarios (OCU) tras recoger durante varios meses el valor de 156 productos en las tiendas \u2018online\u2019 de Alcampo, Caprabo, Carrefour, Condis, Dia, El Corte Ingl\u00e9s, Eroski, Hipercor y Mercadona en 10 ciudades distintas. Los establecimientos en que m\u00e1s se han disparado son <span class=\"bold\">Carrefour y Mercadona<\/span>.<\/p>\n<p class=\"show is-inview\" data-scroll=\"\">Seg\u00fan <a class=\"link\" href=\"https:\/\/www.ocu.org\/organizacion\/prensa\/notas-de-prensa\/2022\/incrementoprecios290422#:~:text=Los%20precios%20online%20en%20las,droguer%C3%ADa%20en%20diez%20ciudades%20espa%C3%B1olas.\" target=\"_blank\" rel=\"nofollow noopener\">los c\u00e1lculos<\/a> de la OCU, el gasto medio en alimentaci\u00f3n de las familias espa\u00f1olas en 2022 <span class=\"bold\">podr\u00eda incrementarse en unos 500 euros <\/span>con respecto a a\u00f1os anteriores. Actualmente, m\u00e1s de 36 millones de personas <a class=\"link\" href=\"https:\/\/ec.europa.eu\/food\/safety\/food-waste_en\" target=\"_blank\" rel=\"nofollow noopener\">no pueden permitirse<\/a> una comida de calidad cada dos d\u00edas. Al mismo tiempo que contin\u00faa increment\u00e1ndose el desperdicio alimentario. En Europa <a class=\"link\" href=\"http:\/\/www.eu-fusions.org\/phocadownload\/Publications\/Estimates%20of%20European%20food%20waste%20levels.pdf\" target=\"_blank\" rel=\"nofollow noopener\">se generan<\/a> alrededor de 88 millones de toneladas al a\u00f1o, que equivalen a un coste de m\u00e1s de <span class=\"bold\">140 mil millones de euros<\/span>. Espa\u00f1a no se queda atr\u00e1s: <a class=\"link\" href=\"https:\/\/www.miteco.gob.es\/images\/es\/resestrategiadesperdicio_tcm30-178822.pdf\" target=\"_blank\" rel=\"nofollow noopener\">ocupa<\/a> el <span class=\"bold\">s\u00e9ptimo lugar<\/span> en el ranking de pa\u00edses que m\u00e1s desperdician en el continente, con 7,7 millones de toneladas.<\/p>\n<\/div>\n<\/div>\n<\/section>\n<section class=\"summary-center\" data-scroll-section=\"\" data-scroll-section-id=\"section3\">\n<h3 class=\"summary-center__text\">El 3,5% de los alimentos frescos vendidos en las grandes cadenas de distribuci\u00f3n no llega a comercializarse, y de estos, m\u00e1s del 2% se desperdicia.<\/h3>\n<\/section>\n<section class=\"central\" data-scroll-section=\"\" data-scroll-section-id=\"section4\">\n<div class=\"central__content\">\n<p class=\"central__text show is-inview\" data-scroll=\"\">El informe \u2018Gesti\u00f3n del desperdicio alimentario en la gran distribuci\u00f3n\u2019 de Nielsen y Checkpoint en colaboraci\u00f3n con la AECOC confirma que el 3,5% de los alimentos frescos vendidos en las grandes cadenas de distribuci\u00f3n<span class=\"bold\"> no llega a comercializarse <\/span>, y de estos, m\u00e1s del 2% se desperdicia. La <span class=\"bold\">fruta<\/span>, que ha subido un<span class=\"bold\"> 8,7% con respecto al a\u00f1o pasado<\/span>, es la que m\u00e1s se desecha junto a las verduras. As\u00ed lo indicaron la mitad de los participantes del estudio, m\u00e1s incluso que <span class=\"bold\">el pescado (42%) o la carne (8%)<\/span> -que, precisamente, han aumentado su precio casi un 10% de media-.<\/p>\n<p class=\"central__text show is-inview\" data-scroll=\"\">La hosteler\u00eda tampoco se libra de este mal end\u00e9mico. <span class=\"bold\">Los restaurantes <a class=\"link\" href=\"https:\/\/www.unileverfoodsolutions.es\/dam\/ufs-es\/es\/brochure\/guis_gestion_de_mermas.pdf\" target=\"_blank\" rel=\"nofollow noopener\">arrojan<\/a> a la basura 2,5 kilos<\/span> de desperdicios a diario. Una cantidad que, seg\u00fan los <a class=\"link\" href=\"https:\/\/www.ocu.org\/alimentacion\/alimentos\/noticias\/desperdicio-restaurantes\" target=\"_blank\" rel=\"nofollow noopener\">c\u00e1lculos<\/a> de la OCU, supone <span class=\"bold\">m\u00e1s de 63.000 toneladas al a\u00f1o <\/span>en toda Espa\u00f1a. Y no son los \u00fanicos: bares, empresas&#8230; y las propias viviendas. El Ministerio de Agricultura, Pesca y Alimentaci\u00f3n apunta que tres de cada cuatro hogares tiran comida y bebida, lo que se traduce en <span class=\"bold\">1.364 millones de kilos al a\u00f1o<\/span>.<\/p>\n<\/div>\n<\/section>\n<section class=\"central\" data-scroll-section=\"\" data-scroll-section-id=\"section6\" data-scroll-section-inview=\"\">\n<div class=\"central__content\">\n<p class=\"central__text show is-inview\" data-scroll=\"\">La <span class=\"bold\">Comisi\u00f3n Europea<\/span> pretende reducir el 50% del desperdicio alimentario de aqu\u00ed a ocho a\u00f1os. Por su parte, Naciones Unidas se lo ha propuesto como objetivo n\u00famero 12 de su agenda 2030, que compromete a los pa\u00edses adscritos a garantizar una producci\u00f3n y consumo sostenibles. En este escenario, el Gobierno <a class=\"link\" href=\"https:\/\/www.mapa.gob.es\/es\/prensa\/ultimas-noticias\/el-gobierno-aprueba-una-ley-pionera-contra-el-desperdicio-alimentario-para-su-tramitaci%C3%B3n-parlamentaria\/tcm:30-620817#:~:text=La%20ley%20trata%20de%20fomentar,las%20fases%20de%20la%20cadena.\" target=\"_blank\" rel=\"nofollow noopener\">ha aprobado<\/a> un <span class=\"bold\">proyecto de ley contra el desperdicio alimentario <\/span>. Se espera que entre en vigor en enero de 2023. El objetivo es que las empresas de la cadena alimentaria reduzcan las p\u00e9rdidas y que los alimentos acaben teniendo otros usos. As\u00ed, los supermercados, bares y restaurantes tendr\u00e1n la obligaci\u00f3n de contar con un plan de prevenci\u00f3n que detalle el uso que dan a los alimentos antes de tirarlos; teniendo que priorizar, adem\u00e1s, el consumo humano a trav\u00e9s de donaciones. Las <span class=\"bold\">multas podr\u00e1n alcanzar los 500.000 euros <\/span>si no lo cumplen.<\/p>\n<section class=\"central\" data-scroll-section=\"\" data-scroll-section-id=\"section6\" data-scroll-section-inview=\"\">\n<div class=\"central__content\">\n<p class=\"central__text show is-inview\" data-scroll=\"\">\u201cLa ley es un gran paso, pero<span class=\"bold\"> cada vez tiramos m\u00e1s a la basura<\/span>, por eso seguimos necesitando muchas formas complementarias para atajarlo y que la <span class=\"bold\">conciencia llegue hasta los hogares<\/span>. La donaci\u00f3n est\u00e1 muy bien, pero desgraciadamente no vamos a solucionar el hambre en el mundo con aquello que sobra en los sistemas alimentarios de aquellos que podemos permitirnos comer tres veces al d\u00eda. Todo suma, y hay que combatir esto con diferentes perspectivas, desde la prevenci\u00f3n hasta la educaci\u00f3n, comenta Helena Calvo, directora de proyectos de impacto de<span class=\"bold\"> Too Good To Go<\/span>, una \u2018app\u2019 que combate el desperdicio alimentario.<\/p>\n<\/div>\n<\/section>\n<section class=\"central\" data-scroll-section=\"\" data-scroll-section-id=\"section8\" data-scroll-section-inview=\"\">\n<div class=\"central__content\">\n<h3 class=\"central__title\">https:\/\/www.elconfidencial.com\/consumo\/2022-07-06\/desperdicio-alimentario-subida-precio-alimentos_3455513\/<\/h3>\n<\/div>\n<\/section>\n<\/div>\n<\/section>\n","protected":false},"excerpt":{"rendered":"<p>En Europa se generan alrededor de 88 millones de toneladas de desperdicios alimentarios al a\u00f1o,&#8230;<\/p>\n","protected":false},"author":1,"featured_media":58294,"comment_status":"closed","ping_status":"closed","sticky":false,"template":"","format":"standard","meta":{"_coblocks_attr":"","_coblocks_dimensions":"","_coblocks_responsive_height":"","_coblocks_accordion_ie_support":"","jetpack_post_was_ever_published":false,"_jetpack_newsletter_access":"","_jetpack_dont_email_post_to_subs":false,"_jetpack_newsletter_tier_id":0,"_jetpack_memberships_contains_paywalled_content":false,"_jetpack_memberships_contains_paid_content":false,"footnotes":"","jetpack_publicize_message":"","jetpack_publicize_feature_enabled":true,"jetpack_social_post_already_shared":true,"jetpack_social_options":{"image_generator_settings":{"template":"highway","default_image_id":0,"enabled":false},"version":2}},"categories":[7725,1161,44,6937,15,10],"tags":[220,1397,164],"class_list":["post-58293","post","type-post","status-publish","format-standard","has-post-thumbnail","hentry","category-atarfe-sostenible","category-ciudadania","category-noticias-de-hoy","category-sociedad","category-ultimas-noticias","category-salud","tag-alimentacion","tag-basura","tag-consumo"],"jetpack_publicize_connections":[],"jetpack_featured_media_url":"https:\/\/i0.wp.com\/miradordeatarfe.es\/wp-content\/uploads\/2022\/12\/18ac877ccd3ab5beef2956278d46d935.jpg?fit=1459%2C974&ssl=1","jetpack_likes_enabled":true,"jetpack_sharing_enabled":true,"_links":{"self":[{"href":"https:\/\/miradordeatarfe.es\/index.php?rest_route=\/wp\/v2\/posts\/58293","targetHints":{"allow":["GET"]}}],"collection":[{"href":"https:\/\/miradordeatarfe.es\/index.php?rest_route=\/wp\/v2\/posts"}],"about":[{"href":"https:\/\/miradordeatarfe.es\/index.php?rest_route=\/wp\/v2\/types\/post"}],"author":[{"embeddable":true,"href":"https:\/\/miradordeatarfe.es\/index.php?rest_route=\/wp\/v2\/users\/1"}],"replies":[{"embeddable":true,"href":"https:\/\/miradordeatarfe.es\/index.php?rest_route=%2Fwp%2Fv2%2Fcomments&post=58293"}],"version-history":[{"count":1,"href":"https:\/\/miradordeatarfe.es\/index.php?rest_route=\/wp\/v2\/posts\/58293\/revisions"}],"predecessor-version":[{"id":58295,"href":"https:\/\/miradordeatarfe.es\/index.php?rest_route=\/wp\/v2\/posts\/58293\/revisions\/58295"}],"wp:featuredmedia":[{"embeddable":true,"href":"https:\/\/miradordeatarfe.es\/index.php?rest_route=\/wp\/v2\/media\/58294"}],"wp:attachment":[{"href":"https:\/\/miradordeatarfe.es\/index.php?rest_route=%2Fwp%2Fv2%2Fmedia&parent=58293"}],"wp:term":[{"taxonomy":"category","embeddable":true,"href":"https:\/\/miradordeatarfe.es\/index.php?rest_route=%2Fwp%2Fv2%2Fcategories&post=58293"},{"taxonomy":"post_tag","embeddable":true,"href":"https:\/\/miradordeatarfe.es\/index.php?rest_route=%2Fwp%2Fv2%2Ftags&post=58293"}],"curies":[{"name":"wp","href":"https:\/\/api.w.org\/{rel}","templated":true}]}}