{"id":58296,"date":"2022-12-30T08:42:06","date_gmt":"2022-12-30T07:42:06","guid":{"rendered":"https:\/\/miradordeatarfe.es\/?p=58296"},"modified":"2022-12-28T10:46:52","modified_gmt":"2022-12-28T09:46:52","slug":"la-paradoja-de-la-comida-en-espana-suben-los-precios-y-tiramos-mas-a-la-basura-parte-2","status":"publish","type":"post","link":"https:\/\/miradordeatarfe.es\/?p=58296","title":{"rendered":"La paradoja de la comida en Espa\u00f1a: suben los precios y tiramos m\u00e1s a la basura (PARTE 2)"},"content":{"rendered":"<h3 class=\"central__title\">La iniciativa que ha evitado el desperdicio de 7.000 toneladas de comida<\/h3>\n<section class=\"grid__section\" data-scroll-section=\"\" data-scroll-section-id=\"section9\">\n<div class=\"grid\">\n<div class=\"grid__text grid__left\">\n<p class=\"show is-inview\" data-scroll=\"\">Mucho antes de aparecer esta ley, ya exist\u00edan iniciativas que combat\u00edan el problema. Es el caso de <span class=\"bold\">esta empresa danesa<\/span> que, adem\u00e1s de \u2018salvar\u2019 alimentos que acabar\u00edan de otro modo en el cubo de la basura, trata, de paso, de echar un cable a todos aquellos que tienen dificultades para llegar a fin de mes con precios econ\u00f3micos. Su funcionamiento es sencillo: <strong>conecta a los establecimientos y a los usuarios para que los primeros puedan<span class=\"bold\"> vender sus excedentes de comida<\/span> mediante \u2018packs\u2019 sorpresa; a\u00f1aden aquello que ha sobrado en sus cocinas y lo ofrecen a un bajo precio.<\/strong><\/p>\n<p class=\"show is-inview\" data-scroll=\"\">Nada m\u00e1s entrar en la \u2018app\u2019 los usuarios pueden ver los establecimientos que tienen a su alrededor. El contenido siempre es sorpresa, ya que depende del excedente de cada d\u00eda. Aunque, eso s\u00ed, \u201csiempre ser\u00e1n productos de calidad, frescos y en su mayor\u00eda elaborados durante la jornada\u201d, aclara Helena. Los precios son econ\u00f3micos. Por poner un ejemplo, las personas que lo utilizan pueden llegar a llevarse dos tuppers por <span class=\"bold\">cuatro euros<\/span>. Aunque depender\u00e1 de cada local. Eso s\u00ed, tendr\u00e1n que desplazarse a recogerlo porque no ofrecen servicio a domicilio.<\/p>\n<\/div>\n<div class=\"grid__right\">\u00a0<\/div>\n<\/div>\n<\/section>\n<section class=\"img-big\" data-scroll-section=\"\" data-scroll-section-id=\"section10\">\n<div>\n<figure class=\"img-big__img\"><img data-recalc-dims=\"1\" decoding=\"async\" class=\"img-scale is-inview\" src=\"https:\/\/i0.wp.com\/static.ecestaticos.com\/file\/bba\/e33\/508\/bbae335085e3bf9e820b9deabde8cc13.jpg?w=640&#038;ssl=1\" alt=\"Pedido Too Good to Go\" data-scroll=\"\" data-scroll-speed=\"-1.5\" \/><\/figure>\n<p><span class=\"caption--soft\">Foto<\/span> too good to go<\/div>\n<\/section>\n<section class=\"grid__section\" data-scroll-section=\"\" data-scroll-section-id=\"section11\" data-scroll-section-inview=\"\">\n<div class=\"grid\">\n<div class=\"grid__text grid__left\">\u00a0<\/div>\n<div class=\"grid__right\">\n<p class=\"grid__text show is-inview\" data-scroll=\"\">La idea surgi\u00f3 en Dinamarca en 2016. Un grupo de amigos se encontraba en un buffet y se pararon a observar, indignados, c\u00f3mo los camareros tiraban toda la comida no consumida al final de la cena. En ese momento decidieron que ten\u00edan que actuar. A d\u00eda de hoy ya est\u00e1n presentes en 17 pa\u00edses europeos, Estados Unidos y Canad\u00e1. A Espa\u00f1a llegaron en 2018; y cada vez son m\u00e1s los restaurantes, hoteles, supermercados, panader\u00edas y fruter\u00edas, entre otros, los que se suman a esta iniciativa. En nuestro pa\u00eds ya son cinco millones de usuarios, casi 5.000 establecimientos y<span class=\"bold\"> m\u00e1s de siete millones de packs salvados <\/span>, \u201cel equivalente a haber evitado el desperdicio de m\u00e1s de 7.000 toneladas de comida\u201d, aclara Helena.<\/p>\n<p class=\"grid__text show is-inview\" data-scroll=\"\">La educaci\u00f3n es otro de sus pilares. A menudo ponen en marcha <a class=\"link\" href=\"https:\/\/toogoodtogo.es\/es\/campaign\/best-before\" target=\"_blank\" rel=\"nofollow noopener\">campa\u00f1as<\/a> como, por ejemplo, &#8216;Fechas con sentido:<a class=\"link\" href=\"https:\/\/toogoodtogo.es\/es\/campaign\/best-before\" target=\"_blank\" rel=\"nofollow noopener\"> Mira, huele, prueba&#8217;<\/a>, para ense\u00f1ar a la sociedad la diferencia entre <span class=\"bold\">caducidad y consumo preferente<\/span>. Adem\u00e1s, ofrecen de forma gratuita materiales y talleres did\u00e1cticos sobre el desperdicio de alimentos para alumnos de primaria, secundaria y educaci\u00f3n superior que los profesores pueden incluir en sus clases. \u201cEl desperdicio de alimentos es responsable de hasta el 10% de las emisiones globales de gases de efecto invernadero. Los j\u00f3venes son conscientes del cambio clim\u00e1tico y est\u00e1n listos para actuar. La educaci\u00f3n juega un papel crucial en la reducci\u00f3n del desperdicio de alimentos y <span class=\"bold\">es importante que en las aulas se ense\u00f1e <\/span>y se fomente el consumo responsable lo antes posible; es la \u00fanica f\u00f3rmula para cambiar, a la larga, esta situaci\u00f3n\u201d, concluye Helena Calvo.<\/p>\n<\/div>\n<\/div>\n<\/section>\n<section class=\"credits\" data-scroll-section=\"\" data-scroll-section-id=\"section12\" data-scroll-section-inview=\"\">\n<div class=\"credits__container\">\n<h5 class=\"credits__title\">Cr\u00e9ditos<\/h5>\n<ul class=\"credits__list\">\n<li class=\"credits__list--item\">\n<p class=\"item__title\">Reportaje<\/p>\n<p class=\"item__name\">ROC\u00cdO ROMERO<\/p>\n<\/li>\n<li class=\"credits__list--item\">\n<p class=\"item__title\">Dise\u00f1o y direcci\u00f3n de arte<\/p>\n<p class=\"item__name\">Fernando Puente<\/p>\n<\/li>\n<li class=\"credits__list--item\">\n<p class=\"item__title\">Maquetaci\u00f3n<\/p>\n<p class=\"item__name\">Mar\u00eda del Mar P\u00e9rez<\/p>\n<\/li>\n<\/ul>\n<\/div>\n<\/section>\n<section class=\"banner banner__desktop\" data-scroll-section=\"\" data-scroll-section-id=\"section13\" data-scroll-section-inview=\"\"><\/section>\n","protected":false},"excerpt":{"rendered":"<p>La iniciativa que ha evitado el desperdicio de 7.000 toneladas de comida Mucho antes de&#8230;<\/p>\n","protected":false},"author":1,"featured_media":58298,"comment_status":"closed","ping_status":"closed","sticky":false,"template":"","format":"standard","meta":{"_coblocks_attr":"","_coblocks_dimensions":"","_coblocks_responsive_height":"","_coblocks_accordion_ie_support":"","jetpack_post_was_ever_published":false,"_jetpack_newsletter_access":"","_jetpack_dont_email_post_to_subs":false,"_jetpack_newsletter_tier_id":0,"_jetpack_memberships_contains_paywalled_content":false,"_jetpack_memberships_contains_paid_content":false,"footnotes":"","jetpack_publicize_message":"","jetpack_publicize_feature_enabled":true,"jetpack_social_post_already_shared":true,"jetpack_social_options":{"image_generator_settings":{"template":"highway","default_image_id":0,"enabled":false},"version":2}},"categories":[7725,1161,44,7671,15,10],"tags":[220,1397,164],"class_list":["post-58296","post","type-post","status-publish","format-standard","has-post-thumbnail","hentry","category-atarfe-sostenible","category-ciudadania","category-noticias-de-hoy","category-politica","category-ultimas-noticias","category-salud","tag-alimentacion","tag-basura","tag-consumo"],"jetpack_publicize_connections":[],"jetpack_featured_media_url":"https:\/\/i0.wp.com\/miradordeatarfe.es\/wp-content\/uploads\/2022\/12\/COMIDA.jpg?fit=1920%2C1109&ssl=1","jetpack_likes_enabled":true,"jetpack_sharing_enabled":true,"_links":{"self":[{"href":"https:\/\/miradordeatarfe.es\/index.php?rest_route=\/wp\/v2\/posts\/58296","targetHints":{"allow":["GET"]}}],"collection":[{"href":"https:\/\/miradordeatarfe.es\/index.php?rest_route=\/wp\/v2\/posts"}],"about":[{"href":"https:\/\/miradordeatarfe.es\/index.php?rest_route=\/wp\/v2\/types\/post"}],"author":[{"embeddable":true,"href":"https:\/\/miradordeatarfe.es\/index.php?rest_route=\/wp\/v2\/users\/1"}],"replies":[{"embeddable":true,"href":"https:\/\/miradordeatarfe.es\/index.php?rest_route=%2Fwp%2Fv2%2Fcomments&post=58296"}],"version-history":[{"count":1,"href":"https:\/\/miradordeatarfe.es\/index.php?rest_route=\/wp\/v2\/posts\/58296\/revisions"}],"predecessor-version":[{"id":58299,"href":"https:\/\/miradordeatarfe.es\/index.php?rest_route=\/wp\/v2\/posts\/58296\/revisions\/58299"}],"wp:featuredmedia":[{"embeddable":true,"href":"https:\/\/miradordeatarfe.es\/index.php?rest_route=\/wp\/v2\/media\/58298"}],"wp:attachment":[{"href":"https:\/\/miradordeatarfe.es\/index.php?rest_route=%2Fwp%2Fv2%2Fmedia&parent=58296"}],"wp:term":[{"taxonomy":"category","embeddable":true,"href":"https:\/\/miradordeatarfe.es\/index.php?rest_route=%2Fwp%2Fv2%2Fcategories&post=58296"},{"taxonomy":"post_tag","embeddable":true,"href":"https:\/\/miradordeatarfe.es\/index.php?rest_route=%2Fwp%2Fv2%2Ftags&post=58296"}],"curies":[{"name":"wp","href":"https:\/\/api.w.org\/{rel}","templated":true}]}}