{"id":58310,"date":"2023-01-02T08:18:15","date_gmt":"2023-01-02T07:18:15","guid":{"rendered":"https:\/\/miradordeatarfe.es\/?p=58310"},"modified":"2022-12-30T21:49:29","modified_gmt":"2022-12-30T20:49:29","slug":"los-mejores-comics-de-2022-a-escala-nacional","status":"publish","type":"post","link":"https:\/\/miradordeatarfe.es\/?p=58310","title":{"rendered":"Los mejores c\u00f3mics de 2022 a escala nacional"},"content":{"rendered":"<h3 style=\"text-align: justify;\">Vamos a m\u00e1s<\/h3>\n<p style=\"text-align: justify;\">Vamos a m\u00e1s. A much\u00edsimo m\u00e1s. Porque aqu\u00ed hay mucho talento trabajando para nuestro mercado, el franc\u00e9s o el estadounidense. Pero el talento no tiene limitaciones, por lo que en el universo del c\u00f3mic espa\u00f1ol tan pronto podemos encontrarnos con obras que crecen a fuerza de experimentaci\u00f3n como otras que se levantan sobre historias cl\u00e1sicas. Y me alegro mucho de que as\u00ed sea, lo mismo que cualquiera de nosotros puede disfrutar de g\u00e9neros musicales diversos. Con ello quiero subrayar la gran variedad de registros y tipos de c\u00f3mics que se encontrar\u00e1n en nuestra selecci\u00f3n de t\u00edtulos favoritos del a\u00f1o. Pero, como solemos decir, esta es \u00fanicamente una peque\u00f1a parte de lo que nos ha gustado esta temporada.<\/p>\n<p style=\"text-align: justify;\">Como puede imaginarse, se han publicado much\u00edsimos m\u00e1s t\u00edtulos que tambi\u00e9n merecen destacarse. Podr\u00edamos empezar por<strong> \u201cEspada\u201d<\/strong> (Anabel Colazo) y seguir con<strong> \u201cDiez mil elefantes\u201d<\/strong> (Ortin y Esono Ebal\u00e9), <strong>\u201cEl diablo y el se\u00f1or Twain\u201d<\/strong> (Azpitarte y Bao), \u201c<strong>La guerra de los mundos\u201d<\/strong> (Garc\u00eda y Olivares), <strong>\u201cEl hombre que plantaba \u00e1rboles\u201d<\/strong> (Sandra Hern\u00e1ndez), <strong>\u201cLa estirpe fracasada\u201d<\/strong> (Elisa Riera),<strong> \u201cGentlemind\u201d<\/strong> (Canales, Valero y Lapone), <strong>\u201cKaya\u201d<\/strong> (Luis NCT)<strong>, \u201cUn oso en Marruecos\u201d<\/strong> (Silvestre y Mr. Ed),<strong> \u201cObras incompletas (2015-2022)\u201d<\/strong> (Montatore) y otras firmadas por, entre otros, Bego\u00f1a Garc\u00eda-Al\u00e9n, \u00c1lvaro Ortiz, Ana Oncina, Laura P\u00e9rez, Abraham Mart\u00ednez, Xavier Coste, Emmanuel Pe\u00f1a, Carlos Portela y Sergi San Juli\u00e1n, Mariano Pardo, Kenny Ruiz, Joan C. o Jos\u00e9 Lu\u00eds Cano. Y aprovecho este breve espacio para agradecer tambi\u00e9n la confianza de las editoriales y el imprescindible esfuerzo de nuestros colaboradores y colaboradoras. <strong>Joan S. Luna<\/strong><\/p>\n<h3 style=\"text-align: justify;\"><a href=\"https:\/\/www.mondosonoro.com\/criticas\/comics\/chacales\/\">1.- Chacales<\/a><\/h3>\n<p style=\"text-align: justify;\"><img data-recalc-dims=\"1\" loading=\"lazy\" decoding=\"async\" class=\"alignnone size-full wp-image-407959 lazyloaded\" src=\"https:\/\/i0.wp.com\/www.mondosonoro.com\/wp-content\/uploads\/2022\/12\/chacales-comic.jpg?resize=180%2C240&#038;ssl=1\" sizes=\"auto, (max-width: 180px) 100vw, 180px\" srcset=\"https:\/\/www.mondosonoro.com\/wp-content\/uploads\/2022\/12\/chacales-comic.jpg 180w, https:\/\/www.mondosonoro.com\/wp-content\/uploads\/2022\/12\/chacales-comic-43x57.jpg 43w\" alt=\"\" width=\"180\" height=\"240\" data-srcset=\"https:\/\/www.mondosonoro.com\/wp-content\/uploads\/2022\/12\/chacales-comic.jpg 180w, https:\/\/www.mondosonoro.com\/wp-content\/uploads\/2022\/12\/chacales-comic-43x57.jpg 43w\" data-src=\"https:\/\/www.mondosonoro.com\/wp-content\/uploads\/2022\/12\/chacales-comic.jpg\" data-sizes=\"(max-width: 180px) 100vw, 180px\" \/><\/p>\n<p style=\"text-align: justify;\"><strong>Nadia Hafid<\/strong><\/p>\n<h5 style=\"text-align: justify;\">Sapristi<\/h5>\n<p style=\"text-align: justify;\">Coloquialmente usamos la palabra chacal para referirnos a alguien solitario y da\u00f1ino para la sociedad, que debe vivir alejado de los dem\u00e1s. No es extra\u00f1o que Nadia Hafid haya escogido ese animal \u2013t\u00f3tem, por otro lado, muy poderoso en algunas culturas\u2013, para referirse a los tres personajes de esta novela gr\u00e1fica. Si \u201cEl buen padre\u201d (Sapristi, 20) fue una declaraci\u00f3n de intenciones en toda regla, un \u201caqu\u00ed estoy porque he venido\u201d por el que Hafid se llev\u00f3 adem\u00e1s el Premio al Mejor Autor Emergente de la Asociaci\u00f3n de Cr\u00edticos de C\u00f3mic, con \u201cChacales\u201d consigue afianzar su posici\u00f3n como una de las narradoras m\u00e1s interesantes y vanguardistas del panorama de c\u00f3mic nacional. Lo es por su estilo minimalista en formas, di\u00e1logos y paleta de colores; por su manera de plantearnos la composici\u00f3n de sus p\u00e1ginas y vi\u00f1etas, extra\u00f1amente ordenadas y contenidas por una geometr\u00eda oculta y desconcertante; y por saber poner todos esos recursos estil\u00edsticos y formales al servicio de la soledad de esos tres personajes cuyo \u00fanico v\u00ednculo, la ira, los acaba aislando en una existencia solitaria e incomprendida.Hafid consigue poner el foco en la incomprensi\u00f3n, la alienaci\u00f3n y aislamiento que hoy en d\u00eda a\u00fan sufren las personas con enfermedades y trastornos mentales. <strong>Laura Madrona<\/strong><\/p>\n<h3 style=\"text-align: justify;\">2.- Loba boreal<\/h3>\n<p style=\"text-align: justify;\"><img data-recalc-dims=\"1\" loading=\"lazy\" decoding=\"async\" class=\"alignnone size-full wp-image-407960 lazyloaded\" src=\"https:\/\/i0.wp.com\/www.mondosonoro.com\/wp-content\/uploads\/2022\/12\/loba-boreal-comic.jpg?resize=180%2C246&#038;ssl=1\" sizes=\"auto, (max-width: 180px) 100vw, 180px\" srcset=\"https:\/\/www.mondosonoro.com\/wp-content\/uploads\/2022\/12\/loba-boreal-comic.jpg 180w, https:\/\/www.mondosonoro.com\/wp-content\/uploads\/2022\/12\/loba-boreal-comic-42x57.jpg 42w\" alt=\"\" width=\"180\" height=\"246\" data-srcset=\"https:\/\/www.mondosonoro.com\/wp-content\/uploads\/2022\/12\/loba-boreal-comic.jpg 180w, https:\/\/www.mondosonoro.com\/wp-content\/uploads\/2022\/12\/loba-boreal-comic-42x57.jpg 42w\" data-src=\"https:\/\/www.mondosonoro.com\/wp-content\/uploads\/2022\/12\/loba-boreal-comic.jpg\" data-sizes=\"(max-width: 180px) 100vw, 180px\" \/><\/p>\n<p style=\"text-align: justify;\"><strong>N\u00faria Tamarit<\/strong><\/p>\n<h5 style=\"text-align: justify;\">La C\u00fapula<\/h5>\n<p style=\"text-align: justify;\">\u201cLoba Boreal\u201d, la nueva obra de N\u00faria Tamarit, es un brillante relato de aventuras en el que se mezclan las influencias de cl\u00e1sicos literarios y f\u00edlmicos como \u201cColmillo Blanco\u201d, \u201cEl renacido\u201d o \u201cLas aventuras de Jeremiah Johnson\u201d, que revitaliza con un enfoque centrado en la interioridad femenina. Joana, una emigrante que busca un futuro en Estados Unidos en plena fiebre del oro, intenta sobrevivir en los agrestes parajes del norte, junto a una nativa y su perra. Un mundo hostil y salvaje, a\u00fan m\u00e1s peligroso para mujeres solas.\u00a0Jos\u00e9 Mart\u00ednez Ros<\/p>\n<h3 style=\"text-align: justify;\">3.- Transitorios<\/h3>\n<p style=\"text-align: justify;\"><img data-recalc-dims=\"1\" loading=\"lazy\" decoding=\"async\" class=\"alignnone size-full wp-image-407961 lazyloaded\" src=\"https:\/\/i0.wp.com\/www.mondosonoro.com\/wp-content\/uploads\/2022\/12\/transitorios-comic.jpg?resize=180%2C252&#038;ssl=1\" sizes=\"auto, (max-width: 180px) 100vw, 180px\" srcset=\"https:\/\/www.mondosonoro.com\/wp-content\/uploads\/2022\/12\/transitorios-comic.jpg 180w, https:\/\/www.mondosonoro.com\/wp-content\/uploads\/2022\/12\/transitorios-comic-41x57.jpg 41w\" alt=\"\" width=\"180\" height=\"252\" data-srcset=\"https:\/\/www.mondosonoro.com\/wp-content\/uploads\/2022\/12\/transitorios-comic.jpg 180w, https:\/\/www.mondosonoro.com\/wp-content\/uploads\/2022\/12\/transitorios-comic-41x57.jpg 41w\" data-src=\"https:\/\/www.mondosonoro.com\/wp-content\/uploads\/2022\/12\/transitorios-comic.jpg\" data-sizes=\"(max-width: 180px) 100vw, 180px\" \/><\/p>\n<p style=\"text-align: justify;\"><strong>Nadar<\/strong><\/p>\n<h5 style=\"text-align: justify;\">Astiberri<\/h5>\n<p style=\"text-align: justify;\">Aunque podr\u00eda pasar por un sencillo slice of life, en \u201cTransitorios\u201d el dibujante castellonense consigue darle una emotiva profundidad a las relaciones personales, a lo que nos hace humanos. Hay mucho que rascar en los recuerdos de una alumna sobre su profesor, pero lo hay en las cuatro historias que componen este \u201cTransitorios\u201d. Ternura, tristeza, risas y l\u00e1grimas entrelazadas con mucho talento, Como de costumbre en Nadar. <strong>Joan S. Luna<\/strong><\/p>\n<h3 style=\"text-align: justify;\">4.- Goya. Saturnalia<\/h3>\n<p style=\"text-align: justify;\"><img data-recalc-dims=\"1\" loading=\"lazy\" decoding=\"async\" class=\"alignnone size-full wp-image-407962 lazyloaded\" src=\"https:\/\/i0.wp.com\/www.mondosonoro.com\/wp-content\/uploads\/2022\/12\/goya-comic.jpg?resize=180%2C255&#038;ssl=1\" sizes=\"auto, (max-width: 180px) 100vw, 180px\" srcset=\"https:\/\/www.mondosonoro.com\/wp-content\/uploads\/2022\/12\/goya-comic.jpg 180w, https:\/\/www.mondosonoro.com\/wp-content\/uploads\/2022\/12\/goya-comic-40x57.jpg 40w\" alt=\"\" width=\"180\" height=\"255\" data-srcset=\"https:\/\/www.mondosonoro.com\/wp-content\/uploads\/2022\/12\/goya-comic.jpg 180w, https:\/\/www.mondosonoro.com\/wp-content\/uploads\/2022\/12\/goya-comic-40x57.jpg 40w\" data-src=\"https:\/\/www.mondosonoro.com\/wp-content\/uploads\/2022\/12\/goya-comic.jpg\" data-sizes=\"(max-width: 180px) 100vw, 180px\" \/><\/p>\n<p style=\"text-align: justify;\"><strong>Manuel Guti\u00e9rrez &amp; Manuel Romero<\/strong><\/p>\n<h5 style=\"text-align: justify;\">Editorial Cascaborra<\/h5>\n<p style=\"text-align: justify;\">Guti\u00e9rrez &amp; Romero no son los primeros que han retratado la vida de Goya y el tumultuoso, sangriento y fascinante per\u00edodo de la Guerra de la Independencia. Ellos han escogido la etapa en que Goya pint\u00f3 las \u201cpinturas negras\u201d en la Quinta del Sordo para mostrar en paralelo su vida, tan art\u00edstica como atormentada y hura\u00f1a, y a una Espa\u00f1a invadida por los Cien Mil Hijos de San Lu\u00eds. Lo hacen con una narrativa rupturista y po\u00e9tica. Emplean un estilo gr\u00e1fico goyesco, pero sin copiar al genio de Fuentedetodos.<strong> Quim P\u00e9rez<\/strong><\/p>\n<h3 style=\"text-align: justify;\"><a href=\"https:\/\/www.mondosonoro.com\/criticas\/comics\/banos-pleamar\/\">5.- Ba\u00f1os Pleamar<\/a><\/h3>\n<p style=\"text-align: justify;\"><img data-recalc-dims=\"1\" loading=\"lazy\" decoding=\"async\" class=\"alignnone size-full wp-image-407963 lazyloaded\" src=\"https:\/\/i0.wp.com\/www.mondosonoro.com\/wp-content\/uploads\/2022\/12\/pleamar-comic.jpg?resize=180%2C259&#038;ssl=1\" sizes=\"auto, (max-width: 180px) 100vw, 180px\" srcset=\"https:\/\/www.mondosonoro.com\/wp-content\/uploads\/2022\/12\/pleamar-comic.jpg 180w, https:\/\/www.mondosonoro.com\/wp-content\/uploads\/2022\/12\/pleamar-comic-40x57.jpg 40w\" alt=\"\" width=\"180\" height=\"259\" data-srcset=\"https:\/\/www.mondosonoro.com\/wp-content\/uploads\/2022\/12\/pleamar-comic.jpg 180w, https:\/\/www.mondosonoro.com\/wp-content\/uploads\/2022\/12\/pleamar-comic-40x57.jpg 40w\" data-src=\"https:\/\/www.mondosonoro.com\/wp-content\/uploads\/2022\/12\/pleamar-comic.jpg\" data-sizes=\"(max-width: 180px) 100vw, 180px\" \/><\/p>\n<p style=\"text-align: justify;\"><strong>Isaac S\u00e1nchez<\/strong><\/p>\n<p style=\"text-align: justify;\">\u00a0<\/p>\n<p style=\"text-align: justify;\">\u00a0<\/p>\n<h5 style=\"text-align: justify;\">Dolmen<\/h5>\n<p style=\"text-align: justify;\">Isaac S\u00e1nchez naci\u00f3 en Badalona en 1983 y el dato biogr\u00e1fico tiene su relevancia pues en esta novela gr\u00e1fica aborda su infancia de los primeros a\u00f1os noventa. Concretamente, la \u00e9poca en la que su familia tuvo un negocio de bar-restaurante y piscina en la playa de Badalona. Despu\u00e9s de publicar otros t\u00edtulos con argumentos de g\u00e9nero, el tambi\u00e9n Youtuber y monologista conocido como Loulogio da un salto adelante y logra su mejor obra hasta el momento. <strong>Quim P\u00e9rez<\/strong><\/p>\n<h3 style=\"text-align: justify;\">6.- El fuego<\/h3>\n<p style=\"text-align: justify;\"><img data-recalc-dims=\"1\" loading=\"lazy\" decoding=\"async\" class=\"alignnone size-full wp-image-407964 lazyloaded\" src=\"https:\/\/i0.wp.com\/www.mondosonoro.com\/wp-content\/uploads\/2022\/12\/el-fuego-comic.jpg?resize=180%2C252&#038;ssl=1\" sizes=\"auto, (max-width: 180px) 100vw, 180px\" srcset=\"https:\/\/www.mondosonoro.com\/wp-content\/uploads\/2022\/12\/el-fuego-comic.jpg 180w, https:\/\/www.mondosonoro.com\/wp-content\/uploads\/2022\/12\/el-fuego-comic-41x57.jpg 41w\" alt=\"\" width=\"180\" height=\"252\" data-srcset=\"https:\/\/www.mondosonoro.com\/wp-content\/uploads\/2022\/12\/el-fuego-comic.jpg 180w, https:\/\/www.mondosonoro.com\/wp-content\/uploads\/2022\/12\/el-fuego-comic-41x57.jpg 41w\" data-src=\"https:\/\/www.mondosonoro.com\/wp-content\/uploads\/2022\/12\/el-fuego-comic.jpg\" data-sizes=\"(max-width: 180px) 100vw, 180px\" \/><\/p>\n<p style=\"text-align: justify;\"><strong>David Rub\u00edn<\/strong><\/p>\n<h5 style=\"text-align: justify;\">Astiberri<\/h5>\n<p style=\"text-align: justify;\">Visualmente exuberante y francamente ambicioso, \u201cEl fuego\u201d cumple con todas las expectativas que pueda generar de antemano. El autor gallego firma una historia de ciencia-ficci\u00f3n apocal\u00edptica y existencial \u2013salpicada por el esp\u00edritu del Lars Von Trier de \u201cMelancol\u00eda\u201d\u2013 protagonizada por un hombre desesperado que posiblemente se equivoca a la hora de tomar la decisi\u00f3n m\u00e1s importante de su vida (y de su muerte) y de la de su familia. <strong>Joan S. Luna<\/strong><\/p>\n<h3 style=\"text-align: justify;\"><a href=\"https:\/\/www.mondosonoro.com\/criticas\/comics\/calavera-lunar\/\">7.- Calavera lunar<\/a><\/h3>\n<p style=\"text-align: justify;\"><img data-recalc-dims=\"1\" loading=\"lazy\" decoding=\"async\" class=\"alignnone size-full wp-image-407965 lazyloaded\" src=\"https:\/\/i0.wp.com\/www.mondosonoro.com\/wp-content\/uploads\/2022\/12\/calavera-lunar-comic.jpg?resize=180%2C272&#038;ssl=1\" sizes=\"auto, (max-width: 180px) 100vw, 180px\" srcset=\"https:\/\/www.mondosonoro.com\/wp-content\/uploads\/2022\/12\/calavera-lunar-comic.jpg 180w, https:\/\/www.mondosonoro.com\/wp-content\/uploads\/2022\/12\/calavera-lunar-comic-38x57.jpg 38w\" alt=\"\" width=\"180\" height=\"272\" data-srcset=\"https:\/\/www.mondosonoro.com\/wp-content\/uploads\/2022\/12\/calavera-lunar-comic.jpg 180w, https:\/\/www.mondosonoro.com\/wp-content\/uploads\/2022\/12\/calavera-lunar-comic-38x57.jpg 38w\" data-src=\"https:\/\/www.mondosonoro.com\/wp-content\/uploads\/2022\/12\/calavera-lunar-comic.jpg\" data-sizes=\"(max-width: 180px) 100vw, 180px\" \/><\/p>\n<p style=\"text-align: justify;\"><strong>Alberto Monteys<\/strong><\/p>\n<h5 style=\"text-align: justify;\">Astiberri<\/h5>\n<p style=\"text-align: justify;\">Encontramos en estas p\u00e1ginas las divertidas y entra\u00f1ables an\u00e9cdotas y chaladuras en las que Calavera lunar se cruza con monstruos gigantes, brutalidad policial, dilemas morales y cr\u00edmenes rarunos, todos trufados con el humor de Monteys, fresco y desenfadado, el ritmo de uno de los mejores historietistas espa\u00f1oles y una historia in\u00e9dita de veinte p\u00e1ginas de regalo. \u00bfQu\u00e9 m\u00e1s se puede pedir, Cristo Rey? <strong>Octavio Botana<\/strong><\/p>\n<h3 style=\"text-align: justify;\"><a href=\"https:\/\/www.mondosonoro.com\/criticas\/comics\/grito-nocturno\/\">8.- Grito nocturno<\/a><\/h3>\n<p style=\"text-align: justify;\"><img data-recalc-dims=\"1\" loading=\"lazy\" decoding=\"async\" class=\"alignnone size-full wp-image-407966 lazyloaded\" src=\"https:\/\/i0.wp.com\/www.mondosonoro.com\/wp-content\/uploads\/2022\/12\/grito-comic.jpg?resize=180%2C240&#038;ssl=1\" sizes=\"auto, (max-width: 180px) 100vw, 180px\" srcset=\"https:\/\/www.mondosonoro.com\/wp-content\/uploads\/2022\/12\/grito-comic.jpg 180w, https:\/\/www.mondosonoro.com\/wp-content\/uploads\/2022\/12\/grito-comic-43x57.jpg 43w\" alt=\"\" width=\"180\" height=\"240\" data-srcset=\"https:\/\/www.mondosonoro.com\/wp-content\/uploads\/2022\/12\/grito-comic.jpg 180w, https:\/\/www.mondosonoro.com\/wp-content\/uploads\/2022\/12\/grito-comic-43x57.jpg 43w\" data-src=\"https:\/\/www.mondosonoro.com\/wp-content\/uploads\/2022\/12\/grito-comic.jpg\" data-sizes=\"(max-width: 180px) 100vw, 180px\" \/><\/p>\n<p style=\"text-align: justify;\"><strong>Borja Gonz\u00e1lez<\/strong><\/p>\n<h5 style=\"text-align: justify;\">Reservoir Books<\/h5>\n<p style=\"text-align: justify;\">Tercera novela gr\u00e1fica despu\u00e9s de \u201cLa reina orqu\u00eddea\u201d y \u201cThe Black Holes\u201d, \u201cGrito nocturno\u201d contiene todas las multitudes del \u201cuniverso Borja Gonz\u00e1lez\u201d y unas cuantas sorpresas m\u00e1s. \u201cGrito nocturno\u201d te deja trist\u00f3n como cuando ves un anime de Miyazaki por primera vez o cuando sales del cine a medianoche en una ciudad de provincias que podr\u00eda ser ese suburbio norteamericano de las pel\u00edculas que todos conocemos pero es nuestra maldito y viejo pueblo de mierda.<strong> Octavio Botana<\/strong><\/p>\n<h3 style=\"text-align: justify;\">9.- Luna<\/h3>\n<p style=\"text-align: justify;\"><img data-recalc-dims=\"1\" loading=\"lazy\" decoding=\"async\" class=\"alignnone size-full wp-image-407967 lazyloaded\" src=\"https:\/\/i0.wp.com\/www.mondosonoro.com\/wp-content\/uploads\/2022\/12\/luna-comic.jpg?resize=180%2C272&#038;ssl=1\" sizes=\"auto, (max-width: 180px) 100vw, 180px\" srcset=\"https:\/\/www.mondosonoro.com\/wp-content\/uploads\/2022\/12\/luna-comic.jpg 180w, https:\/\/www.mondosonoro.com\/wp-content\/uploads\/2022\/12\/luna-comic-38x57.jpg 38w\" alt=\"\" width=\"180\" height=\"272\" data-srcset=\"https:\/\/www.mondosonoro.com\/wp-content\/uploads\/2022\/12\/luna-comic.jpg 180w, https:\/\/www.mondosonoro.com\/wp-content\/uploads\/2022\/12\/luna-comic-38x57.jpg 38w\" data-src=\"https:\/\/www.mondosonoro.com\/wp-content\/uploads\/2022\/12\/luna-comic.jpg\" data-sizes=\"(max-width: 180px) 100vw, 180px\" \/><\/p>\n<p style=\"text-align: justify;\"><strong>Mar\u00eda Llovet<\/strong><\/p>\n<h5 style=\"text-align: justify;\">Norma<\/h5>\n<p style=\"text-align: justify;\">Muchos descubrimos a Mar\u00eda Llovet con \u201cFaithless\u201d, thriller er\u00f3tico y sobrenatural, junto a Brian Azzarello. Ahora, en solitario, conserva en \u201cLuna\u201d lo mejor de su obra previa: un trazo sensual entre Guido Crepax y Kyoko Okazaki, detallista y fluido. En los sesenta, una chica a la fuga es acogida por una id\u00edlica comunidad hippie, la Familia del Sol, que aboga por el autoconocimiento y el amor libre. Pero no tardar\u00e1 en advertir que ocultan secretos perturbadores.\u00a0J<strong>os\u00e9 Mart\u00ednez Ros<\/strong><\/p>\n<h3 style=\"text-align: justify;\">10.- Corto Malt\u00e9s: Nocturno berlin\u00e9s<\/h3>\n<p style=\"text-align: justify;\"><img data-recalc-dims=\"1\" loading=\"lazy\" decoding=\"async\" class=\"alignnone size-full wp-image-407968 lazyloaded\" src=\"https:\/\/i0.wp.com\/www.mondosonoro.com\/wp-content\/uploads\/2022\/12\/corto-maltes-comic.jpg?resize=180%2C236&#038;ssl=1\" sizes=\"auto, (max-width: 180px) 100vw, 180px\" srcset=\"https:\/\/www.mondosonoro.com\/wp-content\/uploads\/2022\/12\/corto-maltes-comic.jpg 180w, https:\/\/www.mondosonoro.com\/wp-content\/uploads\/2022\/12\/corto-maltes-comic-43x57.jpg 43w\" alt=\"\" width=\"180\" height=\"236\" data-srcset=\"https:\/\/www.mondosonoro.com\/wp-content\/uploads\/2022\/12\/corto-maltes-comic.jpg 180w, https:\/\/www.mondosonoro.com\/wp-content\/uploads\/2022\/12\/corto-maltes-comic-43x57.jpg 43w\" data-src=\"https:\/\/www.mondosonoro.com\/wp-content\/uploads\/2022\/12\/corto-maltes-comic.jpg\" data-sizes=\"(max-width: 180px) 100vw, 180px\" \/><\/p>\n<p style=\"text-align: justify;\"><strong>Juan D\u00edaz Canales y Rub\u00e9n Pellejero<\/strong><\/p>\n<h5 style=\"text-align: justify;\">Norma Editorial<\/h5>\n<p style=\"text-align: justify;\">Del fr\u00edo norte de Canad\u00e1 pasando por los Mares del Sur, \u00c1frica o su amada Venecia, el Corto Malt\u00e9s del guionista Juan D\u00edaz Canales y el dibujante Rub\u00e9n Pellejero no hab\u00eda estado en grandes ciudades. Ni el propio Hugo Pratt era mucho de ciudades m\u00e1s all\u00e1 de Venecia o los Buenos Aires de \u201cTango\u201d. Corto aterriza en medio del Berl\u00edn de la Rep\u00fablica de Weimar, una ciudad bulliciosa donde los nazis ya comenzaban a desfilar y a tejer su telara\u00f1a pol\u00edtica.<strong> Manu Gonz\u00e1lez<\/strong><\/p>\n<p style=\"text-align: justify;\">Redacci\u00f3n \u2014 <span class=\"date\">28-12-2022<\/span><br \/>\nEmpresa \u2014 Mondo Sonoro<br \/>\nFotograf\u00eda \u2014 Archivo<\/p>\n","protected":false},"excerpt":{"rendered":"<p>Vamos a m\u00e1s Vamos a m\u00e1s. A much\u00edsimo m\u00e1s. Porque aqu\u00ed hay mucho talento trabajando&#8230;<\/p>\n","protected":false},"author":1,"featured_media":58311,"comment_status":"closed","ping_status":"closed","sticky":false,"template":"","format":"standard","meta":{"_coblocks_attr":"","_coblocks_dimensions":"","_coblocks_responsive_height":"","_coblocks_accordion_ie_support":"","jetpack_post_was_ever_published":false,"_jetpack_newsletter_access":"","_jetpack_dont_email_post_to_subs":false,"_jetpack_newsletter_tier_id":0,"_jetpack_memberships_contains_paywalled_content":false,"_jetpack_memberships_contains_paid_content":false,"footnotes":"","jetpack_publicize_message":"","jetpack_publicize_feature_enabled":true,"jetpack_social_post_already_shared":true,"jetpack_social_options":{"image_generator_settings":{"template":"highway","default_image_id":0,"enabled":false},"version":2}},"categories":[1161,44,6937,15],"tags":[9054,1342],"class_list":["post-58310","post","type-post","status-publish","format-standard","has-post-thumbnail","hentry","category-ciudadania","category-noticias-de-hoy","category-sociedad","category-ultimas-noticias","tag-9054","tag-comic"],"jetpack_publicize_connections":[],"jetpack_featured_media_url":"https:\/\/i0.wp.com\/miradordeatarfe.es\/wp-content\/uploads\/2022\/12\/Nadia-Hafid.jpg?fit=750%2C500&ssl=1","jetpack_likes_enabled":true,"jetpack_sharing_enabled":true,"_links":{"self":[{"href":"https:\/\/miradordeatarfe.es\/index.php?rest_route=\/wp\/v2\/posts\/58310","targetHints":{"allow":["GET"]}}],"collection":[{"href":"https:\/\/miradordeatarfe.es\/index.php?rest_route=\/wp\/v2\/posts"}],"about":[{"href":"https:\/\/miradordeatarfe.es\/index.php?rest_route=\/wp\/v2\/types\/post"}],"author":[{"embeddable":true,"href":"https:\/\/miradordeatarfe.es\/index.php?rest_route=\/wp\/v2\/users\/1"}],"replies":[{"embeddable":true,"href":"https:\/\/miradordeatarfe.es\/index.php?rest_route=%2Fwp%2Fv2%2Fcomments&post=58310"}],"version-history":[{"count":2,"href":"https:\/\/miradordeatarfe.es\/index.php?rest_route=\/wp\/v2\/posts\/58310\/revisions"}],"predecessor-version":[{"id":58313,"href":"https:\/\/miradordeatarfe.es\/index.php?rest_route=\/wp\/v2\/posts\/58310\/revisions\/58313"}],"wp:featuredmedia":[{"embeddable":true,"href":"https:\/\/miradordeatarfe.es\/index.php?rest_route=\/wp\/v2\/media\/58311"}],"wp:attachment":[{"href":"https:\/\/miradordeatarfe.es\/index.php?rest_route=%2Fwp%2Fv2%2Fmedia&parent=58310"}],"wp:term":[{"taxonomy":"category","embeddable":true,"href":"https:\/\/miradordeatarfe.es\/index.php?rest_route=%2Fwp%2Fv2%2Fcategories&post=58310"},{"taxonomy":"post_tag","embeddable":true,"href":"https:\/\/miradordeatarfe.es\/index.php?rest_route=%2Fwp%2Fv2%2Ftags&post=58310"}],"curies":[{"name":"wp","href":"https:\/\/api.w.org\/{rel}","templated":true}]}}