{"id":58314,"date":"2022-12-30T09:24:19","date_gmt":"2022-12-30T08:24:19","guid":{"rendered":"https:\/\/miradordeatarfe.es\/?p=58314"},"modified":"2022-12-28T22:31:43","modified_gmt":"2022-12-28T21:31:43","slug":"en-busca-del-simbolismo-perdido-cuanto-queda-de-gaudi-en-la-sagrada-familia","status":"publish","type":"post","link":"https:\/\/miradordeatarfe.es\/?p=58314","title":{"rendered":"En busca del simbolismo perdido: \u00bfCu\u00e1nto queda de Gaud\u00ed en la Sagrada Familia?"},"content":{"rendered":"<h3 class=\"resume__text show visible\" style=\"text-align: justify;\">Pese a que el reconocido arquitecto catal\u00e1n dej\u00f3 en dibujos y maquetas el proyecto casi calculado al mil\u00edmetro, los diferentes maestros que le han sucedido han a\u00f1adido, suprimido y modificado algunos elementos. \u00bfHasta qu\u00e9 punto sigue siendo la Sagrada Familia de Gaud\u00ed?<\/h3>\n<div class=\"text\" style=\"text-align: justify;\">\n<p class=\"show visible\"><span class=\"text__first\">U<\/span>n siglo y medio despu\u00e9s del inicio de su construcci\u00f3n, en 1882, todav\u00eda se desconoce cu\u00e1ndo estar\u00e1 terminado el Templo Expiatorio de la Sagrada Familia de Barcelona. El arquitecto que se encarg\u00f3 de su dise\u00f1o, <span class=\"bold\">Antoni Gaud\u00ed<\/span>, sab\u00eda que morir\u00eda sin verla acabada. Desde entonces, varios han sido los que han dirigido la emblem\u00e1tica construcci\u00f3n para la que el mismo Gaud\u00ed dej\u00f3 dibujos y maquetas detalladas antes de su prematuro fallecimiento. Pese a que todo parec\u00eda estar pensado casi al mil\u00edmetro a finales del siglo XIX, el templo s\u00ed que ha ido <span class=\"bold\">sufriendo modificaciones<\/span> con el paso de los a\u00f1os. Aqu\u00ed no solo surge la pregunta de hasta qu\u00e9 punto la actual Sagrada Familia es de Gaud\u00ed, sino tambi\u00e9n hasta qu\u00e9 punto es negativo que esto no sea as\u00ed.<\/p>\n<p class=\"show visible\"><span class=\"bold\">Jordi Faul\u00ed es el actual arquitecto jefe<\/span>: \u201cGaud\u00ed ya sab\u00eda que esto ser\u00eda una obra por la que pasar\u00edan muchas generaciones, aunque la suya fue la protagonista de un elemento completo, como es la <span class=\"bold\">fachada del nacimiento<\/span>\u201d. Aunque esa parte s\u00ed que la pudo terminar, ser\u00edan sus disc\u00edpulos quienes continuar\u00edan con la construcci\u00f3n, por lo que en los primeros a\u00f1os del siglo XX define el proyecto en dibujos a peque\u00f1a escala.<\/p>\n<p class=\"show visible\">Este profesional de la arquitectura, que lleva formando parte del equipo que construye la Sagrada Familia desde 1990, a\u00f1ade que \u201c<span class=\"bold\">cada elemento tiene un simbolismo<\/span>, y eso es lo que ocurre en 1911, cuando dibuja la fachada dedicada a la pasi\u00f3n\u201d. Seg\u00fan defiende, si cualquier persona coge el dibujo original de Gaud\u00ed y lo compara con lo construido, la semejanza es muy elevada.<\/p>\n<\/div>\n<div class=\"two-photos two-photos__flex\" style=\"text-align: justify;\">\n<div class=\"two-photos__box\">\n<figure class=\"two-photos__img\"><img data-recalc-dims=\"1\" decoding=\"async\" src=\"https:\/\/i0.wp.com\/static.ecestaticos.com\/file\/eab\/390\/498\/eab390498338ed94ee6fcc6542612e28.jpg?w=640&#038;ssl=1\" alt=\"Boceto de la fachada, 1911. Gaud\u00ed\" \/><\/figure>\n<footer class=\"img__footer\">\n<p class=\"img__footer--description small\">Boceto de la fachada, 1911. Gaud\u00ed<\/p>\n<\/footer>\n<\/div>\n<div class=\"two-photos__box\">\n<figure class=\"two-photos__img\"><img data-recalc-dims=\"1\" decoding=\"async\" src=\"https:\/\/i0.wp.com\/static.ecestaticos.com\/file\/ca9\/366\/caa\/ca9366caab168a037aaf3342d7b49446.jpg?w=640&#038;ssl=1\" alt=\"Fachada de la pasi\u00f3n\" \/><\/figure>\n<footer class=\"img__footer\">\n<p class=\"img__footer--description small\">Fachada de la Pasi\u00f3n<\/p>\n<\/footer>\n<\/div>\n<\/div>\n<div class=\"text\" style=\"text-align: justify;\">\n<p>Los dibujos no fueron los \u00fanicos documentos que Gaud\u00ed dej\u00f3 para la posteridad. Unas <span class=\"bold\">maquetas de yeso<\/span>, de gran dimensi\u00f3n, destruidas en 1936, tambi\u00e9n han servido a sus sucesores para llevar a cabo tama\u00f1a empresa. <span class=\"bold\">Mari\u00e0 Mar\u00edn i Torn\u00e9<\/span>, historiador del arte y uno de los fundadores del <span class=\"bold\">Gaud\u00ed Research Institut<\/span>, a\u00f1ade que es bueno recordar los a\u00f1os en los que el propio Gaud\u00ed plantea su proyecto: \u201cTodo el mundo recuerda la Semana Tr\u00e1gica de Barcelona de 1909, por ejemplo. Es un momento en el que se da un <span class=\"bold\">gran debate espiritual, pol\u00edtico y social sobre el poder y el papel que debe tener la Iglesia<\/span>\u201d, relata el experto.<\/p>\n<p>Este debate al que se refiere Mar\u00edn ser\u00e1 lo que marcar\u00e1 profundamente la forma final del templo barcelon\u00e9s y los simbolismos que incorporar\u00e1. Sin ir m\u00e1s lejos, en la misma fachada dedicada al nacimiento de Cristo, <span class=\"bold\">Gaud\u00ed incorpora un hecho de actualidad<\/span>, algo muy cercano al periodismo gr\u00e1fico. Tal y como explica el historiador del arte, \u201cen esa parte <span class=\"bold\">aparece un chico con una bomba<\/span>, en una capilla en la fachada de entrada, en relaci\u00f3n a un atentado anarquista que hab\u00eda tenido lugar en el Liceo\u201d. En este sentido, Faul\u00ed afirma que \u201ces posible que, cuando est\u00e9 terminado el proyecto art\u00edstico siguiendo el programa de Gaud\u00ed, haya <span class=\"bold\">algunas aportaciones debidas a la historia reciente de los \u00faltimos a\u00f1os<\/span>\u201d.<\/p>\n<p>Por otra parte, este historiador del arte afirma que, por regla general, <span class=\"bold\">el proyecto no se ha visto demasiado alterado en sus 140 a\u00f1os de vida<\/span>. \u201cAqu\u00ed soy radical: hay continuidad entre lo que el patronato quer\u00eda y lo realizado por Gaud\u00ed, aunque \u00e9l fuera el primero que cambi\u00f3 lo que hab\u00eda proyectado el arquitecto previo\u201d, relata. Pese a ello, conviene recordar que el propio Gaud\u00ed defend\u00eda que <span class=\"bold\">cada artista y \u00e9poca tienen un esp\u00edritu propio<\/span>, y como tal deber\u00edan aportarlo a la obra.<\/p>\n<\/div>\n<div class=\"two-photos two-photos__fit\" style=\"text-align: justify;\">\n<div class=\"two-photos__box\">\n<figure class=\"two-photos__img\"><img data-recalc-dims=\"1\" decoding=\"async\" src=\"https:\/\/i0.wp.com\/static.ecestaticos.com\/file\/acf\/09a\/3f2\/acf09a3f25a622ab055f44a4af5d559d.jpg?w=640&#038;ssl=1\" alt=\"Detalle del portal del Rosario\" \/><\/figure>\n<footer class=\"img__footer\">\n<p class=\"img__footer--description small\">Detalle del portal del Rosario. Imagen: Fundaci\u00f3n Junta Constructora del Templo de la Sagrada Fam\u00edlia<\/p>\n<\/footer>\n<\/div>\n<div class=\"two-photos__box\">\n<figure class=\"two-photos__img\"><img data-recalc-dims=\"1\" decoding=\"async\" src=\"https:\/\/i0.wp.com\/static.ecestaticos.com\/file\/664\/fe6\/cc2\/664fe6cc29bdc807a28bc05e142e201a.jpg?w=640&#038;ssl=1\" alt=\"Detalle del portal del Rosario.\" \/><\/figure>\n<\/div>\n<\/div>\n<div class=\"text\" style=\"text-align: justify;\">\n<h3 class=\"text__title\">Las modificaciones del plan original<\/h3>\n<p>Faul\u00ed, asimismo, explica que Gaud\u00ed elabor\u00f3 sus dibujos y maquetas mediante <span class=\"bold\">formas geom\u00e9tricas<\/span>, las mismas que se han utilizado en los proyectos futuros al original. As\u00ed pues, la tecnolog\u00eda tambi\u00e9n ha ayudado a llevar a cabo el Templo: \u201cGaud\u00ed quer\u00eda que la sacrist\u00eda fuera el modelo para las seis torres centrales, que son la transformaci\u00f3n param\u00e9trica de aquella. Esto se puede hacer mediante <span class=\"bold\">programas inform\u00e1ticos<\/span> a trav\u00e9s del dibujo de una pieza\u201d, explica el arquitecto jefe. \u00c9l mismo afirma que su empe\u00f1o est\u00e1 orientado a replicar al m\u00e1ximo posible las maquetas de Gaud\u00ed, \u201cy las partes de las que no hay informaci\u00f3n, hacerlas <span class=\"bold\">siguiendo las leyes del proyecto<\/span>\u201d, en sus propios t\u00e9rminos.<\/p>\n<p>Que la torre dedicada a la virgen Mar\u00eda, inaugurada en 2021, y coronada con una estrella de doce puntas sea <span class=\"bold\">volum\u00e9tricamente m\u00e1s alta de lo previsto<\/span>, pese a que estaba calculada con exactitud por el gran arquitecto catal\u00e1n, es un error para Mar\u00edn. \u201cEso ha sido una modificaci\u00f3n involuntaria que viene al entender que <span class=\"bold\">Mar\u00eda es la madre de Dios y teol\u00f3gicamente m\u00e1s importante que un ap\u00f3stol<\/span>, as\u00ed que su torre debe ser m\u00e1s alta. Ese no era el esp\u00edritu, y hablamos de un edificio en el que los vol\u00famenes y las proporciones son muy importantes a nivel simb\u00f3lico\u201d, explica.<\/p>\n<\/div>\n<div class=\"img img__medium\" style=\"text-align: justify;\">\n<figure class=\"img__photo\"><img data-recalc-dims=\"1\" decoding=\"async\" src=\"https:\/\/i0.wp.com\/static.ecestaticos.com\/file\/1c9\/dcd\/bb5\/1c9dcdbb56e36b5b7a59e74b21ff20f7.jpg?w=640&#038;ssl=1\" alt=\"La estrella de la torre de la Virgen Mar\u00eda.\" \/><\/figure>\n<footer class=\"img__footer\">\n<p class=\"img__footer--description small\">La estrella de la torre de la Virgen Mar\u00eda. Imagen: Fundaci\u00f3n Junta Constructora del Templo de la Sagrada Familia<\/p>\n<\/footer>\n<\/div>\n<div class=\"text\" style=\"text-align: justify;\">\n<p>Faul\u00ed, en cambio, defiende que <span class=\"bold\">existen dos croquis originales con alturas diferentes<\/span> de la mencionada torre, y se han decantado por la m\u00e1s alta, de 138 metros. De todas formas, su equipo s\u00ed que ha seguido la estela de Gaud\u00ed al utilizar la tecnolog\u00eda punta, al igual que hiciera el maestro del siglo XIX. \u201cAs\u00ed hemos podido crear <span class=\"bold\">paneles tesados para construir las torres<\/span>. Esto ha producido mejoras porque el exterior es id\u00e9ntico a lo planificado y nos permite que el interior est\u00e9 vac\u00edo\u201d, a\u00f1ade.<\/p>\n<p>Las <span class=\"bold\">grandes vidrieras de la Sagrada Familia<\/span> tambi\u00e9n tienen cabida en estas peque\u00f1as modificaciones del proyecto inicial. \u201cGaud\u00ed trabajaba en una <span class=\"bold\">t\u00e9cnica basada en la tricrom\u00eda<\/span>, la superposici\u00f3n de colores, pero no se ha llevado m\u00e1s all\u00e1, sino que se ha hecho otra cosa. No digo que sea un error, simplemente lo discuto\u201d, subraya Mar\u00edn en referencia a las vidrieras del reconocido artista Joan Vila-Grau.<\/p>\n<p>Por su parte, Subirachs, encargado de parte de la decoraci\u00f3n escult\u00f3rica de la Sagrada Familia, tambi\u00e9n <span class=\"bold\">alter\u00f3 el programa iconogr\u00e1fico de la fachada de la Pasi\u00f3n<\/span>, y \u201cse cambi\u00f3 a conciencia expresamente para crear una coherencia con los s\u00edmbolos\u201d, apuntilla Mar\u00edn. A ello se suman otros detalles m\u00e1s intangibles, como la <span class=\"bold\">fluidez de la luz dentro del templo y la ac\u00fastica<\/span> que Gaud\u00ed siempre cuidaba sus obras, \u201cun tema que ya ha fallado\u201d, dice este fundador del Gaud\u00ed Research Institut.<\/p>\n<\/div>\n<div class=\"two-photos two-photos__fit\" style=\"text-align: justify;\">\n<div class=\"two-photos__box\">\n<figure class=\"two-photos__img\"><img data-recalc-dims=\"1\" decoding=\"async\" src=\"https:\/\/i0.wp.com\/static.ecestaticos.com\/file\/bb4\/b4a\/792\/bb4b4a7921773ec8c67359b910d8249a.jpg?w=640&#038;ssl=1\" alt=\"Sagrada Familia por dentro\" \/><\/figure>\n<footer class=\"img__footer\">\n<p class=\"img__footer--description small\">Interior de la Sagrada Familia<\/p>\n<\/footer>\n<\/div>\n<div class=\"two-photos__box\">\n<figure class=\"two-photos__img\"><img data-recalc-dims=\"1\" decoding=\"async\" src=\"https:\/\/i0.wp.com\/static.ecestaticos.com\/file\/e7a\/164\/7eb\/e7a1647ebfb975306193d37a7f25346b.jpg?w=640&#038;ssl=1\" alt=\"Sagrada Familia por dentro\" \/><\/figure>\n<\/div>\n<\/div>\n<div class=\"text\" style=\"text-align: justify;\">\n<h3 class=\"text__title\">En busca del simbolismo perdido<\/h3>\n<p>Otra de las diferencias entre lo que Gaud\u00ed ide\u00f3 en su momento y el presente est\u00e1 relacionada con el simbolismo. Seg\u00fan Mar\u00edn, \u201cse trata de un templo expiatorio, es decir, <span class=\"bold\">las aportaciones deben venir de cierto sacrificio y esfuerzo<\/span>, que era como se financiaba la construcci\u00f3n\u201d. De hecho, el mismo Gaud\u00ed, cuando se vio obligado a pedir dinero en la calle para conseguir fondos para la iglesia, <span class=\"bold\">rechaz\u00f3 una gran suma de dinero de una mujer<\/span> a quien se lo devolvi\u00f3 por no suponerle ning\u00fan sacrificio en su vida cotidiana.<\/p>\n<p>\u201cAhora la financiaci\u00f3n, y la finalizaci\u00f3n de las obras, responde a un <span class=\"bold\">fen\u00f3meno tur\u00edstico y de masas, no al esp\u00edritu original<\/span>. Esto es importante porque al final esas piedras lo que representan es la frontera de la ciudad con un barrio obrero. Gaud\u00ed siempre tuvo muy presente esta realidad, hasta tal punto que <span class=\"bold\">lo primero que hizo fueron escuelas para los ni\u00f1os y ni\u00f1as de los trabajadores<\/span>\u201d, se explaya Mar\u00edn. Es decir, el simbolismo que conten\u00eda el sacrificio que deb\u00eda suponer la construcci\u00f3n de la Sagrada Familia ya no existe.<\/p>\n<p>Ese simbolismo tambi\u00e9n aparece en la fachada del Nacimiento, obra completa de Gaud\u00ed. \u201c<span class=\"bold\">Cogi\u00f3 moldes de la gente del barrio y los puso en la fachada<\/span>. El Jes\u00fas chico es el hijo del carpintero del barrio. No quer\u00eda hacer un retablo dentro de una iglesia, sino que fuera un templo que mirara hacia la calle\u201d, se explaya Mar\u00edn.<\/p>\n<\/div>\n<div class=\"img img__small\" style=\"text-align: justify;\">\n<figure class=\"img__photo\"><img data-recalc-dims=\"1\" decoding=\"async\" src=\"https:\/\/i0.wp.com\/static.ecestaticos.com\/file\/75c\/7d4\/76d\/75c7d476decf265aa7eb5a632fdb1ee6.jpg?w=640&#038;ssl=1\" alt=\"Detalle fachada Sagrada Familia\" \/><\/figure>\n<\/div>\n<div class=\"text\" style=\"text-align: justify;\">\n<p>\u201cYo defiendo la continuidad, pero tambi\u00e9n las variaciones. Creo que <span class=\"bold\">hay cosas que no son adecuadas pero que tampoco suponen un error<\/span>, porque si no estar\u00edamos haciendo arqueolog\u00eda gaudinista\u201d, resume su posici\u00f3n Mar\u00edn, y apunta: \u201c<span class=\"bold\">Copiar a Gaud\u00ed ser\u00eda traicionar a Gaud\u00ed<\/span>\u201d. En realidad, pocos son los edificios de tan larga vida que no han sido modificados por el gusto de la \u00e9poca y las necesidades, entre ampliaciones y restauraciones.<\/p>\n<p>La pregunta del mill\u00f3n: \u00bf<span class=\"bold\">cu\u00e1ndo estar\u00e1 terminada la Sagrada Familia<\/span>? Nadie mejor que su arquitecto jefe para responderla: \u201cDurante los a\u00f1os de pandemia apenas hemos podido construir porque las entradas de visitantes descendieron mucho, y reemprender la obra no ha sido f\u00e1cil. Aunque en su momento <span class=\"bold\">pensamos en terminarla en 2026<\/span>, para ese a\u00f1o tendremos solo la torre central\u201d, responde en referencia a la fecha en la que se conmemorar\u00e1 el <span class=\"bold\">centenario de la muerte<\/span><\/p>\n<\/div>\n<div class=\"text\" style=\"text-align: justify;\">\n<p><span class=\"bold\"> de Gaud\u00ed<\/span>. \u201cDentro de menos de un mes habremos acabado las torres de San Lucas y San Marcos, y para el a\u00f1o que viene estar\u00e1n las de San Mateo y San Juan. Entonces quedar\u00e1n partes menores, pero tambi\u00e9n importantes, y <span class=\"bold\">no estamos en disposici\u00f3n de dar ninguna fecha concreta de finalizaci\u00f3n<\/span>\u201d, concluye Faul\u00ed.<\/p>\n<\/div>\n<p style=\"text-align: justify;\"><strong>Por <span class=\"signature__name\">GUILLERMO MART\u00cdNEZ<\/span><\/strong><\/p>\n<p style=\"text-align: justify;\">https:\/\/www.elconfidencial.com\/el-grito\/2022-12-20\/sagrada-familia-gaudi_3543049\/<\/p>\n","protected":false},"excerpt":{"rendered":"<p>Pese a que el reconocido arquitecto catal\u00e1n dej\u00f3 en dibujos y maquetas el proyecto casi&#8230;<\/p>\n","protected":false},"author":1,"featured_media":58317,"comment_status":"closed","ping_status":"closed","sticky":false,"template":"","format":"standard","meta":{"_coblocks_attr":"","_coblocks_dimensions":"","_coblocks_responsive_height":"","_coblocks_accordion_ie_support":"","jetpack_post_was_ever_published":false,"_jetpack_newsletter_access":"","_jetpack_dont_email_post_to_subs":false,"_jetpack_newsletter_tier_id":0,"_jetpack_memberships_contains_paywalled_content":false,"_jetpack_memberships_contains_paid_content":false,"footnotes":"","jetpack_publicize_message":"","jetpack_publicize_feature_enabled":true,"jetpack_social_post_already_shared":true,"jetpack_social_options":{"image_generator_settings":{"template":"highway","default_image_id":0,"enabled":false},"version":2}},"categories":[1161,44,6937,15],"tags":[9882,9881],"class_list":["post-58314","post","type-post","status-publish","format-standard","has-post-thumbnail","hentry","category-ciudadania","category-noticias-de-hoy","category-sociedad","category-ultimas-noticias","tag-gaudi","tag-sagrada-familia"],"jetpack_publicize_connections":[],"jetpack_featured_media_url":"https:\/\/i0.wp.com\/miradordeatarfe.es\/wp-content\/uploads\/2022\/12\/5b5519f62d84b4f130bf04e14f993e71.jpg?fit=1880%2C1135&ssl=1","jetpack_likes_enabled":true,"jetpack_sharing_enabled":true,"_links":{"self":[{"href":"https:\/\/miradordeatarfe.es\/index.php?rest_route=\/wp\/v2\/posts\/58314","targetHints":{"allow":["GET"]}}],"collection":[{"href":"https:\/\/miradordeatarfe.es\/index.php?rest_route=\/wp\/v2\/posts"}],"about":[{"href":"https:\/\/miradordeatarfe.es\/index.php?rest_route=\/wp\/v2\/types\/post"}],"author":[{"embeddable":true,"href":"https:\/\/miradordeatarfe.es\/index.php?rest_route=\/wp\/v2\/users\/1"}],"replies":[{"embeddable":true,"href":"https:\/\/miradordeatarfe.es\/index.php?rest_route=%2Fwp%2Fv2%2Fcomments&post=58314"}],"version-history":[{"count":2,"href":"https:\/\/miradordeatarfe.es\/index.php?rest_route=\/wp\/v2\/posts\/58314\/revisions"}],"predecessor-version":[{"id":58316,"href":"https:\/\/miradordeatarfe.es\/index.php?rest_route=\/wp\/v2\/posts\/58314\/revisions\/58316"}],"wp:featuredmedia":[{"embeddable":true,"href":"https:\/\/miradordeatarfe.es\/index.php?rest_route=\/wp\/v2\/media\/58317"}],"wp:attachment":[{"href":"https:\/\/miradordeatarfe.es\/index.php?rest_route=%2Fwp%2Fv2%2Fmedia&parent=58314"}],"wp:term":[{"taxonomy":"category","embeddable":true,"href":"https:\/\/miradordeatarfe.es\/index.php?rest_route=%2Fwp%2Fv2%2Fcategories&post=58314"},{"taxonomy":"post_tag","embeddable":true,"href":"https:\/\/miradordeatarfe.es\/index.php?rest_route=%2Fwp%2Fv2%2Ftags&post=58314"}],"curies":[{"name":"wp","href":"https:\/\/api.w.org\/{rel}","templated":true}]}}