{"id":58334,"date":"2022-12-31T11:10:49","date_gmt":"2022-12-31T10:10:49","guid":{"rendered":"https:\/\/miradordeatarfe.es\/?p=58334"},"modified":"2023-02-17T20:13:25","modified_gmt":"2023-02-17T19:13:25","slug":"el-abrazo-por-jose-vaquero","status":"publish","type":"post","link":"https:\/\/miradordeatarfe.es\/?p=58334","title":{"rendered":"\u00abEL ABRAZO\u00bb por Jos\u00e9 Vaquero"},"content":{"rendered":"<h3 style=\"text-align: justify;\">Han pasado 30 a\u00f1os desde el inicio de la guerra civil de 1936.<\/h3>\n<p style=\"text-align: justify;\">El golpe de estado me sorprendi\u00f3 dando clase de maestro rural en un pueblo perdido de la geograf\u00eda andaluza. All\u00ed impart\u00eda mis ense\u00f1anzas y trataba de inculcar a mis alumnos unos valores morales y \u00e9ticos inspirados en el humanismo.<\/p>\n<p style=\"text-align: justify;\">All\u00ed tambi\u00e9n entabl\u00e9 amistad con Juan, el hijo de un tendero de la villa. En la provincia a la que pertenece esta poblaci\u00f3n triunf\u00f3 la sublevaci\u00f3n a la Rep\u00fablica en los primeros d\u00edas de la guerra. Y mi fidelidad a sus principios me pudo costar la vida. Tuve la suerte de poder fugarme a zona republicana. De no haberlo hecho, quiz\u00e1s hoy no podr\u00eda contarlo.<\/p>\n<p style=\"text-align: justify;\">Tras el final de la cruenta contienda me desposeyeron de mi t\u00edtulo. Me tuve que ganar la vida poniendo un kiosco de prensa para el que me concedieron licencia por la influencia de mi amigo Juan, que tambi\u00e9n tuvo la suerte de no morir en la guerra, y que estaba emparentado con el alcalde franquista del pueblo donde residimos.<\/p>\n<p style=\"text-align: justify;\">Es el d\u00eda de Nochebuena y nos hemos sentado a la mesa para dar cuenta de la cena familiar. En su transcurso recuerdo a mi buen amigo el mismo d\u00eda de Nochebuena, pero en 1936. Ambos luchamos en bandos distintos, \u00e9l en el franquista y yo en el republicano. Por la nobleza de los hechos que protagonizamos, comenc\u00e9 a relat\u00e1rselos a mi esposa, hijos y hermanos: El d\u00eda de Nochebuena de 1936 empezaba a despertar. Hab\u00eda nevado copiosamente la noche anterior y el frente estaba cubierto por un majestuoso manto n\u00edveo. Sin embargo, el cielo estaba despejado y en el horizonte azul, claro y n\u00edtido, el sol desparramaba su luz por el valle, y la blanca nieve, iluminada vivamente, refulg\u00eda y centelleaba ante nuestra mirada. Los pinos nevados eran espectros fantasmales que alzaban sus copas puntiagudas al cielo.<\/p>\n<p style=\"text-align: justify;\">Yo, como capit\u00e1n del ej\u00e9rcito republicano, formaba parte de una avanzadilla en un monte cercano a un pueblo ocupado por tropas franquistas. Muy cerca de nosotros, manten\u00edan sus posiciones los soldados del bando contrario. Pretend\u00edan el asalto del altozano.<\/p>\n<p style=\"text-align: justify;\">\u00a0Unos d\u00edas antes, dispar\u00e1bamos a matarnos unos a otros, sin embargo, esa ma\u00f1ana nadie quer\u00eda disparar. Y en el bando opuesto ocurr\u00eda lo mismo. El esp\u00edritu de la Navidad nos hab\u00eda pose\u00eddo. La a\u00f1oranza de la Nochebuena en casa y el recuerdo de los familiares m\u00e1s queridos hab\u00eda hecho mella en nuestro interior. La nieve se iba derritiendo a medida que el sol irradiaba su luz y calor sobre los campos nevados. Tras los d\u00edas de lucha en el frente, por fin se respiraba un ambiente de calma y tranquilidad. Con el \u00e1nimo arriba, me asom\u00e9 por encima de la barricada levantada en la cima del cerro y, sacando un pa\u00f1uelo blanco, grit\u00e9: \u00a1No dispar\u00e9is, hoy es d\u00eda de paz! \u00a1Os proponemos una tregua!<\/p>\n<p style=\"text-align: justify;\">Desde la trinchera que ocupaban los soldados franquistas, se levant\u00f3 su capit\u00e1n y respondi\u00f3, clamando:<br \/>\n\u00a1La aceptamos! \u00a1Pensamos igual que vosotros!<\/p>\n<p style=\"text-align: justify;\">Acto seguido, mis combatientes salieron de su refugio y los del otro bando lo hicieron del suyo. Camin\u00e1bamos para encontrarnos unos con otros. Cuando ya est\u00e1bamos cerca, reconoc\u00ed a mi amigo Juan, y \u00e9l hizo lo propio conmigo. Ya no \u00e9ramos rivales, sino hermanos. Al contactar, nos fundimos en un fuerte y prolongado abrazo y lloramos ambos de alegr\u00eda. Los dem\u00e1s se saludaron efusivamente y tambi\u00e9n se abrazaron.<\/p>\n<p style=\"text-align: justify;\">Luego todos conversamos ampliamente, nos ense\u00f1amos fotos de nuestras familias, intercambiamos tabaco y compartimos el vino de nuestras respectivas cantimploras. En ese clima de fraternidad, alguien propuso hacer conjuntamente la cena de Nochebuena. La propuesta fue aceptada por unanimidad. Con la escasa comida y bebida que cada uno pudo aportar compartimos una cena frugal, pero inolvidable. Al acabarla, uno de mis milicianos me<br \/>\ndijo: -Mi capit\u00e1n \u00bfqu\u00e9 hacemos en esta absurda guerra, mat\u00e1ndonos entre hermanos? Vay\u00e1monos cada uno a nuestra casa y terminemos con esta pesadilla. &#8211; \u00bfQu\u00e9 m\u00e1s quisiera yo?, pero no puede ser. Eso no lo decidimos nosotros, sino las autoridades pol\u00edticas y militares de ambos bandos &#8211; Le respond\u00ed, con pena.<\/p>\n<p style=\"text-align: justify;\">La guerra terminar\u00eda, tres a\u00f1os m\u00e1s tarde, con la victoria del bando franquista. Juan y yo regresamos a casa. Se iniciaba una larga dictadura.<\/p>\n<p style=\"text-align: justify;\">Acabada mi exposici\u00f3n y concluida la cena familiar, brindamos con una copita de an\u00eds y degustamos exquisitos mantecados y turrones. Luego cantamos villancicos acompa\u00f1ados por el sonsonete de instrumentos musicales como zambombas, panderetas, carra\u00f1acas y hasta\u00a0 cuencos de almireces de metal golpeados por el mazo o botellas de An\u00eds del Mono rascadas por un tenedor. Despu\u00e9s nos acostamos no muy tarde pues, al d\u00eda siguiente, la familia de Juan y la m\u00eda \u00edbamos a celebrar conjuntamente la Navidad.<\/p>\n","protected":false},"excerpt":{"rendered":"<p>Han pasado 30 a\u00f1os desde el inicio de la guerra civil de 1936. El golpe&#8230;<\/p>\n","protected":false},"author":1,"featured_media":58335,"comment_status":"closed","ping_status":"closed","sticky":false,"template":"","format":"standard","meta":{"_coblocks_attr":"","_coblocks_dimensions":"","_coblocks_responsive_height":"","_coblocks_accordion_ie_support":"","jetpack_post_was_ever_published":false,"_jetpack_newsletter_access":"","_jetpack_dont_email_post_to_subs":false,"_jetpack_newsletter_tier_id":0,"_jetpack_memberships_contains_paywalled_content":false,"_jetpack_memberships_contains_paid_content":false,"footnotes":"","jetpack_publicize_message":"","jetpack_publicize_feature_enabled":true,"jetpack_social_post_already_shared":true,"jetpack_social_options":{"image_generator_settings":{"template":"highway","default_image_id":0,"enabled":false},"version":2}},"categories":[1161,7926,44,7671,6937,15],"tags":[7135,254],"class_list":["post-58334","post","type-post","status-publish","format-standard","has-post-thumbnail","hentry","category-ciudadania","category-opinion-de-jose-vaquero","category-noticias-de-hoy","category-politica","category-sociedad","category-ultimas-noticias","tag-bandos","tag-guerra"],"jetpack_publicize_connections":[],"jetpack_featured_media_url":"https:\/\/i0.wp.com\/miradordeatarfe.es\/wp-content\/uploads\/2022\/12\/indice-3.jpeg?fit=300%2C168&ssl=1","jetpack_likes_enabled":true,"jetpack_sharing_enabled":true,"_links":{"self":[{"href":"https:\/\/miradordeatarfe.es\/index.php?rest_route=\/wp\/v2\/posts\/58334","targetHints":{"allow":["GET"]}}],"collection":[{"href":"https:\/\/miradordeatarfe.es\/index.php?rest_route=\/wp\/v2\/posts"}],"about":[{"href":"https:\/\/miradordeatarfe.es\/index.php?rest_route=\/wp\/v2\/types\/post"}],"author":[{"embeddable":true,"href":"https:\/\/miradordeatarfe.es\/index.php?rest_route=\/wp\/v2\/users\/1"}],"replies":[{"embeddable":true,"href":"https:\/\/miradordeatarfe.es\/index.php?rest_route=%2Fwp%2Fv2%2Fcomments&post=58334"}],"version-history":[{"count":3,"href":"https:\/\/miradordeatarfe.es\/index.php?rest_route=\/wp\/v2\/posts\/58334\/revisions"}],"predecessor-version":[{"id":58338,"href":"https:\/\/miradordeatarfe.es\/index.php?rest_route=\/wp\/v2\/posts\/58334\/revisions\/58338"}],"wp:featuredmedia":[{"embeddable":true,"href":"https:\/\/miradordeatarfe.es\/index.php?rest_route=\/wp\/v2\/media\/58335"}],"wp:attachment":[{"href":"https:\/\/miradordeatarfe.es\/index.php?rest_route=%2Fwp%2Fv2%2Fmedia&parent=58334"}],"wp:term":[{"taxonomy":"category","embeddable":true,"href":"https:\/\/miradordeatarfe.es\/index.php?rest_route=%2Fwp%2Fv2%2Fcategories&post=58334"},{"taxonomy":"post_tag","embeddable":true,"href":"https:\/\/miradordeatarfe.es\/index.php?rest_route=%2Fwp%2Fv2%2Ftags&post=58334"}],"curies":[{"name":"wp","href":"https:\/\/api.w.org\/{rel}","templated":true}]}}