{"id":58346,"date":"2023-01-05T11:37:49","date_gmt":"2023-01-05T10:37:49","guid":{"rendered":"https:\/\/miradordeatarfe.es\/?p=58346"},"modified":"2023-02-17T20:09:36","modified_gmt":"2023-02-17T19:09:36","slug":"ell-profesor-antonio-rodriguez-gomez-por-jose-enrique-granados","status":"publish","type":"post","link":"https:\/\/miradordeatarfe.es\/?p=58346","title":{"rendered":"ElL PROFESOR ANTONIO RODRIGUEZ G\u00d3MEZ\u00bb por Jos\u00e9 Enrique Granados"},"content":{"rendered":"<div class=\"\" dir=\"auto\">\n<div id=\"jsc_c_cy\" class=\"x1iorvi4 x1pi30zi x1l90r2v x1swvt13\" data-ad-comet-preview=\"message\" data-ad-preview=\"message\">\n<div class=\"x78zum5 xdt5ytf xz62fqu x16ldp7u\">\n<div class=\"xu06os2 x1ok221b\">\n<div class=\"x11i5rnm xat24cr x1mh8g0r x1vvkbs xdj266r x126k92a\">\n<div dir=\"auto\">El 17 de diciembre , le\u00ed con consternaci\u00f3n en Granada Hoy, la noticia de la muerte de Antonio Rodr\u00edguez G\u00f3mez, catedr\u00e1tico de Lengua Castellana y Literatura que, durante alg\u00fan tiempo, ya lejano, fue profesor en el instituto Il\u00edberis.<\/div>\n<div dir=\"auto\">\u00a0<\/div>\n<div dir=\"auto\">Hoy es un d\u00eda, en el que debemos poner en valor la inestimable labor que \u201cEl Gitano\u201d como as\u00ed se le conoc\u00eda entre el alumnado, realiz\u00f3 en aquellas generaciones a las que les dio clase.<\/div>\n<div dir=\"auto\">Cuando \u00e9l lleg\u00f3 al instituto, yo ya me hab\u00eda marchado, pero mantuve una relaci\u00f3n bastante fluida pues fue uno de los colaboradores m\u00e1s prol\u00edficos que tuve mientras fui coordinador del suplemento de fiestas que durante m\u00e1s de 30 a\u00f1os public\u00f3 IDEAL.<\/div>\n<div dir=\"auto\">\u00a0<\/div>\n<div dir=\"auto\">Gracias a su labor divulgadora conocimos a Abu Isac de Elvira, el escritor atarfe\u00f1o, m\u00e1s antiguo, del que se tienen noticias. <em>\u201cTen\u00eda la piel color ceniza, los ojos perdidos entre los rugosos p\u00e1rpados a\u00fan conservaban el brillo \u00e1rabe, la respiraci\u00f3n dificultosa pugnaba entre sus costillas como un pajarillo y la boca desdentada se mov\u00eda convulsivamente. Su vieja metaf\u00edsica de alfaqu\u00ed hab\u00eda sido sustituida por la verdad insobornable de la naturaleza la verdad de la higuera que cada oto\u00f1o le ofrec\u00eda sus frutos y las cabras que se reproduc\u00edan tenazmente para asegurarle su sustento\u201d. \u201cAbu Isaac de Elvira era, sobre todo, un eximio poeta, editado y comentado en mezquitas y c\u00edrculos literarios de Granada, Fez, Rabat y Damasco. La fama de su diwan, compuesto por treinta y cinco piezas perdur\u00f3 hasta el siglo XV.\u201d<\/em><\/div>\n<div dir=\"auto\">\u00a0<\/div>\n<div dir=\"auto\">Coet\u00e1neo de Abu Isac fue Al- Sumaysir otro elvirense ilustre muy en desacuerdo con la pol\u00edtica de Badis ibn Habus, el tercero de los reyes zir\u00edes, de admitir en la corte a bereberes, a cristianos o a jud\u00edos y del que Antonio tambi\u00e9n escribi\u00f3.Conocimos a Sauwar al-Muharibi y Said ibn Yud\u00ed dos de los gobernadores de Medina Ilbira con m\u00e1s relevancia a lo largo de los casi tres siglos en que la ciudad fue capital de la provincia o cora de Ilbira, entre los a\u00f1os 864 y 1010.<\/div>\n<div dir=\"auto\">\u00a0<\/div>\n<div dir=\"auto\">Antonio tambi\u00e9n nos aproxim\u00f3 al <strong>esplendor literario de Elvira durante el siglo X<\/strong>. Para el autor la importancia de Elvira radica en la sorprendente cantidad de escritores oriundos de la ciudad y la variedad de su producci\u00f3n que la convirtieron en escuela de alfaqu\u00edes, juristas y gram\u00e1ticos famosos, centro de inter\u00e9s cultural para Al-\u00c1ndalus y todo el \u00e1mbito isl\u00e1mico y vivero agitado de vida intelectual.<\/div>\n<div dir=\"auto\">\u00a0<\/div>\n<div dir=\"auto\">La literatura de Abu Yafar estudiante docto, experto en gram\u00e1tica y en lengua \u00e1rabe, poeta ingenioso y procaz fue otro de los autores \u00e1rabes a los que Rodr\u00edguez G\u00f3mez dedic\u00f3 uno de sus art\u00edculos de investigaci\u00f3n.<\/div>\n<div dir=\"auto\">\u00a0<\/div>\n<div dir=\"auto\">Rodr\u00edguez G\u00f3mez nos acerc\u00f3 a los romances que transmitieron las luchas que se produjeron a lo largo del siglo XV entre los castellanos y los nazar\u00edes. <em>\u201cNinguna otra guerra ha dejado m\u00e1s y m\u00e1s bellos testimonios literarios que la guerra de Granada, especialmente a trav\u00e9s de los romances. Dos romances famosos en la historia de la literatura espa\u00f1ola han dejado testimonio de la participaci\u00f3n de Atarfe en la historia com\u00fan de todos los pueblos: los romances de Abenamar y del moro Tarfe\u201d<\/em>. O a la presencia del Cid en Atarfe en una de las numerosas campa\u00f1as que los reyes castellanos mantuvieron en la Vega de Granada. Ocurri\u00f3 en marzo de 1091, y as\u00ed lo documentan la \u00abHistoria Roderici\u00bb, la \u00abCr\u00f3nica de 1344\u00bb y la \u00abCr\u00f3nica de Veinte Reyes\u00bb.<\/div>\n<div dir=\"auto\">\u00a0<\/div>\n<div dir=\"auto\">O ese \u00c1lvaro de Tarfe personaje ilustre que aparece en el Quijote; o Manuel de Tarfe personaje que, con mayor o menor protagonismo, aparece en siete novelas de Gald\u00f3s pertenecientes a los Episodios Nacionales: O&#8217;Donnell, Alta Tettaunen, Carlos VI en La R\u00e1pita, La vuelta al mundo en la Numancia, Prim, La de los tristes destinos y Espa\u00f1a Tr\u00e1gica. P\u00e9rez Gald\u00f3s lo describe como \u00abun tanto diablesco, rebosante de ingenio y de gracia (&#8230;). Era rubio, de azules ojos, simp\u00e1tico y de hablar expedito y donoso. Rico por su casa, Tarfe quer\u00eda lucir en el terreno pol\u00edtico y no carec\u00eda de bien fundadas ambiciones. Ya era diputado, y con la protecci\u00f3n de O&#8217;Donnell ser\u00eda todo lo que quisiese. Su frivolidad y los h\u00e1bitos de ocio elegante en los altos c\u00edrculos, o en los pasatiempos y deportes andaluces (pues esta doble naturaleza era en \u00e9l caracter\u00edstica), se iban corrigiendo con el trato de personas elegantes (&#8230;). Algunos le ten\u00edan por cuco y ve\u00edan en sus jactanciosas actitudes, dentro de las dos naturalezas, un medio de abrirse camino en la pol\u00edtica\u00bb.<\/div>\n<div dir=\"auto\">\u00a0<\/div>\n<div dir=\"auto\">Hay pueblos que no tienen nombres ni fechas que conmemoren su participaci\u00f3n en la Historia. Otros, m\u00e1s afortunados, disfrutan del privilegio de haber sido testigo de numerosos acontecimientos hist\u00f3ricos; \u00e9ste es el caso de Atarfe. Su nombre aparece relacionado con Cervantes, Lope de Vega, P\u00e9rez Gald\u00f3s, etc.<\/div>\n<\/div>\n<div class=\"x11i5rnm xat24cr x1mh8g0r x1vvkbs xtlvy1s x126k92a\">\n<div dir=\"auto\">Gran parte de estos art\u00edculos se encuentran compendiados en el libro \u201cAtarfe en el papel\u201d, as\u00ed que pod\u00e9is disfrutar de ellos.<\/div>\n<div dir=\"auto\">\u00a0<\/div>\n<div dir=\"auto\"><a href=\"https:\/\/i0.wp.com\/miradordeatarfe.es\/wp-content\/uploads\/2022\/12\/320743767_1216702529244253_4712299931383065348_n.jpg?ssl=1\"><img data-recalc-dims=\"1\" loading=\"lazy\" decoding=\"async\" class=\"alignnone size-full wp-image-58347\" src=\"https:\/\/i0.wp.com\/miradordeatarfe.es\/wp-content\/uploads\/2022\/12\/320743767_1216702529244253_4712299931383065348_n.jpg?resize=640%2C427&#038;ssl=1\" alt=\"\" width=\"640\" height=\"427\" srcset=\"https:\/\/i0.wp.com\/miradordeatarfe.es\/wp-content\/uploads\/2022\/12\/320743767_1216702529244253_4712299931383065348_n.jpg?w=810&amp;ssl=1 810w, https:\/\/i0.wp.com\/miradordeatarfe.es\/wp-content\/uploads\/2022\/12\/320743767_1216702529244253_4712299931383065348_n.jpg?resize=300%2C200&amp;ssl=1 300w, https:\/\/i0.wp.com\/miradordeatarfe.es\/wp-content\/uploads\/2022\/12\/320743767_1216702529244253_4712299931383065348_n.jpg?resize=768%2C512&amp;ssl=1 768w\" sizes=\"auto, (max-width: 640px) 100vw, 640px\" \/><\/a><\/div>\n<\/div>\n<div class=\"x11i5rnm xat24cr x1mh8g0r x1vvkbs xtlvy1s x126k92a\">\n<div dir=\"auto\">\u00a0<\/div>\n<div dir=\"auto\">Gracias Antonio, por habernos ense\u00f1ado todo esto. Atarfe, est\u00e1 en deuda contigo.<\/div>\n<div dir=\"auto\">\u00a0<\/div>\n<\/div>\n<div class=\"x11i5rnm xat24cr x1mh8g0r x1vvkbs xtlvy1s x126k92a\">\n<div dir=\"auto\">En la fotograf\u00eda, en la presentaci\u00f3n de una de sus obras, dedicada a Pedro Antonio de Alarc\u00f3n.<\/div>\n<\/div>\n<div class=\"x11i5rnm xat24cr x1mh8g0r x1vvkbs xtlvy1s x126k92a\">\n<div dir=\"auto\">\u00a0<\/div>\n<div dir=\"auto\"><strong>Gacetilla y curiosidades elvirenses<\/strong><\/div>\n<div dir=\"auto\">\u00a0<\/div>\n<\/div>\n<div dir=\"auto\">FOTO: GRANADA HOY<\/div>\n<\/div>\n<\/div>\n<\/div>\n<\/div>\n","protected":false},"excerpt":{"rendered":"<p>El 17 de diciembre , le\u00ed con consternaci\u00f3n en Granada Hoy, la noticia de la&#8230;<\/p>\n","protected":false},"author":1,"featured_media":58348,"comment_status":"closed","ping_status":"closed","sticky":false,"template":"","format":"standard","meta":{"_coblocks_attr":"","_coblocks_dimensions":"","_coblocks_responsive_height":"","_coblocks_accordion_ie_support":"","jetpack_post_was_ever_published":false,"_jetpack_newsletter_access":"","_jetpack_dont_email_post_to_subs":false,"_jetpack_newsletter_tier_id":0,"_jetpack_memberships_contains_paywalled_content":false,"_jetpack_memberships_contains_paid_content":false,"footnotes":"","jetpack_publicize_message":"","jetpack_publicize_feature_enabled":true,"jetpack_social_post_already_shared":true,"jetpack_social_options":{"image_generator_settings":{"template":"highway","default_image_id":0,"enabled":false},"version":2}},"categories":[2,187,38,5359,44,6539,15],"tags":[198,79,6058],"class_list":["post-58346","post","type-post","status-publish","format-standard","has-post-thumbnail","hentry","category-atarfe","category-centros-educativos","category-opinion-de-jose-enrique-granados","category-madinat-ilbira","category-noticias-de-hoy","category-personajes-de-ataref","category-ultimas-noticias","tag-literatura","tag-medina-elvira","tag-profesor"],"jetpack_publicize_connections":[],"jetpack_featured_media_url":"https:\/\/i0.wp.com\/miradordeatarfe.es\/wp-content\/uploads\/2022\/12\/Muere-Antonio-Rodriguez-Gomez-catedratico_1748236449_172847894_667x375.jpg?fit=667%2C375&ssl=1","jetpack_likes_enabled":true,"jetpack_sharing_enabled":true,"_links":{"self":[{"href":"https:\/\/miradordeatarfe.es\/index.php?rest_route=\/wp\/v2\/posts\/58346","targetHints":{"allow":["GET"]}}],"collection":[{"href":"https:\/\/miradordeatarfe.es\/index.php?rest_route=\/wp\/v2\/posts"}],"about":[{"href":"https:\/\/miradordeatarfe.es\/index.php?rest_route=\/wp\/v2\/types\/post"}],"author":[{"embeddable":true,"href":"https:\/\/miradordeatarfe.es\/index.php?rest_route=\/wp\/v2\/users\/1"}],"replies":[{"embeddable":true,"href":"https:\/\/miradordeatarfe.es\/index.php?rest_route=%2Fwp%2Fv2%2Fcomments&post=58346"}],"version-history":[{"count":1,"href":"https:\/\/miradordeatarfe.es\/index.php?rest_route=\/wp\/v2\/posts\/58346\/revisions"}],"predecessor-version":[{"id":58349,"href":"https:\/\/miradordeatarfe.es\/index.php?rest_route=\/wp\/v2\/posts\/58346\/revisions\/58349"}],"wp:featuredmedia":[{"embeddable":true,"href":"https:\/\/miradordeatarfe.es\/index.php?rest_route=\/wp\/v2\/media\/58348"}],"wp:attachment":[{"href":"https:\/\/miradordeatarfe.es\/index.php?rest_route=%2Fwp%2Fv2%2Fmedia&parent=58346"}],"wp:term":[{"taxonomy":"category","embeddable":true,"href":"https:\/\/miradordeatarfe.es\/index.php?rest_route=%2Fwp%2Fv2%2Fcategories&post=58346"},{"taxonomy":"post_tag","embeddable":true,"href":"https:\/\/miradordeatarfe.es\/index.php?rest_route=%2Fwp%2Fv2%2Ftags&post=58346"}],"curies":[{"name":"wp","href":"https:\/\/api.w.org\/{rel}","templated":true}]}}