{"id":58361,"date":"2023-01-01T10:33:01","date_gmt":"2023-01-01T09:33:01","guid":{"rendered":"https:\/\/miradordeatarfe.es\/?p=58361"},"modified":"2022-12-30T11:57:01","modified_gmt":"2022-12-30T10:57:01","slug":"espana-termina-el-ano-en-alerta-con-diez-asesinatos-machistas-en-menos-de-un-mes","status":"publish","type":"post","link":"https:\/\/miradordeatarfe.es\/?p=58361","title":{"rendered":"Espa\u00f1a termina el a\u00f1o en alerta con diez asesinatos machistas en menos de un mes"},"content":{"rendered":"<h3>Igualdad e Interior piden a administraciones y ciudadan\u00eda aumentar la vigilancia; la mitad de las mujeres hab\u00eda denunciado y las expertas insisten en la necesidad de mejorar las valoraciones de riesgo y la detecci\u00f3n precoz de la violencia<\/h3>\n<div class=\"partner-wrapper article-page__body-row \">\n<div class=\"second-col\">\n<p class=\"article-text\" style=\"text-align: justify;\">A Mar\u00eda Elena, de 34 a\u00f1os, le faltaba una semana para salir de cuentas. Estaba embarazada de una nueva pareja y se encontraba con los dos hijos adolescentes que compart\u00eda con su ex. Fue este hombre el que el pasado mi\u00e9rcoles por la tarde la mat\u00f3, delante de sus hijos. La hija adolescente llam\u00f3 a emergencias para contar lo ocurrido. Los sanitarios que acudieron practicaron una ces\u00e1rea de urgencia, pero finalmente Mar\u00eda Elena y su beb\u00e9 murieron. El asesino, de 52 a\u00f1os, ten\u00eda unos antecedentes por violencia de g\u00e9nero que databan de 2009. Fue detenido por la Guardia Civil.<\/p>\n<p class=\"article-text\" style=\"text-align: justify;\">Unas horas antes, otro hombre hab\u00eda matado a su mujer, de 45 a\u00f1os, en Bilbao. Unas horas despu\u00e9s, un hombre de 37 a\u00f1os asesinaba en Madrid a la hija de 20 a\u00f1os de su expareja. Y otro var\u00f3n, de 22, era detenido en Benidorm despu\u00e9s de que su pareja cayera desde un sexto piso.<\/p>\n<p class=\"article-text\" style=\"text-align: justify;\">Sucede peri\u00f3dicamente, pero esa certeza no resta gravedad a la situaci\u00f3n ni evita el dolor y la consternaci\u00f3n que conlleva. De vez en cuando, en periodos cortos de tiempo, se concentra <a class=\"link\" href=\"https:\/\/www.eldiario.es\/sociedad\/igualdad-impulsa-plan-revisar-protocolos-violencia-machista-cinco-asesinatos-cuatro-dias_1_7957998.html\" data-mrf-recirculation=\"links-noticia\">un elevado n\u00famero de asesinatos machistas<\/a>. Es lo que ha sucedido desde que comenz\u00f3 diciembre: nueve hombres han asesinado a sus parejas o exparejas mujeres y otro ha matado a la hija de su expareja. Los cr\u00edmenes de otras dos mujeres se investigan como violencia de g\u00e9nero.<\/p>\n<p class=\"article-text\" style=\"text-align: justify;\">El balance es de 12 mujeres asesinadas en 29 d\u00edas (diez casos confirmados, dos en investigaci\u00f3n), cuatro de ellas en las \u00faltimas 48 horas. No existe una explicaci\u00f3n f\u00e1cil para este tr\u00e1gico repunte, pero s\u00ed algunos factores que confluyen y que aumentan el riesgo durante estos d\u00edas. Un hecho a\u00f1ade gravedad a lo sucedido: al menos la mitad de las mujeres asesinadas hab\u00eda denunciado. Algo fall\u00f3.<\/p>\n<figure class=\"embed-container embed-container--type-embed \" style=\"text-align: justify;\"><iframe id=\"datawrapper-chart-2BM17\" title=\"Los asesinatos machistas aumentan en diciembre y en los meses de verano\" src=\"https:\/\/datawrapper.dwcdn.net\/2BM17\/3\/\" height=\"776\" frameborder=\"0\" scrolling=\"no\" aria-label=\"Tabla\" data-external=\"1\" data-mce-fragment=\"1\"><\/iframe><\/figure>\n<p class=\"article-text\" style=\"text-align: justify;\">\u201cEn el caso de las mujeres que no denuncian es un fracaso del sistema porque no hemos sido capaces de que quien vive la violencia busque ayuda o atenci\u00f3n\u201d, diagnostica el exdelegado del Gobierno para la Violencia de G\u00e9nero, Miguel Lorente. \u201cQuiere decir que el sistema es parte del problema, que no tenemos los instrumentos necesarios para romper esas din\u00e1micas. Pero cuando son ellas las que adoptan una posici\u00f3n cr\u00edtica y rompen con las din\u00e1micas para denunciar y salir y el sistema falla, es muy grave. Est\u00e1s generando una confianza que se rompe. Quiere decir que no hemos hecho todo lo que pod\u00edamos hacer\u201d, a\u00f1ade.<\/p>\n<p class=\"article-text\" style=\"text-align: justify;\">Despu\u00e9s de una denuncia debe existir una valoraci\u00f3n del riesgo. Y es esa valoraci\u00f3n del riesgo la que en ocasiones falla. La abogada especializada Mar\u00eda \u00c1ngeles Jaime de Pablo, expresidenta de la Asociaciones Themis, explica que en la mayor\u00eda de ocasiones solo se hace la valoraci\u00f3n policial, que es la que luego queda registrada en el sistema Viog\u00e9n (donde est\u00e1n incluidas todas las v\u00edctimas que denuncian). \u201cTiene una eficacia limitada, solamente coge los datos de la entrevista que le hacen a una v\u00edctima, muchas veces en estado de <em>shock<\/em>\u201d, critica De Pablo. Es por eso que todas las expertas llevan a\u00f1os reclamando que sean los juzgados los que lleven a cabo la valoraci\u00f3n del riesgo al agresor, un instrumento m\u00e1s eficaz.<\/p>\n<figure class=\"embed-container embed-container--type-embed \" style=\"text-align: justify;\"><iframe id=\"datawrapper-chart-s4FgO\" title=\"La mayor\u00eda de las asesinadas no hab\u00edan denunciado al agresor previamente\" src=\"https:\/\/datawrapper.dwcdn.net\/s4FgO\/2\/\" height=\"720\" frameborder=\"0\" scrolling=\"no\" aria-label=\"Barras apiladas\" data-external=\"1\" data-mce-fragment=\"1\"><\/iframe><\/figure>\n<p class=\"article-text\" style=\"text-align: justify;\">Estas valoraciones forenses del riesgo est\u00e1n a disposici\u00f3n de los \u00f3rganos judiciales para ayudar a los jueces a decidir sobre la protecci\u00f3n de cada v\u00edctima. Sin embargo, los datos del Ministerio de Justicia muestran que <a class=\"link\" href=\"https:\/\/www.eldiario.es\/sociedad\/juzgados-infrautilizan-valoraciones-forenses-riesgo-casos-violencia-machista_1_8159760.html\" data-mrf-recirculation=\"links-noticia\">su uso es residual<\/a>: en 2019 solo se hicieron 2.152 estudios de este tipo, mientras que ese mismo a\u00f1o se dictaron 51.790 sentencias por violencia de g\u00e9nero. \u201cEstamos constantemente pidiendo que exista y se use este recurso a disposici\u00f3n de los juzgados para valorar el riesgo y modular la protecci\u00f3n\u201d, se queja De Pablo, que explica que una valoraci\u00f3n del riesgo lo m\u00e1s aproximada posible servir\u00eda para decidir qu\u00e9 es m\u00e1s adecuado en cada caso; una orden de protecci\u00f3n o alejamiento, un dispositivo telem\u00e1tico para el agresor o incluso la prisi\u00f3n preventiva.<\/p>\n<p class=\"article-text\" style=\"text-align: justify;\">El d\u00e9ficit m\u00e1s importante, subraya Miguel Lorente, est\u00e1 en la detecci\u00f3n de la violencia en fases tempranas, cuando a\u00fan hay m\u00e1s capacidad para actuar. \u201cLa mejor forma de mejorar la respuesta es anticiparnos a la situaci\u00f3n. Cuando llegas a la situaci\u00f3n urgente, cuando ya es una fase cr\u00edtica y peligrosa, es mucho m\u00e1s dif\u00edcil. Ning\u00fan hombre empieza a maltratar diciendo &#8216;a esta la mato yo&#8217;, pero cuando llega ah\u00ed es m\u00e1s dif\u00edcil pararlo\u201d, asegura el m\u00e9dico forense, que tambi\u00e9n reclama un mayor uso de los dispositivos telem\u00e1ticos que detectan cu\u00e1ndo los agresores se aproximan a las mujeres.<\/p>\n<figure class=\"embed-container embed-container--type-embed \" style=\"text-align: justify;\"><iframe id=\"datawrapper-chart-MKSLs\" title=\"Mujeres asesinadas por violencia de g\u00e9nero cada a\u00f1o\" src=\"https:\/\/datawrapper.dwcdn.net\/MKSLs\/1\/\" height=\"545\" frameborder=\"0\" scrolling=\"no\" aria-label=\"Gr\u00e1fico de columnas\" data-external=\"1\" data-mce-fragment=\"1\"><\/iframe><\/figure>\n<p class=\"article-text\" style=\"text-align: justify;\">Seg\u00fan los casos confirmados hasta ahora, este a\u00f1o 48 hombres han asesinado a sus parejas o exparejas y 38 menores han quedado hu\u00e9rfanos. Desde 2003, a\u00f1o en el que empez\u00f3 el recuento oficial de v\u00edctimas, hay 1.182 mujeres asesinadas por violencia machista. Los hu\u00e9rfanos ascienden a 377 menores desde 2013.<\/p>\n<h3 class=\"article-text\" style=\"text-align: justify;\">Refuerzo de la conducta<\/h3>\n<p class=\"article-text\" style=\"text-align: justify;\">La acumulaci\u00f3n de asesinatos hizo que el Ministerio de Igualdad convocara el primer comit\u00e9 de crisis este mi\u00e9rcoles por la ma\u00f1ana. Este \u00f3rgano, in\u00e9dito hasta la fecha, est\u00e1 formado por Igualdad y los ministerios de Justicia e Interior, la Delegaci\u00f3n del Gobierno contra la Violencia de G\u00e9nero, la Fiscal de Sala de Violencia sobre la mujer y representantes de las comunidades aut\u00f3nomas donde se han producido los feminicidios. Sus conclusiones fueron preliminares y generales, pero sirvieron para constatar algunos factores de riesgo, como la \u00e9poca del a\u00f1o.<\/p>\n<figure class=\"embed-container embed-container--type-embed \" style=\"text-align: justify;\"><iframe id=\"datawrapper-chart-CRTKh\" title=\"El de 2022, uno de los diciembres m\u00e1s negros de la serie\" src=\"https:\/\/datawrapper.dwcdn.net\/CRTKh\/1\/\" height=\"545\" frameborder=\"0\" scrolling=\"no\" aria-label=\"Gr\u00e1fico de columnas\" data-external=\"1\" data-mce-fragment=\"1\"><\/iframe><\/figure>\n<p class=\"article-text\" style=\"text-align: justify;\">El 75% de los feminicidios ocurridos en diciembre sucedieron en fines de semana o festivos. Los datos muestran que junio, julio y agosto, por un lado, y diciembre y enero, por otro, suelen subir los feminicidios. El de 2022 ser\u00e1, cuando se confirmen todos los casos, el peor diciembre de la serie hist\u00f3rica, que comenz\u00f3 en 2003, a\u00f1o en el que se inici\u00f3 la recogida oficial de datos. La Delegada del Gobierno contra la Violencia de G\u00e9nero, Victoria Rosell, explicaba que el aumento de la convivencia y de los conflictos durante los periodos vacacionales es un factor de riesgo.<\/p>\n<p class=\"article-text\" style=\"text-align: justify;\">Miguel Lorente lo constata: \u201cNo son factores determinantes, s\u00ed factores de riesgo\u201d. Es decir, son factores que aumentan el peligro pero cuya relaci\u00f3n no es de causa y efecto. Pueden confluir varios o no, y puede que una acci\u00f3n a tiempo de la instituci\u00f3n pertinente elimine ese riesgo o lo amortig\u00fce.<\/p>\n<p class=\"article-text\" style=\"text-align: justify;\">\u00bfPor qu\u00e9 son estos periodos momentos de m\u00e1s riego? \u201cPor las rutinas modificadas. No se va a trabajar o no se recoge a los ni\u00f1os del cole&#8230; Eso permite que se contin\u00fae la violencia y que se vaya acumulando durante el d\u00eda\u201d, explica Lorente. Los asesinos no siempre matan a mujeres con las que conviven, pero las fechas vacacionales, con su modificaci\u00f3n de rutinas, ahondan en la sensaci\u00f3n de <a class=\"link\" href=\"https:\/\/www.eldiario.es\/sociedad\/asesinato-machista-tres-dias-perdida-control-maltratadores-dispara-casos-alarma_1_8040059.html\" data-mrf-recirculation=\"links-noticia\">p\u00e9rdida de control<\/a> de todos los agresores. El estudio de sentencias, apunta el forense, muestra c\u00f3mo la franja horaria en la que suelen suceder m\u00e1s asesinatos es la que va de las ocho de la tarde a las dos de la ma\u00f1ana.<\/p>\n<p class=\"article-text\" style=\"text-align: justify;\">Hay, adem\u00e1s, un \u201cfactor refuerzo\u201d que, aunque pol\u00e9mico, puede llegar a influir en este tipo de repuntes. \u201cSabemos que la conducta humana se comporta de esta manera. No se trata de que surja de la nada, es que hay hombres que ahora mismo est\u00e1n pensando en matar a sus parejas o exparejas y cuando encuentran que otro lo ha hecho se ven reforzados\u201d, apunta Lorente, que pone ejemplos muy diferentes para ver c\u00f3mo ese refuerzo opera. Es el caso de los atentados <em>yihadistas<\/em> en los que se utilizan furgonetas para atropellar en medio de multitudes, un <em>modus operandi<\/em> que, de repente y tras el primer caso, pareci\u00f3 contagiarse.<\/p>\n<p class=\"article-text\" style=\"text-align: justify;\">Miguel Lorente apuesta por incluir con m\u00e1s claridad este tipo de \u201cfactores contextuales\u201d en las valoraciones del riesgo: \u201cSi vas a hacerle una valoraci\u00f3n a una mujer con un instrumento que sea igual cada d\u00eda no vas a tener en cuenta estas circunstancias. Si ha habido otros casos antes, s\u00fabele un grado a ese riesgo\u201d. Tanto Igualdad como Interior han pedido estos d\u00edas aumentar la vigilancia de todas las instituciones y actores involucrados. El ministro del Interior, Fernando Grande Marlaska, anunci\u00f3 este jueves el env\u00edo de circulares tanto a la Polic\u00eda Nacional como a la Guardia Civil para \u201cintensificar\u201d las actuaciones contra la violencia machista y para que prime la valoraci\u00f3n m\u00e1s favorable a las v\u00edctimas en las evaluaciones de riesgo.<\/p>\n<div id=\"container-after-news-outlook\" style=\"text-align: justify;\">\u00a0<\/div>\n<figure class=\"embed-container embed-container--type-embed \" style=\"text-align: justify;\"><iframe id=\"datawrapper-chart-O4i80\" title=\"Distribuci\u00f3n de los asesinatos machistas en 2022\" src=\"https:\/\/datawrapper.dwcdn.net\/O4i80\/1\/\" height=\"402\" frameborder=\"0\" scrolling=\"no\" aria-label=\"Mapa\" data-external=\"1\" data-mce-fragment=\"1\"><\/iframe><\/figure>\n<p class=\"article-text\" style=\"text-align: justify;\">Tras la reuni\u00f3n del comit\u00e9 de crisis, la Delegada del Gobierno contra la Violencia de G\u00e9nero, Victoria Rosell, tambi\u00e9n mencion\u00f3 la necesidad de seguir mejorando el sistema Viog\u00e9n. \u00bfC\u00f3mo? Permitiendo que, adem\u00e1s de la valoraci\u00f3n de riesgo policial o judicial, incluya otro tipo de informaci\u00f3n, por ejemplo, de los servicios sociales, para tener un panorama lo m\u00e1s amplio posible de cada caso y poder tomar decisiones al respecto.<\/p>\n<p class=\"article-text\" style=\"text-align: justify;\">Ese mensaje de \u201calerta machista\u201d lanzado por el Ministerio de Igualdad es \u201cpositivo\u201d, cree la abogada Mar\u00eda \u00c1ngeles Jaime de Pablo, aunque es dif\u00edcil que por s\u00ed solo contrarreste \u201cla invisibilizaci\u00f3n o la relativizaci\u00f3n de la violencia machista\u201d. \u201cLos asesinatos son evidentes, pero hay muchas otras agresiones. Hay que tener claro cu\u00e1l es el origen de la violencia, al desigualdad, y es relevante que haya unidad entre los actores y actrices del escenario pol\u00edtico, aunque esa unidad se rompi\u00f3 porque Vox decidi\u00f3 hacer bandera del machismo\u201d, afirma. Los datos, prosigue, muestran con claridad que tras la aprobaci\u00f3n de la Ley Integral contra la violencia de g\u00e9nero en 2004 se registr\u00f3 una notable bajada del n\u00famero de mujeres asesinadas. \u201cSe asocia claramente al fin de la tolerancia social. Eso nos muestra el camino\u201d.<\/p>\n<aside class=\"news-outlook\">\n<h2 class=\"outlook-header\">Recursos de atenci\u00f3n a mujeres que sufren violencia machista y su entorno<\/h2>\n<p class=\"article-text\">El tel\u00e9fono 016 atiende las 24 horas del d\u00eda, tanto a mujeres que sufran alg\u00fan tipo de violencia machista como a su entorno. La llamada no queda registrada en la factura, aunque hay que borrarla del dispositivo. La Delegaci\u00f3n del Gobierno para la Violencia de G\u00e9nero cuenta con un canal de atenci\u00f3n 24 horas por Whatsapp en el n\u00famero 600 000 016 y con un chat online, accesible desde la p\u00e1gina web violenciagenero.igualdad.gob.es\/. La aplicaci\u00f3n AlertCoops permite contactar directamente con las fuerzas y cuerpos de seguridad del Estado.<\/p>\n<\/aside>\n<\/div>\n<div class=\"first-col\" style=\"text-align: justify;\">\n<div class=\"tags\" data-mrf-recirculation=\"etiquetas\">\u00a0<\/div>\n<\/div>\n<\/div>\n<p style=\"text-align: justify;\"><a href=\"https:\/\/www.eldiario.es\/autores\/ana_requena_aguilar\/\"><strong>Ana Requena Aguilar<\/strong><\/a><\/p>\n<div class=\"second-col\" style=\"text-align: justify;\">\n<figure class=\"ni-figure\"><figcaption class=\"image-footer\"><span class=\"title\">FOTO: imagen de archivo de una concentraci\u00f3n en contra de la violencia machista. <span class=\"author\"> EFE \/ \u00c1ngel Medina G.<\/span> <\/span><\/figcaption><\/figure>\n<\/div>\n<footer class=\"news-info has-button-follow\" data-mrf-recirculation=\"firma\">\n<div class=\"info-wrapper\">\n<p style=\"text-align: justify;\">https:\/\/www.eldiario.es\/sociedad\/espana-termina-ano-alerta-diez-asesinatos-machistas-mes_1_9830842.html<\/p>\n<\/div>\n<\/footer>\n","protected":false},"excerpt":{"rendered":"<p>Igualdad e Interior piden a administraciones y ciudadan\u00eda aumentar la vigilancia; la mitad de las&#8230;<\/p>\n","protected":false},"author":1,"featured_media":58362,"comment_status":"closed","ping_status":"closed","sticky":false,"template":"","format":"standard","meta":{"_coblocks_attr":"","_coblocks_dimensions":"","_coblocks_responsive_height":"","_coblocks_accordion_ie_support":"","jetpack_post_was_ever_published":false,"_jetpack_newsletter_access":"","_jetpack_dont_email_post_to_subs":false,"_jetpack_newsletter_tier_id":0,"_jetpack_memberships_contains_paywalled_content":false,"_jetpack_memberships_contains_paid_content":false,"footnotes":"","jetpack_publicize_message":"","jetpack_publicize_feature_enabled":true,"jetpack_social_post_already_shared":true,"jetpack_social_options":{"image_generator_settings":{"template":"highway","default_image_id":0,"enabled":false},"version":2}},"categories":[1161,14,44,15],"tags":[480,9891,19],"class_list":["post-58361","post","type-post","status-publish","format-standard","has-post-thumbnail","hentry","category-ciudadania","category-feminismo","category-noticias-de-hoy","category-ultimas-noticias","tag-asesinatos","tag-diciembre-negro","tag-mujeres"],"jetpack_publicize_connections":[],"jetpack_featured_media_url":"https:\/\/i0.wp.com\/miradordeatarfe.es\/wp-content\/uploads\/2022\/12\/1925db5e-90ee-4c9b-9cc8-1b475fa595c6_16-9-discover-aspect-ratio_default_0.jpg?fit=1200%2C675&ssl=1","jetpack_likes_enabled":true,"jetpack_sharing_enabled":true,"_links":{"self":[{"href":"https:\/\/miradordeatarfe.es\/index.php?rest_route=\/wp\/v2\/posts\/58361","targetHints":{"allow":["GET"]}}],"collection":[{"href":"https:\/\/miradordeatarfe.es\/index.php?rest_route=\/wp\/v2\/posts"}],"about":[{"href":"https:\/\/miradordeatarfe.es\/index.php?rest_route=\/wp\/v2\/types\/post"}],"author":[{"embeddable":true,"href":"https:\/\/miradordeatarfe.es\/index.php?rest_route=\/wp\/v2\/users\/1"}],"replies":[{"embeddable":true,"href":"https:\/\/miradordeatarfe.es\/index.php?rest_route=%2Fwp%2Fv2%2Fcomments&post=58361"}],"version-history":[{"count":2,"href":"https:\/\/miradordeatarfe.es\/index.php?rest_route=\/wp\/v2\/posts\/58361\/revisions"}],"predecessor-version":[{"id":58364,"href":"https:\/\/miradordeatarfe.es\/index.php?rest_route=\/wp\/v2\/posts\/58361\/revisions\/58364"}],"wp:featuredmedia":[{"embeddable":true,"href":"https:\/\/miradordeatarfe.es\/index.php?rest_route=\/wp\/v2\/media\/58362"}],"wp:attachment":[{"href":"https:\/\/miradordeatarfe.es\/index.php?rest_route=%2Fwp%2Fv2%2Fmedia&parent=58361"}],"wp:term":[{"taxonomy":"category","embeddable":true,"href":"https:\/\/miradordeatarfe.es\/index.php?rest_route=%2Fwp%2Fv2%2Fcategories&post=58361"},{"taxonomy":"post_tag","embeddable":true,"href":"https:\/\/miradordeatarfe.es\/index.php?rest_route=%2Fwp%2Fv2%2Ftags&post=58361"}],"curies":[{"name":"wp","href":"https:\/\/api.w.org\/{rel}","templated":true}]}}