{"id":58402,"date":"2023-01-03T09:36:00","date_gmt":"2023-01-03T08:36:00","guid":{"rendered":"https:\/\/miradordeatarfe.es\/?p=58402"},"modified":"2023-01-01T19:41:23","modified_gmt":"2023-01-01T18:41:23","slug":"economia-2022-el-coste-de-la-vida-volvio-a-preocupar-a-europa","status":"publish","type":"post","link":"https:\/\/miradordeatarfe.es\/?p=58402","title":{"rendered":"Econom\u00eda 2022: el coste de la vida volvi\u00f3 a preocupar a Europa"},"content":{"rendered":"<h3 style=\"text-align: justify;\">Si las econom\u00edas se estancaran y fueran aterrizando poco a poco en un crecimiento nulo, las condiciones sociales de la poblaci\u00f3n se deteriorar\u00edan<\/h3>\n<div class=\"td-post-content\">\n<p style=\"text-align: justify;\">Cerramos un a\u00f1o en el que Europa ha vuelto a reencontrarse con la inflaci\u00f3n, la crisis energ\u00e9tica y las altas tasas de inter\u00e9s, que desde hace a\u00f1os parec\u00edan las grandes olvidadas de las econom\u00edas locales. La guerra iniciada por Putin contra Ucrania a comienzos de 2022 ha sido el gran catalizador del derrumbe de los paradigmas econ\u00f3micos europeos recientes. Esto es, energ\u00eda, dinero y alimentos, todos baratos.<\/p>\n<p style=\"text-align: justify;\">En abril, el profesor Rub\u00e9n Garrido-Yserte (UCLM), nos recordaba que la inflaci\u00f3n \u201ces una p\u00e9rdida para casi todos, pues <a href=\"https:\/\/theconversation.com\/con-la-inflacion-muchos-pierden-mucho-y-algunos-ganan-180481\" rel=\"external noopener noreferrer\" data-wpel-link=\"external\">provoca el empobrecimiento del conjunto<\/a> de la econom\u00eda\u201d.<\/p>\n<p style=\"text-align: justify;\">En su texto, el autor se\u00f1alaba que, en periodos de subidas de precios, el poder adquisitivo de los ciudadanos baja si sus rentas no suben al mismo ritmo que los precios (mientras que el Estado mantiene la recaudaci\u00f3n fiscal).<\/p>\n<h2 style=\"text-align: justify;\">Inflaci\u00f3n e impuestos<\/h2>\n<p style=\"text-align: justify;\">La subida generalizada en los precios provoc\u00f3 un debate pol\u00edtico sobre <a href=\"https:\/\/theconversation.com\/que-puede-hacer-espana-con-su-actual-sistema-fiscal-191414\" rel=\"external noopener noreferrer\" data-wpel-link=\"external\">el sistema fiscal en Espa\u00f1a<\/a>: mientras algunas comunidades decidieron rebajas impositivas, el Gobierno anunci\u00f3 la creaci\u00f3n de <a href=\"https:\/\/efe.com\/economia\/impuestos-energeticas-banca-grandes-fortunas-aprobados-senado\/\" rel=\"external noopener noreferrer\" data-wpel-link=\"external\">tres nuevos impuestos temporales<\/a> a entidades bancarias, empresas energ\u00e9ticas y grandes fortunas, que entrar\u00e1n en vigor este 1 de enero.<\/p>\n<p style=\"text-align: justify;\">En un contexto de d\u00e9ficit en las cuentas p\u00fablicas, inflaci\u00f3n y desigualdad, el profesor Alejandro Esteller-Mor\u00e9 (UB) nos record\u00f3 que \u201cla recomendaci\u00f3n de manual es aumentar la presi\u00f3n fiscal (o, al menos, no disminuirla) y el establecimiento de compensaciones para los colectivos m\u00e1s desfavorecidos\u201d.<\/p>\n<h2 style=\"text-align: justify;\">Apuntes laborales 2022: derechos alcanzados y SMI<\/h2>\n<p style=\"text-align: justify;\">Entre esos colectivos vulnerables est\u00e1 el de <em>las empleadas dom\u00e9sticas<\/em> (en Espa\u00f1a, m\u00e1s del 95\u00a0% de las personas trabajadoras en el \u00e1mbito dom\u00e9stico son mujeres) que, no obstante, en 2022 avanzaron en el camino hacia el trabajo decente.<\/p>\n<p style=\"text-align: justify;\">A principios de septiembre el Gobierno espa\u00f1ol <a href=\"https:\/\/theconversation.com\/la-igualdad-de-derechos-de-las-personas-empleadas-de-hogar-es-ya-y-por-fin-una-realidad-190074\" rel=\"external noopener noreferrer\" data-wpel-link=\"external\">equipar\u00f3 sus derechos laborales<\/a> con los del resto de los trabajadores y por fin podr\u00e1n cobrar el paro y ver mejorada su indemnizaci\u00f3n por despido improcedente. Queda pendiente <a href=\"https:\/\/theconversation.com\/el-trabajo-domestico-en-espana-ya-es-trabajo-decente-190465\" rel=\"external noopener noreferrer\" data-wpel-link=\"external\">regular las condiciones del trabajo dom\u00e9stico interno<\/a>.<\/p>\n<p style=\"text-align: justify;\">En 2022 el peso de la inflaci\u00f3n ha afectado al salario m\u00ednimo interprofesional. Fijado en <a href=\"https:\/\/theconversation.com\/el-smi-espanol-llega-a-1-000-euros-pero-todavia-tiene-que-subir-176908\" rel=\"external noopener noreferrer\" data-wpel-link=\"external\">1\u00a0000 euros desde el 1 de enero de este a\u00f1o<\/a>, ante la subida de precios sostenida en estos 12 \u00faltimos meses, los sindicatos <a href=\"https:\/\/www.rtve.es\/noticias\/20221221\/negociacion-subida-salario-minimo-2023-gobierno-sindicatos\/2412514.shtml\" rel=\"external noopener noreferrer\" data-wpel-link=\"external\">reclaman ahora un aumento<\/a> que lo lleve, al menos, a 1\u00a0100 euros frente a los 1\u00a0040 euros que, en cambio, ofrece la patronal.<\/p>\n<p style=\"text-align: justify;\">A comienzos de a\u00f1o la profesora Inmaculada Cebri\u00e1n L\u00f3pez de la Universidad de Alcal\u00e1, nos explicaba que la meta debe ser que Espa\u00f1a se acoja a la propuesta de la Carta Social Europea (que busca garantizar a los trabajadores el derecho a una remuneraci\u00f3n suficiente para un nivel de vida digno) de que, en 2023, el SMI equivalga al 60\u00a0% del salario medio neto.<\/p>\n<p style=\"text-align: justify;\">No obstante, habr\u00e1 que ver qu\u00e9 se consigue en el actual escenario de alta inflaci\u00f3n, en el que los salarios en general <a href=\"https:\/\/www.rtve.es\/noticias\/20221130\/salarios-espana-bajaron-35-primera-mitad-2022\/2410546.shtml\" rel=\"external noopener noreferrer\" data-wpel-link=\"external\">han subido menos que el coste de la vida<\/a>.<\/p>\n<h2 style=\"text-align: justify;\">Tipos de inter\u00e9s e hipotecas<\/h2>\n<p style=\"text-align: justify;\">A finales de julio, Europa se fue de veraneo con la noticia de que, para contrarrestar la inflaci\u00f3n, <a href=\"https:\/\/theconversation.com\/los-bajos-intereses-llevaron-el-ahorro-de-las-familias-hacia-los-fondos-de-inversion-y-ahora-que-187599\" rel=\"external noopener noreferrer\" data-wpel-link=\"external\">el BCE endurec\u00eda su pol\u00edtica monetaria<\/a> y <a href=\"https:\/\/www.ecb.europa.eu\/stats\/policy_and_exchange_rates\/key_ecb_interest_rates\/html\/index.en.html\" rel=\"external noopener noreferrer\" data-wpel-link=\"external\">aumentaba los tipos de inter\u00e9s<\/a>. \u00bfLa finalidad?, desincentivar el consumo en la eurozona para contener el alza en los precios.<\/p>\n<p style=\"text-align: justify;\">Cuando, en julio de 2021, el BCE <a href=\"https:\/\/theconversation.com\/la-nueva-politica-monetaria-del-banco-central-europeo-permitira-periodos-de-inflacion-169964\" rel=\"external noopener noreferrer\" data-wpel-link=\"external\">estableci\u00f3 un objetivo de inflaci\u00f3n a medio plazo del 2\u00a0%<\/a> el panorama econ\u00f3mico apuntaba a que se trataba de corregir las desviaciones tanto al alza como a la baja en dicho objetivo. Esta medida serv\u00eda, pues, de base a las actuaciones expansivas del BCE (los tipos negativos de entonces), motivadas por unos niveles de inflaci\u00f3n por debajo del 2\u00a0%.<\/p>\n<p style=\"text-align: justify;\">Cerrando 2022 el Banco Central Europeo ha dejado los tipos en el 2,5\u00a0% (desde el tipo 0 con el que arrancaron las subidas a finales de julio) y reconoce que <a href=\"https:\/\/www.ecb.europa.eu\/press\/pressconf\/2022\/html\/ecb.is221215~197ac630ae.es.html#:~:text=Se%20prev%C3%A9%20que%20la%20inflaci%C3%B3n,2%2C4%20%25%20en%202025.\" rel=\"external noopener noreferrer\" data-wpel-link=\"external\">prev\u00e9 seguir aument\u00e1ndolos<\/a>, \u201ca un ritmo sostenido\u201d hasta volver al objetivo del 2\u00a0% a medio plazo.<\/p>\n<p style=\"text-align: justify;\">Esta decisi\u00f3n est\u00e1 teniendo consecuencias para las familias: la medida tomada por el BCE para el control de la inflaci\u00f3n <a href=\"https:\/\/theconversation.com\/el-bce-sube-los-tipos-para-contener-la-inflacion-pero-desestabiliza-hipotecas-y-primas-de-riesgo-187495\" rel=\"external noopener noreferrer\" data-wpel-link=\"external\">encarece el precio del dinero<\/a> y <a href=\"https:\/\/www.rtve.es\/noticias\/20221130\/euribor-noviembre-roza-3-encarece-hipotecas-unos-250-euros-mes\/2410493.shtml\" rel=\"external noopener noreferrer\" data-wpel-link=\"external\">aumenta el coste de las hipotecas<\/a> futuras (sean a tipo fijo o variable) y de las ya contratadas a tipo variable.<\/p>\n<h2 style=\"text-align: justify;\">El fantasma de la estanflaci\u00f3n<\/h2>\n<p style=\"text-align: justify;\">La cuesti\u00f3n es que algunos expertos temen el empeoramiento de la situaci\u00f3n. Si a la inflaci\u00f3n se le sumase una ralentizaci\u00f3n de la econom\u00eda se pasar\u00eda a un escenario de <a href=\"https:\/\/theconversation.com\/estanflacion-que-es-y-como-afrontarla-192991\" rel=\"external noopener noreferrer\" data-wpel-link=\"external\">estanflaci\u00f3n o inflaci\u00f3n con estancamiento<\/a>.<\/p>\n<p style=\"text-align: justify;\">En oto\u00f1o, el FMI present\u00f3 sus previsiones para el a\u00f1o que comienza. El profesor Sergi Basco, de la UB, <a href=\"https:\/\/theconversation.com\/previsiones-del-fmi-para-2023-sin-brotes-verdes-en-el-horizonte-192233?notice=El+art%C3%ADculo+ha+sido+actualizado.\" rel=\"external noopener noreferrer\" data-wpel-link=\"external\">analiz\u00f3 el contenido del informe<\/a> que, con una estimaci\u00f3n de un 2,7\u00a0% de crecimiento, situar\u00eda a 2023 entre los 3 peores a\u00f1os para la econom\u00eda global de las \u00faltimas d\u00e9cadas.<\/p>\n<p style=\"text-align: justify;\">Por otra parte, el Fondo pronostica para Espa\u00f1a un crecimiento del 1,2\u00a0%, en lugar del 2\u00a0% de su previsi\u00f3n anterior. En su an\u00e1lisis, el profesor Basco destaca, ante este peor dato, que los Presupuestos Generales del Estado para 2023 se han calculado en base a una estimaci\u00f3n de crecimiento del 2,1\u00a0%.<\/p>\n<p style=\"text-align: justify;\">En consonancia con la previsi\u00f3n del FMI, el Banco de Espa\u00f1a cierra 2022 rebajando en una d\u00e9cima, hasta el 1,3\u00a0%, <a href=\"https:\/\/efe.com\/economia\/el-banco-de-espana-baja-al-13-el-crecimiento-para-2023-y-la-inflacion-al-49\/\" rel=\"external noopener noreferrer\" data-wpel-link=\"external\">su dato de crecimiento para Espa\u00f1a<\/a> para el mismo periodo. La buena noticia es que tambi\u00e9n reduce su previsi\u00f3n de inflaci\u00f3n del 5,5\u00a0% al 4,9\u00a0%.<\/p>\n<p style=\"text-align: justify;\">A este respecto, cabe recordar las palabras del profesor Carlos Guti\u00e9rrez Hita (Universidad Miguel Hern\u00e1ndez) en su art\u00edculo acerca de <a href=\"https:\/\/theconversation.com\/la-enfermedad-del-crecimiento-economico-cero-por-que-no-es-sana-una-economia-estancada-194020\" rel=\"external noopener noreferrer\" data-wpel-link=\"external\">los riesgos del crecimiento econ\u00f3mico cero<\/a>: \u201cSi las econom\u00edas se estancaran y fueran aterrizando poco a poco en un crecimiento nulo, las condiciones sociales de la poblaci\u00f3n se deteriorar\u00edan y, lo que es peor, el efecto se autoalimentar\u00eda, siendo sus consecuencias cada vez mayores y desliz\u00e1ndonos hacia el crecimiento negativo\u201d. Habr\u00e1 que ver c\u00f3mo evolucionan las econom\u00edas en el nuevo a\u00f1o.<\/p>\n<p style=\"text-align: justify;\"><strong>The Conversation<\/strong><\/p>\n<\/div>\n<footer>\n<div class=\"author-box-wrap\">\n<div class=\"desc\">\n<div class=\"td-author-name vcard author\"><span class=\"fn\"><a href=\"https:\/\/contrainformacion.es\/author\/redaccion\/\" data-wpel-link=\"internal\">Redacci\u00f3n<\/a><\/span><\/div>\n<div class=\"td-author-url\"><a href=\"https:\/\/contrainformacion.es\" data-wpel-link=\"internal\">https:\/\/contrainformacion.es<\/a><\/div>\n<div>\u00a0<\/div>\n<\/div>\n<\/div>\n<div>https:\/\/contrainformacion.es\/economia-2022-el-coste-de-la-vida-volvio-a-preocupar-a-europa\/?utm_source=mailpoet&amp;utm_medium=email&amp;utm_campaign=boletin-contrainformacion_1<\/div>\n<\/footer>\n","protected":false},"excerpt":{"rendered":"<p>Si las econom\u00edas se estancaran y fueran aterrizando poco a poco en un crecimiento nulo,&#8230;<\/p>\n","protected":false},"author":1,"featured_media":58403,"comment_status":"closed","ping_status":"closed","sticky":false,"template":"","format":"standard","meta":{"_coblocks_attr":"","_coblocks_dimensions":"","_coblocks_responsive_height":"","_coblocks_accordion_ie_support":"","jetpack_post_was_ever_published":false,"_jetpack_newsletter_access":"","_jetpack_dont_email_post_to_subs":false,"_jetpack_newsletter_tier_id":0,"_jetpack_memberships_contains_paywalled_content":false,"_jetpack_memberships_contains_paid_content":false,"footnotes":"","jetpack_publicize_message":"","jetpack_publicize_feature_enabled":true,"jetpack_social_post_already_shared":true,"jetpack_social_options":{"image_generator_settings":{"template":"highway","default_image_id":0,"enabled":false},"version":2}},"categories":[44,6937,15],"tags":[65,74],"class_list":["post-58402","post","type-post","status-publish","format-standard","has-post-thumbnail","hentry","category-noticias-de-hoy","category-sociedad","category-ultimas-noticias","tag-economia","tag-trabajo"],"jetpack_publicize_connections":[],"jetpack_featured_media_url":"https:\/\/i0.wp.com\/miradordeatarfe.es\/wp-content\/uploads\/2023\/01\/indice2.jpeg?fit=275%2C183&ssl=1","jetpack_likes_enabled":true,"jetpack_sharing_enabled":true,"_links":{"self":[{"href":"https:\/\/miradordeatarfe.es\/index.php?rest_route=\/wp\/v2\/posts\/58402","targetHints":{"allow":["GET"]}}],"collection":[{"href":"https:\/\/miradordeatarfe.es\/index.php?rest_route=\/wp\/v2\/posts"}],"about":[{"href":"https:\/\/miradordeatarfe.es\/index.php?rest_route=\/wp\/v2\/types\/post"}],"author":[{"embeddable":true,"href":"https:\/\/miradordeatarfe.es\/index.php?rest_route=\/wp\/v2\/users\/1"}],"replies":[{"embeddable":true,"href":"https:\/\/miradordeatarfe.es\/index.php?rest_route=%2Fwp%2Fv2%2Fcomments&post=58402"}],"version-history":[{"count":1,"href":"https:\/\/miradordeatarfe.es\/index.php?rest_route=\/wp\/v2\/posts\/58402\/revisions"}],"predecessor-version":[{"id":58404,"href":"https:\/\/miradordeatarfe.es\/index.php?rest_route=\/wp\/v2\/posts\/58402\/revisions\/58404"}],"wp:featuredmedia":[{"embeddable":true,"href":"https:\/\/miradordeatarfe.es\/index.php?rest_route=\/wp\/v2\/media\/58403"}],"wp:attachment":[{"href":"https:\/\/miradordeatarfe.es\/index.php?rest_route=%2Fwp%2Fv2%2Fmedia&parent=58402"}],"wp:term":[{"taxonomy":"category","embeddable":true,"href":"https:\/\/miradordeatarfe.es\/index.php?rest_route=%2Fwp%2Fv2%2Fcategories&post=58402"},{"taxonomy":"post_tag","embeddable":true,"href":"https:\/\/miradordeatarfe.es\/index.php?rest_route=%2Fwp%2Fv2%2Ftags&post=58402"}],"curies":[{"name":"wp","href":"https:\/\/api.w.org\/{rel}","templated":true}]}}