{"id":58405,"date":"2023-01-09T09:42:39","date_gmt":"2023-01-09T08:42:39","guid":{"rendered":"https:\/\/miradordeatarfe.es\/?p=58405"},"modified":"2023-01-01T20:29:54","modified_gmt":"2023-01-01T19:29:54","slug":"cultura-2022-puede-el-pasado-aclararnos-este-presente","status":"publish","type":"post","link":"https:\/\/miradordeatarfe.es\/?p=58405","title":{"rendered":"Cultura 2022: \u00bfpuede el pasado aclararnos este presente?"},"content":{"rendered":"<h3 style=\"text-align: justify;\">Han sido doce meses sin pausa<\/h3>\n<div class=\"td-post-content\">\n<p style=\"text-align: justify;\">Todos los nacidos a mediados o finales de los 80 observ\u00e1bamos con estupor en las pel\u00edculas americanas de mediados del siglo XX el efecto que hab\u00eda tenido el miedo a la bomba at\u00f3mica y a una guerra nuclear en la poblaci\u00f3n. Desde una tierna infancia en los a\u00f1os 90, cuando parec\u00eda que esa amenaza se hab\u00eda desactivado, las im\u00e1genes de ni\u00f1os recibiendo instrucciones sobre qu\u00e9 hacer en caso de una explosi\u00f3n o la creaci\u00f3n de mundos ficticios pero dist\u00f3picos a ra\u00edz de la coyuntura b\u00e9lica parec\u00edan hablarle a otra gente, en otra vida. Era un p\u00e1nico il\u00f3gico.<\/p>\n<h2 style=\"text-align: justify;\">Vuelve la guerra<\/h2>\n<p style=\"text-align: justify;\">No cont\u00e1bamos con que la invasi\u00f3n rusa de Ucrania volver\u00eda a sacar a la luz ese terror. Y lo demuestra el hecho de que el art\u00edculo m\u00e1s le\u00eddo de la secci\u00f3n de Cultura en este 2022 sea <a href=\"https:\/\/theconversation.com\/aldous-huxley-nos-previno-ante-una-tercera-guerra-mundial-atomica-175955\" rel=\"external noopener noreferrer\" data-wpel-link=\"external\">el an\u00e1lisis<\/a> que Jes\u00fas Isa\u00edas G\u00f3mez L\u00f3pez, de la Universidad de Almer\u00eda, hace de la novela <em>Mono y esencia<\/em>, de Aldous Huxley.<\/p>\n<p style=\"text-align: justify;\">En ella, el autor describe la posibilidad de una tercera guerra mundial at\u00f3mica y el mundo posapocal\u00edptico que la suceder\u00eda. Est\u00e1 claro que en momentos de desgracia, la especie humana abraza las ficciones que se anticipan a la realidad. O que la describen (en Rusia, tras la invasi\u00f3n, <a href=\"https:\/\/theconversation.com\/1984-de-george-orwell-un-reflejo-de-la-rusia-de-putin-185914\" rel=\"external noopener noreferrer\" data-wpel-link=\"external\">aumentaron las ventas del <em>1984<\/em> de George Orwell<\/a>).<\/p>\n<p style=\"text-align: justify;\">Alej\u00e1ndonos de la ficci\u00f3n, cuando el mundo parec\u00eda abocado al colapso a finales de febrero, el historiador Jos\u00e9 Mar\u00eda Faraldo Jarillo, de la Universidad Complutense de Madrid, <a href=\"https:\/\/theconversation.com\/el-conflicto-entre-rusia-y-ucrania-explicado-con-sencillez-177857\" rel=\"external noopener noreferrer\" data-wpel-link=\"external\">explic\u00f3 de forma breve y sencilla la historia del conflicto entre Rusia y Ucrania<\/a>. Necesit\u00e1bamos una aclaraci\u00f3n del contexto, como demuestran las m\u00e1s de medio mill\u00f3n de lecturas que ha tenido la pieza.<\/p>\n<p style=\"text-align: justify;\">El inter\u00e9s en el pasado eslavo se demostr\u00f3 tambi\u00e9n con la aceptaci\u00f3n que tuvo el art\u00edculo en el que Julio Prada Rodr\u00edguez, de la Universidade de Vigo, describ\u00eda <a href=\"https:\/\/theconversation.com\/cuando-stalin-photoshopeaba-a-sus-opositores-182965\" rel=\"external noopener noreferrer\" data-wpel-link=\"external\">los trucos fotogr\u00e1ficos que realizaba Stalin para \u201celiminar\u201d a sus opositores<\/a>. En muchos casos, desaparecer de las fotos era el menor de los problemas de los afectados. Pero no deja de ser curiosa la obsesi\u00f3n del dictador por borrar del mundo, y de la Historia, a aquellos que no estaban de acuerdo con \u00e9l.<\/p>\n<p style=\"text-align: justify;\">Tal vez porque el pasado muchas veces nos sirve de gu\u00eda para el presente, ha sido ella, la Historia con may\u00fasculas, la protagonista del a\u00f1o. Los relatos prehist\u00f3ricos, de la antigua Grecia o de la antigua Roma han tenido gran aceptaci\u00f3n. Pero si hay una \u00e9poca que, por amplia y misteriosa, ha captado la atenci\u00f3n de los lectores solo con su nombre, esa es la Edad Media\u2026 a pesar de su fama. Y si no, que se lo digan a Eduardo Baura Garc\u00eda, de la Universidad CEU San Pablo, <a href=\"https:\/\/theconversation.com\/por-que-la-edad-media-tiene-tan-mala-fama-186023\" rel=\"external noopener noreferrer\" data-wpel-link=\"external\">que explic\u00f3 con mucho acierto de d\u00f3nde le viene la mala prensa al medievo<\/a>.<\/p>\n<p style=\"text-align: justify;\">Tambi\u00e9n nos remontamos al siglo XII para contar, de la mano de Jos\u00e9 Mar\u00eda Anguita Ja\u00e9n, de la Universidade de Santiago de Compostela, <a href=\"https:\/\/theconversation.com\/el-codice-calixtino-y-el-primer-relato-sobre-el-origen-de-los-vascos-181206\" rel=\"external noopener noreferrer\" data-wpel-link=\"external\">si el <em>C\u00f3dice Calixtino<\/em> ten\u00eda raz\u00f3n a la hora de justificar d\u00f3nde viene el pueblo vasco<\/a>.<\/p>\n<h2 style=\"text-align: justify;\">Muchas celebraciones<\/h2>\n<p style=\"text-align: justify;\">Puede parecer extra\u00f1o incluir en un mismo p\u00e1rrafo el Benidorm Fest y uno de los mayores humanistas de la historia de Espa\u00f1a. Pero tiene sentido: el responsable de tama\u00f1o salto es el lenguaje. El <a href=\"https:\/\/theconversation.com\/benidorm-fest-el-lenguaje-los-culos-las-tetas-y-el-corazon-176328\" rel=\"external noopener noreferrer\" data-wpel-link=\"external\">an\u00e1lisis ling\u00fc\u00edstico<\/a> que Lorena P\u00e9rez Hern\u00e1ndez, de la Universidad de La Rioja, hizo de algunas de las canciones espa\u00f1olas finalistas del certamen previo a Eurovisi\u00f3n arras\u00f3 en lecturas. La gram\u00e1tica castellana, por su parte, conmemor\u00f3 en este a\u00f1o el bicentenario del fallecimiento de su padre: <a href=\"https:\/\/theconversation.com\/es\/topics\/ano-nebrija-2022-118626\" rel=\"external noopener noreferrer\" data-wpel-link=\"external\">Antonio de Nebrija<\/a>.<\/p>\n<p style=\"text-align: justify;\">El mismo a\u00f1o en el que Nebrija se iba, Elcano llegaba. Regresaba de dar la vuelta al mundo, un viaje \u00e9pico inicialmente liderado por Magallanes que el marino espa\u00f1ol y un pu\u00f1ado de supervivientes culminaron. <a href=\"https:\/\/theconversation.com\/que-ocurrio-realmente-en-la-vuelta-al-mundo-de-magallanes-y-elcano-184715\" rel=\"external noopener noreferrer\" data-wpel-link=\"external\">As\u00ed<\/a> nos cont\u00f3 Paula Herrero Diz, de la Universidad Loyola Andaluc\u00eda, c\u00f3mo fue ese periplo.<\/p>\n<p style=\"text-align: justify;\">Y por \u00faltimo, en 2022 tambi\u00e9n celebramos el centenario de la publicaci\u00f3n del <em>Ulises<\/em>. Antonio Ballesteros Gonz\u00e1lez, de la UNED, rescat\u00f3 <a href=\"https:\/\/theconversation.com\/james-joyce-segun-borges-175278\" rel=\"external noopener noreferrer\" data-wpel-link=\"external\">las opinines que Jorge Luis Borges ten\u00eda<\/a> sobre la novela m\u00e1s importante del siglo XX y la obra de James Joyce en general. <em>Spoiler<\/em>: ten\u00eda muchas.<\/p>\n<h2 style=\"text-align: justify;\">Ellas<\/h2>\n<p style=\"text-align: justify;\">Una de las razones de ser de la divulgaci\u00f3n es descubrirle al p\u00fablico sucesos o personas que no conoce y que han sido importantes para la Historia. Todav\u00eda hay todo un caj\u00f3n lleno de curiosidades dispuestas a ser le\u00eddas o aprendidas. Desafortunadamente, un alto porcentaje de estas curiosidades est\u00e1n protagonizadas por mujeres que en su momento no recibieron el reconocimiento que se merec\u00edan.<\/p>\n<p style=\"text-align: justify;\">Dos artistas han cautivado a los lectores: <a href=\"https:\/\/theconversation.com\/berthe-morisot-la-mas-impresionista-de-todos-174407\" rel=\"external noopener noreferrer\" data-wpel-link=\"external\">la pintora impresionista Berthe Morisot<\/a>, de quien nos habl\u00f3 Judith Urbano Lorente, de la Universitat Internacional de Catalunya, y <a href=\"https:\/\/theconversation.com\/dora-maar-la-gran-fotografa-oculta-tras-la-musa-185321\" rel=\"external noopener noreferrer\" data-wpel-link=\"external\">la fot\u00f3grafa Dora Maar<\/a>, cuya obra fue descrita por Amparo Serrano de Haro, de la UNED.<\/p>\n<p style=\"text-align: justify;\">Ellas no han sido ni mucho menos las \u00fanicas protagonistas de art\u00edculos interesantes y muy le\u00eddos. As\u00ed, a lo largo de los \u00faltimos meses, entre otros ejemplos, repasamos la vida de la vanguardista <a href=\"https:\/\/theconversation.com\/hilma-af-klint-una-pintora-a-la-vanguardia-de-la-abstraccion-187210\" rel=\"external noopener noreferrer\" data-wpel-link=\"external\">Hilma af Klint<\/a>, conocimos a <a href=\"https:\/\/theconversation.com\/por-que-hay-tantas-mujeres-videoartistas-183877\" rel=\"external noopener noreferrer\" data-wpel-link=\"external\">las grandes videoartistas del siglo XX y XXI<\/a> y analizamos el <a href=\"https:\/\/theconversation.com\/arte-y-feminismo-el-proyecto-de-la-womanhouse-177801\" rel=\"external noopener noreferrer\" data-wpel-link=\"external\">proyecto de la Womanhouse<\/a>.<\/p>\n<p style=\"text-align: justify;\">En m\u00fasica tuvimos el placer de aprender los nombres de <a href=\"https:\/\/theconversation.com\/polifaceticas-en-la-sombra-mujeres-en-la-historia-de-la-musica-180529\" rel=\"external noopener noreferrer\" data-wpel-link=\"external\">las compositoras, cantantes e int\u00e9rpretes<\/a> a quienes el canon debe un hueco. Tambi\u00e9n recorrimos la vida de una pianista que alcanzaba la genialidad en su trabajo: <a href=\"https:\/\/theconversation.com\/la-genialidad-de-clara-haskil-179880\" rel=\"external noopener noreferrer\" data-wpel-link=\"external\">Clara Haskil<\/a>. Y, tras echar la vista atr\u00e1s, nos fijamos en nuestra \u00e9poca y analizamos, entre otras, las obras de <a href=\"https:\/\/theconversation.com\/m-de-motomami-tres-ideas-para-entender-mejor-lo-nuevo-de-rosalia-179524\" rel=\"external noopener noreferrer\" data-wpel-link=\"external\">Rosal\u00eda<\/a> y <a href=\"https:\/\/theconversation.com\/beyonce-ha-revolucionado-el-album-visual-que-hara-con-renaissance-187947\" rel=\"external noopener noreferrer\" data-wpel-link=\"external\">Beyonc\u00e9<\/a>.<\/p>\n<p style=\"text-align: justify;\">Finalmente 2022 reconoci\u00f3 el trabajo de dos grandes cineastas: la neozelandesa <a href=\"https:\/\/theconversation.com\/la-intimidad-en-el-cine-de-jane-campion-179033\" rel=\"external noopener noreferrer\" data-wpel-link=\"external\">Jane Campion<\/a>, que gan\u00f3 el \u00d3scar a mejor direcci\u00f3n por su labor en <em>El poder del perro<\/em>, y la espa\u00f1ola <a href=\"https:\/\/theconversation.com\/ha-llegado-la-hora-de-cecilia-bartolome-premio-feroz-de-honor-2022-174750\" rel=\"external noopener noreferrer\" data-wpel-link=\"external\">Cecilia Bartolom\u00e9<\/a>, Premio Feroz de Honor 2022. Precisamente, ha sido un a\u00f1o extra\u00f1amente bueno para las mujeres dentro del cine espa\u00f1ol. Pero la gloria de estos meses no puede hacernos olvidar que <a href=\"https:\/\/theconversation.com\/las-mujeres-son-la-mitad-del-mundo-pero-no-la-mitad-de-la-industria-audiovisual-190621\" rel=\"external noopener noreferrer\" data-wpel-link=\"external\">las mujeres no son, ni mucho menos, la mitad de la industria audiovisual<\/a>.<\/p>\n<p style=\"text-align: justify;\">Han sido doce meses sin pausa. Igual que es complicado meter diez siglos de Edad Media en un mismo saco, tambi\u00e9n lo es definir todos los intereses culturales de los lectores durante 365 d\u00edas. Seguiremos informando.<\/p>\n<p style=\"text-align: justify;\"><strong>The Conversation<\/strong><\/p>\n<\/div>\n<footer>\n<div class=\"author-box-wrap\">\n<div class=\"desc\">\n<div class=\"td-author-name vcard author\"><span class=\"fn\"><a href=\"https:\/\/contrainformacion.es\/author\/redaccion\/\" data-wpel-link=\"internal\">Redacci\u00f3n<\/a><\/span><\/div>\n<div class=\"td-author-url\"><a href=\"https:\/\/contrainformacion.es\" data-wpel-link=\"internal\">https:\/\/contrainformacion.es<\/a><\/div>\n<div class=\"td-author-description\">.<\/div>\n<div>https:\/\/contrainformacion.es\/cultura-2022-puede-el-pasado-aclararnos-este-presente\/?utm_source=mailpoet&amp;utm_medium=email&amp;utm_campaign=boletin-contrainformacion_1<\/div>\n<\/div>\n<\/div>\n<\/footer>\n<div id=\"comments\" class=\"comments\">\n<div id=\"respond\" class=\"comment-respond\">\n<form id=\"commentform\" class=\"comment-form\" action=\"https:\/\/contrainformacion.es\/wp-comments-post.php\" method=\"post\" novalidate=\"\">\n<div class=\"clearfix\">\u00a0<\/div>\n<p class=\"comment-form-input-wrap td-form-comment\"><textarea id=\"comment\" cols=\"45\" name=\"comment\" rows=\"8\" placeholder=\"Comentario:\" aria-required=\"true\"><\/textarea><\/p>\n<p class=\"comment-form-input-wrap td-form-author\"><span class=\"comment-req-wrap\"> <input id=\"author\" class=\"\" name=\"author\" size=\"30\" type=\"text\" value=\"\" placeholder=\"Nombre:\" \/><\/span><\/p>\n<p class=\"comment-form-input-wrap td-form-email\"><span class=\"comment-req-wrap\"><input id=\"email\" class=\"\" name=\"email\" size=\"30\" type=\"text\" value=\"\" placeholder=\"Email:\" \/><\/span><\/p>\n<p class=\"comment-form-input-wrap td-form-url\"><input id=\"url\" class=\"\" name=\"url\" size=\"30\" type=\"text\" value=\"\" placeholder=\"Sitio web:\" \/><\/p>\n<p class=\"comment-form-cookies-consent\"><input id=\"wp-comment-cookies-consent\" name=\"wp-comment-cookies-consent\" type=\"checkbox\" value=\"yes\" \/> <label for=\"wp-comment-cookies-consent\">Guarda mi nombre, correo electr\u00f3nico y web en este navegador para la pr\u00f3xima vez que comente.<\/label><\/p>\n<p class=\"comment-form-mailpoet\"><label for=\"mailpoet_subscribe_on_comment\"> <input id=\"mailpoet_subscribe_on_comment\" name=\"mailpoet[subscribe_on_comment]\" type=\"checkbox\" value=\"1\" \/>\u00a0S\u00ed, agr\u00e9game a tu lista de correos. <\/label><\/p>\n<p class=\"form-submit\">\u00a0<\/p>\n<\/form>\n<\/div>\n<\/div>\n<div class=\"td-pb-span8 td-main-content\" role=\"main\">\n<div class=\"td-ss-main-content\">\n<div id=\"comments\" class=\"comments\">\n<div id=\"respond\" class=\"comment-respond\">\n<form id=\"commentform\" class=\"comment-form\" action=\"https:\/\/contrainformacion.es\/wp-comments-post.php\" method=\"post\" novalidate=\"\">\n<p class=\"form-submit\">\u00a0<\/p>\n<\/form>\n<\/div>\n<\/div>\n<div class=\"clearfix\">\u00a0<\/div>\n<\/div>\n<\/div>\n<div class=\"td-pb-span4 td-main-sidebar\" role=\"complementary\">\n<div class=\"td-ss-main-sidebar\">\n<div class=\"clearfix\">\u00a0<\/div>\n<div class=\"td_block_wrap td_block_23 td_block_widget td_uid_85_63b1d4105359a_rand td-pb-border-top\" data-td-block-uid=\"td_uid_85_63b1d4105359a\">\n<div class=\"td-block-title-wrap\">\n<h4 class=\"block-title\">Noticias destacadas<\/h4>\n<\/div>\n<div id=\"td_uid_85_63b1d4105359a\" class=\"td_block_inner td-column-1 td-opacity-cat td-opacity-read td-opacity-author\">\n<div class=\"td_module_18 td_module_wrap td-animation-stack\">\n<div class=\"meta-info-container\">\n<div class=\"td-module-meta-info\">\n<h3 class=\"entry-title td-module-title\"><a title=\"Medio ambiente 2022: el a\u00f1o del despertar clim\u00e1tico\" href=\"https:\/\/contrainformacion.es\/medio-ambiente-2022-el-ano-del-despertar-climatico\/\" rel=\"bookmark\" data-wpel-link=\"internal\">Medio ambiente 2022: el a\u00f1o del despertar clim\u00e1tico<\/a><\/h3>\n<p><span class=\"td-post-date\"><time class=\"entry-date updated td-module-date\" datetime=\"2022-12-31T06:00:30+00:00\">31 diciembre 2022 06:00<\/time><\/span><\/p>\n<div class=\"td-module-comments\"><a href=\"https:\/\/contrainformacion.es\/medio-ambiente-2022-el-ano-del-despertar-climatico\/#respond\" data-wpel-link=\"internal\">0<\/a><\/div>\n<\/div>\n<div class=\"td-module-thumb\"><a title=\"Medio ambiente 2022: el a\u00f1o del despertar clim\u00e1tico\" href=\"https:\/\/contrainformacion.es\/medio-ambiente-2022-el-ano-del-despertar-climatico\/\" rel=\"bookmark\" data-wpel-link=\"internal\"><img data-recalc-dims=\"1\" loading=\"lazy\" decoding=\"async\" class=\"entry-thumb td-animation-stack-type0-1\" title=\"Medio ambiente 2022: el a\u00f1o del despertar clim\u00e1tico\" src=\"https:\/\/i0.wp.com\/contrainformacion.es\/wp-content\/uploads\/2022\/12\/file-20221223-36609-h71gyi-xMxgSL.jpeg?resize=496%2C201&#038;ssl=1\" alt=\"\" width=\"496\" height=\"201\" \/><\/a><\/div>\n<div class=\"td-excerpt\">Si no logramos mitigar el cambio clim\u00e1tico, solo nos quedar\u00e1 la adaptaci\u00f3n. El 2023 brinda una nueva oportunidad para que los pa\u00edses aumenten sus esfuerzos en ambos sentidos.<\/div>\n<div class=\"td-read-more\"><a href=\"https:\/\/contrainformacion.es\/medio-ambiente-2022-el-ano-del-despertar-climatico\/\" data-wpel-link=\"internal\">Leer m\u00e1s<i class=\"td-icon-menu-right\"><\/i><\/a><\/div>\n<\/div>\n<\/div>\n<div class=\"td_module_18 td_module_wrap td-animation-stack\">\n<div class=\"meta-info-container\">\n<div class=\"td-module-meta-info\">\n<h3 class=\"entry-title td-module-title\"><a title=\"Econom\u00eda 2022: el coste de la vida volvi\u00f3 a preocupar a Europa\" href=\"https:\/\/contrainformacion.es\/economia-2022-el-coste-de-la-vida-volvio-a-preocupar-a-europa\/\" rel=\"bookmark\" data-wpel-link=\"internal\">Econom\u00eda 2022: el coste de la vida volvi\u00f3 a preocupar a Europa<\/a><\/h3>\n<p><span class=\"td-post-date\"><time class=\"entry-date updated td-module-date\" datetime=\"2022-12-31T06:00:19+00:00\">31 diciembre 2022 06:00<\/time><\/span><\/p>\n<div class=\"td-module-comments\"><a href=\"https:\/\/contrainformacion.es\/economia-2022-el-coste-de-la-vida-volvio-a-preocupar-a-europa\/#comments\" data-wpel-link=\"internal\">1<\/a><\/div>\n<\/div>\n<div class=\"td-module-thumb\"><a title=\"Econom\u00eda 2022: el coste de la vida volvi\u00f3 a preocupar a Europa\" href=\"https:\/\/contrainformacion.es\/economia-2022-el-coste-de-la-vida-volvio-a-preocupar-a-europa\/\" rel=\"bookmark\" data-wpel-link=\"internal\"><img data-recalc-dims=\"1\" loading=\"lazy\" decoding=\"async\" class=\"entry-thumb td-animation-stack-type0-1\" title=\"Econom\u00eda 2022: el coste de la vida volvi\u00f3 a preocupar a Europa\" src=\"https:\/\/i0.wp.com\/contrainformacion.es\/wp-content\/uploads\/2022\/12\/file-20221223-12-3m8d8o-hb5ntf.jpeg?resize=496%2C331&#038;ssl=1\" alt=\"\" width=\"496\" height=\"331\" \/><\/a><\/div>\n<div class=\"td-excerpt\">Si las econom\u00edas se estancaran y fueran aterrizando poco a poco en un crecimiento nulo, las condiciones sociales de la poblaci\u00f3n se deteriorar\u00edan<\/div>\n<div class=\"td-read-more\"><a href=\"https:\/\/contrainformacion.es\/economia-2022-el-coste-de-la-vida-volvio-a-preocupar-a-europa\/\" data-wpel-link=\"internal\">Leer m\u00e1s<i class=\"td-icon-menu-right\"><\/i><\/a><\/div>\n<\/div>\n<\/div>\n<div class=\"td_module_18 td_module_wrap td-animation-stack\">\n<div class=\"meta-info-container\">\n<div class=\"td-module-meta-info\">\n<h3 class=\"entry-title td-module-title\"><a title=\"Cultura 2022: \u00bfpuede el pasado aclararnos este presente?\" href=\"https:\/\/contrainformacion.es\/cultura-2022-puede-el-pasado-aclararnos-este-presente\/\" rel=\"bookmark\" data-wpel-link=\"internal\">Cultura 2022: \u00bfpuede el pasado aclararnos este presente?<\/a><\/h3>\n<p><span class=\"td-post-date\"><time class=\"entry-date updated td-module-date\" datetime=\"2022-12-31T06:00:17+00:00\">31 diciembre 2022 06:00<\/time><\/span><\/p>\n<div class=\"td-module-comments\"><a href=\"https:\/\/contrainformacion.es\/cultura-2022-puede-el-pasado-aclararnos-este-presente\/#respond\" data-wpel-link=\"internal\">0<\/a><\/div>\n<\/div>\n<div class=\"td-module-thumb\"><a title=\"Cultura 2022: \u00bfpuede el pasado aclararnos este presente?\" href=\"https:\/\/contrainformacion.es\/cultura-2022-puede-el-pasado-aclararnos-este-presente\/\" rel=\"bookmark\" data-wpel-link=\"internal\"><img data-recalc-dims=\"1\" loading=\"lazy\" decoding=\"async\" class=\"entry-thumb td-animation-stack-type0-1\" title=\"Cultura 2022: \u00bfpuede el pasado aclararnos este presente?\" src=\"https:\/\/i0.wp.com\/contrainformacion.es\/wp-content\/uploads\/2022\/12\/file-20221223-19759-h71gyi-9LpgF4.jpeg?resize=496%2C331&#038;ssl=1\" alt=\"\" width=\"496\" height=\"331\" \/><\/a><\/div>\n<div class=\"td-excerpt\">Han sido doce meses sin pausa<\/div>\n<div class=\"td-read-more\"><a href=\"https:\/\/contrainformacion.es\/cultura-2022-puede-el-pasado-aclararnos-este-presente\/\" data-wpel-link=\"internal\">Leer m\u00e1s<i class=\"td-icon-menu-right\"><\/i><\/a><\/div>\n<\/div>\n<\/div>\n<div class=\"td_module_18 td_module_wrap td-animation-stack\">\n<div class=\"meta-info-container\">\n<div class=\"td-module-meta-info\">\n<h3 class=\"entry-title td-module-title\"><a title=\"Salud 2022: nuevas armas para el arsenal contra el c\u00e1ncer\" href=\"https:\/\/contrainformacion.es\/salud-2022-nuevas-armas-para-el-arsenal-contra-el-cancer\/\" rel=\"bookmark\" data-wpel-link=\"internal\">Salud 2022: nuevas armas para el arsenal contra el c\u00e1ncer<\/a><\/h3>\n<p><span class=\"td-post-date\"><time class=\"entry-date updated td-module-date\" datetime=\"2022-12-31T06:00:05+00:00\">31 diciembre 2022 06:00<\/time><\/span><\/p>\n<div class=\"td-module-comments\"><a href=\"https:\/\/contrainformacion.es\/salud-2022-nuevas-armas-para-el-arsenal-contra-el-cancer\/#respond\" data-wpel-link=\"internal\">0<\/a><\/div>\n<\/div>\n<div class=\"td-module-thumb\"><a title=\"Salud 2022: nuevas armas para el arsenal contra el c\u00e1ncer\" href=\"https:\/\/contrainformacion.es\/salud-2022-nuevas-armas-para-el-arsenal-contra-el-cancer\/\" rel=\"bookmark\" data-wpel-link=\"internal\"><img data-recalc-dims=\"1\" loading=\"lazy\" decoding=\"async\" class=\"entry-thumb td-animation-stack-type0-1\" title=\"Salud 2022: nuevas armas para el arsenal contra el c\u00e1ncer\" src=\"https:\/\/i0.wp.com\/contrainformacion.es\/wp-content\/uploads\/2022\/12\/file-20221223-18-hlqmx4-4oHxOF.jpeg?resize=496%2C283&#038;ssl=1\" alt=\"\" width=\"496\" height=\"283\" \/><\/a><\/div>\n<div class=\"td-excerpt\">M\u00e1s all\u00e1 del \u00e1mbito farmacol\u00f3gico, es prioritario profundizar en los resortes bioqu\u00edmicos y ambientales que desencadenan ese conjunto de m\u00e1s de 200 enfermedades que conocemos con el nombre gen\u00e9rico de c\u00e1ncer<\/div>\n<div class=\"td-read-more\"><a href=\"https:\/\/contrainformacion.es\/salud-2022-nuevas-armas-para-el-arsenal-contra-el-cancer\/\" data-wpel-link=\"internal\">Leer m\u00e1s<i class=\"td-icon-menu-right\"><\/i><\/a><\/div>\n<\/div>\n<\/div>\n<div class=\"td_module_18 td_module_wrap td-animation-stack\">\n<div class=\"meta-info-container\">\n<div class=\"td-module-meta-info\">\n<h3 class=\"entry-title td-module-title\"><a title=\"Nuevas Generaciones del PP hacen una \u2018inocentada\u2019 al PSOE y le sale mal\" href=\"https:\/\/contrainformacion.es\/nuevas-generaciones-del-pp-hacen-una-inocentada-al-psoe-y-le-sale-mal\/\" rel=\"bookmark\" data-wpel-link=\"internal\">Nuevas Generaciones del PP hacen una \u2018inocentada\u2019 al PSOE y le sale mal<\/a><\/h3>\n<p><span class=\"td-post-date\"><time class=\"entry-date updated td-module-date\" datetime=\"2022-12-30T11:37:31+00:00\">30 diciembre 2022 11:37<\/time><\/span><\/p>\n<div class=\"td-module-comments\"><a href=\"https:\/\/contrainformacion.es\/nuevas-generaciones-del-pp-hacen-una-inocentada-al-psoe-y-le-sale-mal\/#respond\" data-wpel-link=\"internal\">0<\/a><\/div>\n<\/div>\n<div class=\"td-module-thumb\"><a title=\"Nuevas Generaciones del PP hacen una \u2018inocentada\u2019 al PSOE y le sale mal\" href=\"https:\/\/contrainformacion.es\/nuevas-generaciones-del-pp-hacen-una-inocentada-al-psoe-y-le-sale-mal\/\" rel=\"bookmark\" data-wpel-link=\"internal\"><img data-recalc-dims=\"1\" loading=\"lazy\" decoding=\"async\" class=\"entry-thumb td-animation-stack-type0-1\" title=\"Nuevas Generaciones del PP hacen una \u2018inocentada\u2019 al PSOE y le sale mal\" src=\"https:\/\/i0.wp.com\/contrainformacion.es\/wp-content\/uploads\/2022\/12\/10-54-696x385.jpg?resize=640%2C354&#038;ssl=1\" alt=\"\" width=\"640\" height=\"354\" \/><\/a><\/div>\n<div class=\"td-excerpt\">Algunos usuarios han recordado a Nuevas Generaciones las relaciones y alianzas que los populares han mantenido con los nacionalistas y los independentistas en el pasado<\/div>\n<div class=\"td-read-more\"><a href=\"https:\/\/contrainformacion.es\/nuevas-generaciones-del-pp-hacen-una-inocentada-al-psoe-y-le-sale-mal\/\" data-wpel-link=\"internal\">Leer m\u00e1s<i class=\"td-icon-menu-right\"><\/i><\/a><\/div>\n<\/div>\n<\/div>\n<\/div>\n<\/div>\n<div class=\"clearfix\">\u00a0<\/div>\n<\/div>\n<\/div>\n","protected":false},"excerpt":{"rendered":"<p>Han sido doce meses sin pausa Todos los nacidos a mediados o finales de los&#8230;<\/p>\n","protected":false},"author":1,"featured_media":58406,"comment_status":"closed","ping_status":"closed","sticky":false,"template":"","format":"standard","meta":{"_coblocks_attr":"","_coblocks_dimensions":"","_coblocks_responsive_height":"","_coblocks_accordion_ie_support":"","jetpack_post_was_ever_published":false,"_jetpack_newsletter_access":"","_jetpack_dont_email_post_to_subs":false,"_jetpack_newsletter_tier_id":0,"_jetpack_memberships_contains_paywalled_content":false,"_jetpack_memberships_contains_paid_content":false,"footnotes":"","jetpack_publicize_message":"","jetpack_publicize_feature_enabled":true,"jetpack_social_post_already_shared":true,"jetpack_social_options":{"image_generator_settings":{"template":"highway","default_image_id":0,"enabled":false},"version":2}},"categories":[1161,44,7671,6937,15],"tags":[9054,90],"class_list":["post-58405","post","type-post","status-publish","format-standard","has-post-thumbnail","hentry","category-ciudadania","category-noticias-de-hoy","category-politica","category-sociedad","category-ultimas-noticias","tag-9054","tag-cultura"],"jetpack_publicize_connections":[],"jetpack_featured_media_url":"https:\/\/i0.wp.com\/miradordeatarfe.es\/wp-content\/uploads\/2023\/01\/images.jpeg?fit=296%2C170&ssl=1","jetpack_likes_enabled":true,"jetpack_sharing_enabled":true,"_links":{"self":[{"href":"https:\/\/miradordeatarfe.es\/index.php?rest_route=\/wp\/v2\/posts\/58405","targetHints":{"allow":["GET"]}}],"collection":[{"href":"https:\/\/miradordeatarfe.es\/index.php?rest_route=\/wp\/v2\/posts"}],"about":[{"href":"https:\/\/miradordeatarfe.es\/index.php?rest_route=\/wp\/v2\/types\/post"}],"author":[{"embeddable":true,"href":"https:\/\/miradordeatarfe.es\/index.php?rest_route=\/wp\/v2\/users\/1"}],"replies":[{"embeddable":true,"href":"https:\/\/miradordeatarfe.es\/index.php?rest_route=%2Fwp%2Fv2%2Fcomments&post=58405"}],"version-history":[{"count":1,"href":"https:\/\/miradordeatarfe.es\/index.php?rest_route=\/wp\/v2\/posts\/58405\/revisions"}],"predecessor-version":[{"id":58407,"href":"https:\/\/miradordeatarfe.es\/index.php?rest_route=\/wp\/v2\/posts\/58405\/revisions\/58407"}],"wp:featuredmedia":[{"embeddable":true,"href":"https:\/\/miradordeatarfe.es\/index.php?rest_route=\/wp\/v2\/media\/58406"}],"wp:attachment":[{"href":"https:\/\/miradordeatarfe.es\/index.php?rest_route=%2Fwp%2Fv2%2Fmedia&parent=58405"}],"wp:term":[{"taxonomy":"category","embeddable":true,"href":"https:\/\/miradordeatarfe.es\/index.php?rest_route=%2Fwp%2Fv2%2Fcategories&post=58405"},{"taxonomy":"post_tag","embeddable":true,"href":"https:\/\/miradordeatarfe.es\/index.php?rest_route=%2Fwp%2Fv2%2Ftags&post=58405"}],"curies":[{"name":"wp","href":"https:\/\/api.w.org\/{rel}","templated":true}]}}