{"id":58408,"date":"2023-01-05T09:49:06","date_gmt":"2023-01-05T08:49:06","guid":{"rendered":"https:\/\/miradordeatarfe.es\/?p=58408"},"modified":"2023-01-01T19:53:10","modified_gmt":"2023-01-01T18:53:10","slug":"salud-2022-nuevas-armas-para-el-arsenal-contra-el-cancer","status":"publish","type":"post","link":"https:\/\/miradordeatarfe.es\/?p=58408","title":{"rendered":"Salud 2022: nuevas armas para el arsenal contra el c\u00e1ncer"},"content":{"rendered":"<h3 style=\"text-align: justify;\">M\u00e1s all\u00e1 del \u00e1mbito farmacol\u00f3gico, es prioritario profundizar en los resortes bioqu\u00edmicos y ambientales que desencadenan ese conjunto de m\u00e1s de 200 enfermedades que conocemos con el nombre gen\u00e9rico de c\u00e1ncer<\/h3>\n<div class=\"td-post-content\">\n<p style=\"text-align: justify;\">ras el reinado transitorio de la covid-19, la atenci\u00f3n de la comunidad biom\u00e9dica internacional vuelve a concentrarse sobre <em><a href=\"https:\/\/es.wikipedia.org\/wiki\/El_emperador_de_todos_los_males:_Una_biograf%C3%ADa_del_C%C3%A1ncer\" rel=\"external noopener noreferrer\" data-wpel-link=\"external\">El emperador de todos los males<\/a><\/em>, t\u00edtulo que conced\u00eda al c\u00e1ncer el m\u00e9dico y divulgador Siddartha Mukherjee en el libro del mismo nombre.<\/p>\n<p style=\"text-align: justify;\">Luis Montuenga, investigador y decano de la Facultad de Ciencias de la Universidad de Navarra, hac\u00eda una <a href=\"https:\/\/theconversation.com\/cancer-de-pulmon-buenas-noticias-desde-la-batalla-para-derrocar-al-emperador-de-los-tumores-193871\" rel=\"external noopener noreferrer\" data-wpel-link=\"external\">excelente cr\u00f3nica<\/a> de los avances y retrocesos en la batalla contra el \u201cemperador de los emperadores\u201d: el c\u00e1ncer de pulm\u00f3n. La mortalidad que produce esta dolencia es pr\u00e1cticamente equivalente a la suma de muertes causada por el c\u00e1ncer de colon, mama y pr\u00f3stata juntos. Y sin embargo, la industria del principal responsable de esos estragos, <a href=\"https:\/\/theconversation.com\/industria-del-tabaco-las-inversiones-siguen-floreciendo-a-pesar-de-las-consecuencias-nocivas-para-la-salud-176296\" rel=\"external noopener noreferrer\" data-wpel-link=\"external\">el tabaco<\/a>, sigue floreciendo.<\/p>\n<p style=\"text-align: justify;\">A lo largo de 2022, The Conversation se ha hecho eco de c\u00f3mo los investigadores contin\u00faan buscando los flancos d\u00e9biles a las tropas del <em>emperador c\u00e1ncer<\/em>. En primer lugar, identificando sustancias naturales capaces de desactivar o frenar la proliferaci\u00f3n descontrolada de c\u00e9lulas que lo caracteriza.<\/p>\n<h2 style=\"text-align: justify;\">Una farmacia natural<\/h2>\n<p style=\"text-align: justify;\">Estos nuevos compuestos pueden esconderse, por ejemplo, en las profundidades marinas. Maria P. Ikonomopoulou, de Instituto IMDEA Alimentaci\u00f3n, <a href=\"https:\/\/theconversation.com\/veneno-de-pulpo-para-derrotar-al-melanoma-194772\" rel=\"external noopener noreferrer\" data-wpel-link=\"external\">contaba su investigaci\u00f3n pionera<\/a> para aprovechar las propiedades del veneno del pulpo de las arenas del sur, <em>Octopus kaurna<\/em>, contra el melanoma. El potencial farmacol\u00f3gico de <a href=\"https:\/\/theconversation.com\/hay-venenos-que-curan-188252\" rel=\"external noopener noreferrer\" data-wpel-link=\"external\">las ponzo\u00f1as animales<\/a> es inmenso y, en gran medida, inexplorado.<\/p>\n<p style=\"text-align: justify;\">Muy prometedor resulta tambi\u00e9n el efecto del gosipol, que se extrae de un vegetal esta vez tan com\u00fan y a mano como la planta del algod\u00f3n. Judit Ribas Fortuny, de la Universitat de Lleida, Jordi Bruna Escuer, del Institut d\u2019Investigaci\u00f3 Biom\u00e8dica de Bellvitge, y V\u00edctor Jos\u00e9 Yuste Mateos, de la Universat de Barcelona, <a href=\"https:\/\/theconversation.com\/la-planta-del-algodon-podria-ayudar-a-tratar-un-cancer-cerebral-incurable-178244\" rel=\"external noopener noreferrer\" data-wpel-link=\"external\">han estudiado concretamente su eficacia frente al gliosblastoma<\/a>, el m\u00e1s frecuente y letal de los tumores cerebrales malignos.<\/p>\n<p style=\"text-align: justify;\">Aunque el lector quiz\u00e1 haya o\u00eddo hablar m\u00e1s de la melatonina, la mol\u00e9cula que gobierna nuestros ciclos de sue\u00f1o y vigilia. Pues bien, entre sus m\u00faltiples virtudes se cuenta su capacidad de frenar la evoluci\u00f3n de un tumor, desde que empieza a formarse hasta que hace met\u00e1stasis, y sin producir efectos secundarios significativos. Su precisi\u00f3n antitumoral le ha valido el apodo de <a href=\"https:\/\/theconversation.com\/melatonina-la-asesina-inteligente-para-combatir-el-cancer-191428\" rel=\"external noopener noreferrer\" data-wpel-link=\"external\">\u201casesina inteligente\u201d<\/a>. Lo explicaron los profesores Alejandro Romero Mart\u00ednez, de la Universidad Complutense de Madrid, Emilio Gil Mart\u00edn, de la Universidade de Vigo, y Francisco L\u00f3pez-Mu\u00f1oz, de la Universidad Camilo Jos\u00e9 Cela.<\/p>\n<h2 style=\"text-align: justify;\">Tras la pista del asesino<\/h2>\n<p style=\"text-align: justify;\">M\u00e1s all\u00e1 del \u00e1mbito farmacol\u00f3gico, es prioritario profundizar en los resortes bioqu\u00edmicos y ambientales que desencadenan ese conjunto de m\u00e1s de 200 enfermedades que conocemos con el nombre gen\u00e9rico de c\u00e1ncer. Para derrotar al enemigo antes hay que conocerlo, y eso es lo que pretende la secuenciaci\u00f3n del genoma de los distintos tumores humanos.<\/p>\n<p style=\"text-align: justify;\">Como recordaba Javier Robles Valero, investigador y profesor de la Universidad de Salamanca, uno de los actuales retos de la biomedicina es saber <a href=\"https:\/\/theconversation.com\/que-mutaciones-geneticas-son-realmente-importantes-para-el-desarrollo-del-cancer-176635\" rel=\"external noopener noreferrer\" data-wpel-link=\"external\">qu\u00e9 mutaciones gen\u00e9ticas son realmente importantes<\/a> para que se desarrolle un c\u00e1ncer. En su centro de investigaci\u00f3n, por ejemplo, han identificado el papel que desempe\u00f1a la alteraci\u00f3n del gen VAV1 en la aparici\u00f3n de los linfomas perif\u00e9ricos de c\u00e9lulas T, una enfermedad muy agresiva. Este tipo de hallazgos ayudar\u00e1n a afinar la punter\u00eda con los tratamientos.<\/p>\n<p style=\"text-align: justify;\">Por su parte, Xose Ant\u00f3n Su\u00e1rez Puente y Pablo Bousquets Mu\u00f1oz, de la Universidad de Oviedo, enfatizaban la importancia de sondear las aguas procelosas del <a href=\"https:\/\/theconversation.com\/la-mitad-de-nuestro-genoma-es-basura-pero-podria-ayudar-al-estudio-del-cancer-179700\" rel=\"external noopener noreferrer\" data-wpel-link=\"external\">\u201cgenoma basura\u201d<\/a>. As\u00ed se llama \u2013con poca propiedad, como se ha ido sabiendo\u2013 a las secuencias repetitivas, genes defectuosos o antiguos virus que forman gran parte de nuestro material gen\u00e9tico y no cumplen ninguna funci\u00f3n aparente. Su propio grupo de investigaci\u00f3n ha localizado all\u00ed un gen mutado que se asocia a diversos c\u00e1nceres de la sangre y el de pr\u00f3stata.<\/p>\n<p style=\"text-align: justify;\">Tambi\u00e9n es un campo excitante de investigaci\u00f3n el que intenta comprender <a href=\"https:\/\/theconversation.com\/la-doble-cara-de-las-bacterias-promotoras-del-cancer-y-nuestras-aliadas-para-combatirlo-193732\" rel=\"external noopener noreferrer\" data-wpel-link=\"external\">el rol que desempe\u00f1a nuestra microbiota intestinal<\/a> tanto en la aparici\u00f3n de tumores como en la respuesta del sistema inmune a la enfermedad.<\/p>\n<p style=\"text-align: justify;\">Sonia Villapol, profesora del Houston Methodist Research Institute, se\u00f1alaba en su art\u00edculo que quiz\u00e1 habr\u00eda que plantearse modificar la dieta de los pacientes y administrarles, dependiendo del caso, prebi\u00f3ticos (mol\u00e9culas que promueven el crecimiento de microbios beneficiosos), probi\u00f3ticos, posbi\u00f3ticos (mol\u00e9culas derivadas de microorganismos) o antibi\u00f3ticos.<\/p>\n<h2 style=\"text-align: justify;\">La importancia de detectarlo a tiempo<\/h2>\n<p style=\"text-align: justify;\">Otra arma definitiva para pararle los pies al c\u00e1ncer es el diagn\u00f3stico precoz. Y en esta tarea est\u00e1 cobrando \u00faltimamente una especial importancia la b\u00fasqueda de nuevos <a href=\"https:\/\/theconversation.com\/por-que-es-tan-importante-el-descubrimiento-de-nuevos-biomarcadores-167284\" rel=\"external noopener noreferrer\" data-wpel-link=\"external\">biomarcadores<\/a>; es decir, mol\u00e9culas \u2013genes, prote\u00ednas, metabolitos\u2026\u2013 que nos avisan de que algo marcha mal en nuestro organismo antes de que sea demasiado tarde.<\/p>\n<p style=\"text-align: justify;\">As\u00ed, Pilar Navarro Medrano y Pablo Garc\u00eda de Frutos, del Instituto de Investigaciones Biom\u00e9dicas de Barcelona (IIBB-CSIC), <a href=\"https:\/\/theconversation.com\/asi-hallamos-el-nuevo-biomarcador-para-detectar-de-forma-precoz-el-cancer-de-pancreas-182103\" rel=\"external noopener noreferrer\" data-wpel-link=\"external\">relataron<\/a> c\u00f3mo consiguieron relacionar el incremento de una prote\u00edna llamada AXL con el c\u00e1ncer de p\u00e1ncreas m\u00e1s com\u00fan.<\/p>\n<p style=\"text-align: justify;\">Y Barbara Goff, de la Universidad de Washington, desminti\u00f3 <a href=\"https:\/\/theconversation.com\/el-cancer-de-ovario-no-es-un-asesino-silencioso-reconocer-sus-sintomas-podria-reducir-la-deteccion-tardia-182350\" rel=\"external noopener noreferrer\" data-wpel-link=\"external\">la fama de \u201casesino silencioso\u201d que arrastra el c\u00e1ncer de ovario<\/a>. Seg\u00fan sus indagaciones, hay que prestar atenci\u00f3n a los siguientes s\u00edntomas: dolor en la pelvis y el abdomen, aumento de la frecuencia y de las ganas de orinar, dificultad para comer o sensaci\u00f3n de saciedad r\u00e1pida, e hinchaz\u00f3n o distensi\u00f3n abdominal.<\/p>\n<p style=\"text-align: justify;\">La detecci\u00f3n temprana de esta enfermedad es vital. Como indicaba la autora, el 70\u00a0% de las pacientes son diagnosticadas en estadios avanzados, cuando las posibilidades de curaci\u00f3n son escasas.<\/p>\n<p style=\"text-align: justify;\">Para finalizar, una noticia que le dejar\u00e1 buen sabor de boca: si est\u00e1 leyendo el art\u00edculo en un tel\u00e9fono m\u00f3vil, tenga en cuenta que siguen <a href=\"https:\/\/theconversation.com\/provoca-cancer-el-telefono-movil-175447\" rel=\"external noopener noreferrer\" data-wpel-link=\"external\">sin encontrarse pruebas que vinculen el uso de este dispositivo y el riesgo de contraer un tumor cerebral<\/a>.<\/p>\n<p><strong>The Conversation<\/strong><\/p>\n<\/div>\n<footer>\n<div class=\"author-box-wrap\">\n<div class=\"desc\">\n<div class=\"td-author-name vcard author\"><span class=\"fn\"><a href=\"https:\/\/contrainformacion.es\/author\/redaccion\/\" data-wpel-link=\"internal\">Redacci\u00f3n<\/a><\/span><\/div>\n<div class=\"td-author-url\"><a href=\"https:\/\/contrainformacion.es\" data-wpel-link=\"internal\">https:\/\/contrainformacion.es<\/a><\/div>\n<div>\u00a0<\/div>\n<div>https:\/\/contrainformacion.es\/salud-2022-nuevas-armas-para-el-arsenal-contra-el-cancer\/?utm_source=mailpoet&amp;utm_medium=email&amp;utm_campaign=boletin-contrainformacion_1<\/div>\n<\/div>\n<\/div>\n<\/footer>\n","protected":false},"excerpt":{"rendered":"<p>M\u00e1s all\u00e1 del \u00e1mbito farmacol\u00f3gico, es prioritario profundizar en los resortes bioqu\u00edmicos y ambientales que&#8230;<\/p>\n","protected":false},"author":1,"featured_media":58409,"comment_status":"closed","ping_status":"closed","sticky":false,"template":"","format":"standard","meta":{"_coblocks_attr":"","_coblocks_dimensions":"","_coblocks_responsive_height":"","_coblocks_accordion_ie_support":"","jetpack_post_was_ever_published":false,"_jetpack_newsletter_access":"","_jetpack_dont_email_post_to_subs":false,"_jetpack_newsletter_tier_id":0,"_jetpack_memberships_contains_paywalled_content":false,"_jetpack_memberships_contains_paid_content":false,"footnotes":"","jetpack_publicize_message":"","jetpack_publicize_feature_enabled":true,"jetpack_social_post_already_shared":true,"jetpack_social_options":{"image_generator_settings":{"template":"highway","default_image_id":0,"enabled":false},"version":2}},"categories":[1161,7149,44,15,10],"tags":[60,697],"class_list":["post-58408","post","type-post","status-publish","format-standard","has-post-thumbnail","hentry","category-ciudadania","category-coronavirus","category-noticias-de-hoy","category-ultimas-noticias","category-salud","tag-enfermedades","tag-virus"],"jetpack_publicize_connections":[],"jetpack_featured_media_url":"https:\/\/i0.wp.com\/miradordeatarfe.es\/wp-content\/uploads\/2023\/01\/medium.webp?fit=500%2C246&ssl=1","jetpack_likes_enabled":true,"jetpack_sharing_enabled":true,"_links":{"self":[{"href":"https:\/\/miradordeatarfe.es\/index.php?rest_route=\/wp\/v2\/posts\/58408","targetHints":{"allow":["GET"]}}],"collection":[{"href":"https:\/\/miradordeatarfe.es\/index.php?rest_route=\/wp\/v2\/posts"}],"about":[{"href":"https:\/\/miradordeatarfe.es\/index.php?rest_route=\/wp\/v2\/types\/post"}],"author":[{"embeddable":true,"href":"https:\/\/miradordeatarfe.es\/index.php?rest_route=\/wp\/v2\/users\/1"}],"replies":[{"embeddable":true,"href":"https:\/\/miradordeatarfe.es\/index.php?rest_route=%2Fwp%2Fv2%2Fcomments&post=58408"}],"version-history":[{"count":1,"href":"https:\/\/miradordeatarfe.es\/index.php?rest_route=\/wp\/v2\/posts\/58408\/revisions"}],"predecessor-version":[{"id":58410,"href":"https:\/\/miradordeatarfe.es\/index.php?rest_route=\/wp\/v2\/posts\/58408\/revisions\/58410"}],"wp:featuredmedia":[{"embeddable":true,"href":"https:\/\/miradordeatarfe.es\/index.php?rest_route=\/wp\/v2\/media\/58409"}],"wp:attachment":[{"href":"https:\/\/miradordeatarfe.es\/index.php?rest_route=%2Fwp%2Fv2%2Fmedia&parent=58408"}],"wp:term":[{"taxonomy":"category","embeddable":true,"href":"https:\/\/miradordeatarfe.es\/index.php?rest_route=%2Fwp%2Fv2%2Fcategories&post=58408"},{"taxonomy":"post_tag","embeddable":true,"href":"https:\/\/miradordeatarfe.es\/index.php?rest_route=%2Fwp%2Fv2%2Ftags&post=58408"}],"curies":[{"name":"wp","href":"https:\/\/api.w.org\/{rel}","templated":true}]}}