{"id":58420,"date":"2023-01-04T09:18:27","date_gmt":"2023-01-04T08:18:27","guid":{"rendered":"https:\/\/miradordeatarfe.es\/?p=58420"},"modified":"2023-01-01T20:22:10","modified_gmt":"2023-01-01T19:22:10","slug":"estamos-bebiendo-plasticos","status":"publish","type":"post","link":"https:\/\/miradordeatarfe.es\/?p=58420","title":{"rendered":"\u00bfEstamos bebiendo pl\u00e1sticos?"},"content":{"rendered":"<div class=\"td-post-header td-image-gradient-style8\">\n<div class=\"td-post-header-holder\">\n<header class=\"td-post-title\">\n<h3 class=\"td-post-sub-title\" style=\"text-align: justify;\">Adem\u00e1s de la dificultad para detectar los micropl\u00e1sticos, hay que tener en cuenta que son mezclas complejas de distintos pol\u00edmeros con diferentes tama\u00f1os y formas<\/h3>\n<\/header>\n<\/div>\n<\/div>\n<div class=\"td-post-template-8-box\">\n<div class=\"td-container\">\n<div class=\"td-pb-row\">\n<div class=\"td-pb-span8 td-main-content\" role=\"main\">\n<div class=\"td-ss-main-content\">\n<div class=\"td-post-content\">\n<p style=\"text-align: justify;\">Los <a href=\"https:\/\/theconversation.com\/estos-son-los-plasticos-toxicos-que-dejaremos-de-usar-gracias-a-la-nueva-ley-de-residuos-180905\" rel=\"external noopener noreferrer\" data-wpel-link=\"external\">pl\u00e1sticos<\/a> forman parte de nuestro d\u00eda a d\u00eda gracias a su gran durabilidad y bajo coste. Pero, a pesar de las ventajas que nos ofrecen, su uso habitual ha derivado en la presencia de fragmentos pl\u00e1sticos de peque\u00f1o tama\u00f1o, los micropl\u00e1sticos, en todo tipo de ambientes, incluyendo el suelo, las aguas continentales, el mar y el <a href=\"https:\/\/theconversation.com\/un-billon-de-microplasticos-en-el-cielo-de-madrid-149482\" rel=\"external noopener noreferrer\" data-wpel-link=\"external\">aire<\/a>.<\/p>\n<p style=\"text-align: justify;\">Dada la ubicuidad de los micropl\u00e1sticos, en los \u00faltimos a\u00f1os ha crecido la preocupaci\u00f3n por <a href=\"https:\/\/www.nature.com\/articles\/s41578-021-00411-y\" rel=\"external noopener noreferrer\" data-wpel-link=\"external\">nuestra exposici\u00f3n a ellos<\/a> y sus posibles efectos en la salud.<\/p>\n<h2 style=\"text-align: justify;\">Cu\u00e1ntos micropl\u00e1sticos ingerimos<\/h2>\n<p style=\"text-align: justify;\">Los seres humanos estamos expuestos a micropl\u00e1sticos a trav\u00e9s del consumo de <a href=\"https:\/\/pubmed.ncbi.nlm.nih.gov\/34146409\/\" rel=\"external noopener noreferrer\" data-wpel-link=\"external\">alimentos, bebidas<\/a> y otros productos, como la <a href=\"https:\/\/www.sciencedirect.com\/science\/article\/pii\/S1382668918305635\" rel=\"external noopener noreferrer\" data-wpel-link=\"external\">pasta de dientes<\/a>, as\u00ed como por la <a href=\"https:\/\/www.sciencedirect.com\/science\/article\/pii\/S0160412019330351\" rel=\"external noopener noreferrer\" data-wpel-link=\"external\">inhalaci\u00f3n de micropl\u00e1sticos<\/a> que flotan en el aire.<\/p>\n<p style=\"text-align: justify;\">Se han encontrado micropl\u00e1sticos en alimentos tan frecuentes como la <a href=\"https:\/\/www.nature.com\/articles\/s41598-017-09128-x\/\" rel=\"external noopener noreferrer\" data-wpel-link=\"external\">sal<\/a>, <a href=\"https:\/\/pubmed.ncbi.nlm.nih.gov\/26399762\/\" rel=\"external noopener noreferrer\" data-wpel-link=\"external\">pescados y mariscos<\/a>, <a href=\"https:\/\/www.sciencedirect.com\/science\/article\/pii\/S0013935120305703\" rel=\"external noopener noreferrer\" data-wpel-link=\"external\">frutas y verduras<\/a> y en bebidas como la <a href=\"https:\/\/pubmed.ncbi.nlm.nih.gov\/35226027\/\" rel=\"external noopener noreferrer\" data-wpel-link=\"external\">cerveza<\/a> o los <a href=\"https:\/\/www.sciencedirect.com\/science\/article\/pii\/S0048969720320969\" rel=\"external noopener noreferrer\" data-wpel-link=\"external\">refrescos<\/a>.<\/p>\n<p style=\"text-align: justify;\">Los micropl\u00e1sticos que consumimos a trav\u00e9s de los alimentos pueden proceder del producto en s\u00ed, como los micropl\u00e1sticos detectados en <a href=\"https:\/\/www.sciencedirect.com\/science\/article\/pii\/S0025326X22008037?via%3Dihub\" rel=\"external noopener noreferrer\" data-wpel-link=\"external\">peces<\/a> con valor comercial, del <a href=\"https:\/\/www.nature.com\/articles\/s41598-020-61146-4\" rel=\"external noopener noreferrer\" data-wpel-link=\"external\">envase<\/a> en el que se encuentra contenido o de la <a href=\"https:\/\/www.sciencedirect.com\/science\/article\/pii\/S0269749117344445\" rel=\"external noopener noreferrer\" data-wpel-link=\"external\">deposici\u00f3n atmosf\u00e9rica<\/a> de micropl\u00e1sticos sobre el alimento.<\/p>\n<p style=\"text-align: justify;\">A partir de las concentraciones de micropl\u00e1sticos medidas en agua, alimentos y aire, se ha estimado que la <a href=\"https:\/\/pubs.acs.org\/doi\/pdf\/10.1021\/acs.est.0c07384\" rel=\"external noopener noreferrer\" data-wpel-link=\"external\">tasa media de ingesta diaria de micropl\u00e1sticos<\/a> de un adulto es de 883 part\u00edculas por persona, que equivale a 583 nanogramos de pl\u00e1stico. En el caso de que la fracci\u00f3n m\u00e1s peque\u00f1a de estos micropl\u00e1sticos (1\u221210\u00a0\u03bcm) permaneciera en el cuerpo con el tiempo, se ha calculado que una persona podr\u00eda llegar a acumular 8\u00a0320 part\u00edculas a los 18 a\u00f1os, y 50\u00a0100 part\u00edculas a los 70 a\u00f1os.<\/p>\n<p style=\"text-align: justify;\">Adem\u00e1s, algunos estudios han encontrado micropl\u00e1sticos en <a href=\"https:\/\/pubs.acs.org\/doi\/abs\/10.1021\/acs.estlett.1c00559\" rel=\"external noopener noreferrer\" data-wpel-link=\"external\">heces humanas<\/a>, <a href=\"https:\/\/www.sciencedirect.com\/science\/article\/pii\/S0048969722020009\" rel=\"external noopener noreferrer\" data-wpel-link=\"external\">tejidos pulmonares humanos<\/a> procedentes de intervenciones quir\u00fargicas, <a href=\"https:\/\/www.sciencedirect.com\/science\/article\/pii\/S0160412022001258\" rel=\"external noopener noreferrer\" data-wpel-link=\"external\">muestras de sangre<\/a> e incluso en <a href=\"https:\/\/pubs.acs.org\/doi\/10.1021\/acs.est.2c04706#\" rel=\"external noopener noreferrer\" data-wpel-link=\"external\">la placenta<\/a>. Esto parece corroborar que las personas ingerimos e inhalamos micropl\u00e1sticos, y que estos se pueden encontrar en diferentes partes de nuestro cuerpo.<\/p>\n<h2 style=\"text-align: justify;\">Efectos en la salud<\/h2>\n<p style=\"text-align: justify;\">En cuanto a si la ingesti\u00f3n e inhalaci\u00f3n de micropl\u00e1sticos supone un riesgo para la salud, hasta ahora \u00fanicamente <a href=\"https:\/\/pubs.acs.org\/doi\/pdf\/10.1021\/acs.est.1c03924\" rel=\"external noopener noreferrer\" data-wpel-link=\"external\">un estudio ha podido relacionar el consumo de micropl\u00e1sticos con un efecto en la salud humana<\/a>. Este estudio observacional encontr\u00f3 una relaci\u00f3n significativa entre la concentraci\u00f3n de micropl\u00e1sticos en las heces y la enfermedad inflamatoria intestinal.<\/p>\n<p style=\"text-align: justify;\">A partir de los cuestionarios realizados por los participantes, los autores de esta investigaci\u00f3n determinaron que el origen de los micropl\u00e1sticos encontrados en las heces podr\u00eda estar relacionado con sus h\u00e1bitos alimentarios, as\u00ed como con las condiciones ambientales laborales y dom\u00e9sticas.<\/p>\n<p style=\"text-align: justify;\">Adem\u00e1s de este trabajo, algunos ensayos <em>in vitro<\/em>, es decir, realizados fuera del organismo, han demostrado que c\u00e9lulas humanas pueden <a href=\"https:\/\/pubmed.ncbi.nlm.nih.gov\/34030247\/\" rel=\"external noopener noreferrer\" data-wpel-link=\"external\">incorporar micropl\u00e1sticos<\/a> de peque\u00f1o tama\u00f1o y que estos pueden afectarles negativamente, <a href=\"https:\/\/www.sciencedirect.com\/science\/article\/pii\/S0304389421028302?dgcid=author\" rel=\"external noopener noreferrer\" data-wpel-link=\"external\">causando da\u00f1os como el estr\u00e9s oxidativo y la muerte celular<\/a>.<\/p>\n<h2 style=\"text-align: justify;\">Micropl\u00e1sticos en el agua de consumo<\/h2>\n<p style=\"text-align: justify;\">El agua es un elemento necesario para que el cuerpo humano lleve a cabo las funciones b\u00e1sicas, y su consumo diario es indispensable. Por ello, es importante conocer cu\u00e1nto pl\u00e1stico ingerimos a trav\u00e9s del agua.<\/p>\n<p style=\"text-align: justify;\">Seg\u00fan los resultados de muestras de agua del grifo analizadas en distintos pa\u00edses, <a href=\"https:\/\/www.sciencedirect.com\/science\/article\/pii\/S2468202021000462\" rel=\"external noopener noreferrer\" data-wpel-link=\"external\">esta puede contener micropl\u00e1sticos<\/a> de diferentes pol\u00edmeros (polietileno, PVC, etc.), formas (fibras, fragmentos, etc.) y tama\u00f1os. Estos micropl\u00e1sticos, sin embargo, se encuentran generalmente <a href=\"https:\/\/www.sciencedirect.com\/science\/article\/pii\/S004313542031054X\" rel=\"external noopener noreferrer\" data-wpel-link=\"external\">a concentraciones bajas<\/a>.<\/p>\n<p style=\"text-align: justify;\">En un estudio realizado en la ciudad de Barcelona, por ejemplo, detectamos <a href=\"https:\/\/www.sciencedirect.com\/science\/article\/pii\/S004313542200598X\" rel=\"external noopener noreferrer\" data-wpel-link=\"external\">bajas concentraciones de micropl\u00e1sticos<\/a> de peque\u00f1o tama\u00f1o (0.7-20 micras) en muestras de agua del grifo recogidas en 42 puntos de la ciudad.<\/p>\n<p style=\"text-align: justify;\">Antes de llegar al grifo, el agua procedente de los r\u00edos o aguas subterr\u00e1neas pasa por las plantas de tratamiento de agua potable (ETAP) con el fin de hacerla segura para el consumo humano. De esta manera, la cantidad de micropl\u00e1sticos que encontremos en el agua del grifo depende de la concentraci\u00f3n que haya en el agua cruda que llega a la planta, de la capacidad de la planta para eliminarlos, del sistema de distribuci\u00f3n del agua y de elementos dom\u00e9sticos, como las juntas o mangueras de los grifos.<\/p>\n<p style=\"text-align: justify;\">La capacidad de las plantas de tratamiento para eliminar o reducir la concentraci\u00f3n de micropl\u00e1sticos en el agua var\u00eda seg\u00fan la tecnolog\u00eda empleada. Por ejemplo, <a href=\"https:\/\/link.springer.com\/article\/10.1007\/s11356-021-13220-1\" rel=\"external noopener noreferrer\" data-wpel-link=\"external\">los micropl\u00e1sticos en el agua de entrada a una las plantas de tratamiento de agua de la cuenca del r\u00edo Llobregat<\/a> se eliminaron en un 93 %, siendo los sistemas de coagulaci\u00f3n y filtraci\u00f3n por arena los pasos m\u00e1s importantes para la eliminaci\u00f3n de los micropl\u00e1sticos.<\/p>\n<p style=\"text-align: justify;\">Adem\u00e1s de en el agua del grifo, <a href=\"https:\/\/www.ncbi.nlm.nih.gov\/pmc\/articles\/PMC9103198\/\" rel=\"external noopener noreferrer\" data-wpel-link=\"external\">se han detectado micropl\u00e1sticos en el agua embotellada<\/a>, tanto en <a href=\"https:\/\/www.sciencedirect.com\/science\/article\/pii\/S0043135418303956?via%3Dihub\" rel=\"external noopener noreferrer\" data-wpel-link=\"external\">botellas de pl\u00e1stico como de vidrio<\/a>. El principal origen de estos micropl\u00e1sticos se atribuye al <a href=\"https:\/\/www.sciencedirect.com\/science\/article\/pii\/S2214799321000333\" rel=\"external noopener noreferrer\" data-wpel-link=\"external\">embalaje y a los procesos de limpieza<\/a> realizados en botellas recicladas.<\/p>\n<h2 style=\"text-align: justify;\">Hacia una mayor vigilancia<\/h2>\n<p style=\"text-align: justify;\">En la actualidad no existe ninguna regulaci\u00f3n que establezca los niveles m\u00e1ximos permitidos de micropl\u00e1sticos en el agua de consumo.<\/p>\n<p style=\"text-align: justify;\">La \u00faltima <a href=\"https:\/\/eur-lex.europa.eu\/eli\/dir\/2020\/2184\/oj\" rel=\"external noopener noreferrer\" data-wpel-link=\"external\">directiva europea de calidad de las aguas de consumo humano<\/a> determina que para 2024 se deber\u00e1 establecer una metodolog\u00eda para analizar micropl\u00e1sticos con el objetivo de incluirlos en la lista de vigilancia. Esto se debe a que los m\u00e9todos de an\u00e1lisis de micropl\u00e1sticos a\u00fan no se encuentran estandarizados y a que su medici\u00f3n resulta a\u00fan dif\u00edcil y cara.<\/p>\n<p style=\"text-align: justify;\">Para el a\u00f1o 2029, se deber\u00e1 presentar un informe que eval\u00fae la amenaza que supone la presencia de micropl\u00e1sticos en el agua de consumo, as\u00ed como los posibles riesgos asociados para la salud.<\/p>\n<h2 style=\"text-align: justify;\">Dif\u00edciles de detectar y evaluar<\/h2>\n<p style=\"text-align: justify;\">Adem\u00e1s de la dificultad para detectar los micropl\u00e1sticos, hay que tener en cuenta que son mezclas complejas de distintos pol\u00edmeros con diferentes tama\u00f1os y formas, que adem\u00e1s pueden contener aditivos qu\u00edmicos que les proporcionan caracter\u00edsticas espec\u00edficas. Algunos de estos aditivos qu\u00edmicos, como el <a href=\"https:\/\/theconversation.com\/que-peligros-tienen-los-microplasticos-y-el-bisfenol-a-para-la-salud-humana-181615\" rel=\"external noopener noreferrer\" data-wpel-link=\"external\">bisfenol A<\/a> o los ftalatos, tienen capacidad para alterar el sistema endocrino humano.<\/p>\n<p style=\"text-align: justify;\">La gran diversidad de micropl\u00e1sticos en el medio ambiente hace que la evaluaci\u00f3n de sus riesgos sea particularmente compleja, pero esta debe ser considerada en estudios futuros que analicen tanto la exposici\u00f3n a estas sustancias como sus efectos.<\/p>\n<p class=\"fine-print\" style=\"text-align: justify;\"><strong><em>Paula Redondo \u2013 The Conversation<\/em><\/strong><\/p>\n<div class=\"social-rocket-inline-buttons\">\n<div class=\"social-rocket-buttons\">\n<div class=\"social-rocket-button social-rocket-button-square social-rocket-facebook \" data-network=\"facebook\">https:\/\/contrainformacion.es\/estamos-bebiendo-plasticos\/?utm_source=mailpoet&amp;utm_medium=email&amp;utm_campaign=boletin-contrainformacion_1<\/div>\n<div class=\"social-rocket-button social-rocket-button-square social-rocket-twitter \" data-network=\"twitter\">\u00a0<\/div>\n<div class=\"social-rocket-button social-rocket-button-square social-rocket-linkedin \" data-network=\"linkedin\">\u00a0<\/div>\n<\/div>\n<\/div>\n<\/div>\n<\/div>\n<\/div>\n<\/div>\n<\/div>\n<\/div>\n","protected":false},"excerpt":{"rendered":"<p>Adem\u00e1s de la dificultad para detectar los micropl\u00e1sticos, hay que tener en cuenta que son&#8230;<\/p>\n","protected":false},"author":1,"featured_media":58421,"comment_status":"closed","ping_status":"closed","sticky":false,"template":"","format":"standard","meta":{"_coblocks_attr":"","_coblocks_dimensions":"","_coblocks_responsive_height":"","_coblocks_accordion_ie_support":"","jetpack_post_was_ever_published":false,"_jetpack_newsletter_access":"","_jetpack_dont_email_post_to_subs":false,"_jetpack_newsletter_tier_id":0,"_jetpack_memberships_contains_paywalled_content":false,"_jetpack_memberships_contains_paid_content":false,"footnotes":"","jetpack_publicize_message":"","jetpack_publicize_feature_enabled":true,"jetpack_social_post_already_shared":true,"jetpack_social_options":{"image_generator_settings":{"template":"highway","default_image_id":0,"enabled":false},"version":2}},"categories":[7725,1161,9,44,15,10],"tags":[1053,1027],"class_list":["post-58420","post","type-post","status-publish","format-standard","has-post-thumbnail","hentry","category-atarfe-sostenible","category-ciudadania","category-medio-ambiente","category-noticias-de-hoy","category-ultimas-noticias","category-salud","tag-europa","tag-plasticos"],"jetpack_publicize_connections":[],"jetpack_featured_media_url":"https:\/\/i0.wp.com\/miradordeatarfe.es\/wp-content\/uploads\/2023\/01\/indice5.jpeg?fit=301%2C167&ssl=1","jetpack_likes_enabled":true,"jetpack_sharing_enabled":true,"_links":{"self":[{"href":"https:\/\/miradordeatarfe.es\/index.php?rest_route=\/wp\/v2\/posts\/58420","targetHints":{"allow":["GET"]}}],"collection":[{"href":"https:\/\/miradordeatarfe.es\/index.php?rest_route=\/wp\/v2\/posts"}],"about":[{"href":"https:\/\/miradordeatarfe.es\/index.php?rest_route=\/wp\/v2\/types\/post"}],"author":[{"embeddable":true,"href":"https:\/\/miradordeatarfe.es\/index.php?rest_route=\/wp\/v2\/users\/1"}],"replies":[{"embeddable":true,"href":"https:\/\/miradordeatarfe.es\/index.php?rest_route=%2Fwp%2Fv2%2Fcomments&post=58420"}],"version-history":[{"count":1,"href":"https:\/\/miradordeatarfe.es\/index.php?rest_route=\/wp\/v2\/posts\/58420\/revisions"}],"predecessor-version":[{"id":58422,"href":"https:\/\/miradordeatarfe.es\/index.php?rest_route=\/wp\/v2\/posts\/58420\/revisions\/58422"}],"wp:featuredmedia":[{"embeddable":true,"href":"https:\/\/miradordeatarfe.es\/index.php?rest_route=\/wp\/v2\/media\/58421"}],"wp:attachment":[{"href":"https:\/\/miradordeatarfe.es\/index.php?rest_route=%2Fwp%2Fv2%2Fmedia&parent=58420"}],"wp:term":[{"taxonomy":"category","embeddable":true,"href":"https:\/\/miradordeatarfe.es\/index.php?rest_route=%2Fwp%2Fv2%2Fcategories&post=58420"},{"taxonomy":"post_tag","embeddable":true,"href":"https:\/\/miradordeatarfe.es\/index.php?rest_route=%2Fwp%2Fv2%2Ftags&post=58420"}],"curies":[{"name":"wp","href":"https:\/\/api.w.org\/{rel}","templated":true}]}}