{"id":58442,"date":"2023-01-02T15:31:35","date_gmt":"2023-01-02T14:31:35","guid":{"rendered":"https:\/\/miradordeatarfe.es\/?p=58442"},"modified":"2023-01-02T15:34:00","modified_gmt":"2023-01-02T14:34:00","slug":"concentracion-condena-y-repulsa-asesinatos-machistas-2022","status":"publish","type":"post","link":"https:\/\/miradordeatarfe.es\/?p=58442","title":{"rendered":"CONCENTRACI\u00d3N: Condena y repulsa asesinatos machistas 2022"},"content":{"rendered":"<h2>CONCENTRACI\u00d3N : DIA 3 DE ENERO A LAS 18:30 EN PLAZA NUEVA<\/h2>\n<h3 style=\"text-align: justify;\"><span dir=\"ltr\" role=\"presentation\">La Plataforma 8 de Marzo y 25 de Noviembre Contra la Violencia de G\u00e9nero de <\/span><span dir=\"ltr\" role=\"presentation\">Granada y el Espacio Feminismo Unitario de Gran\u00e1, condenan y muestran su m\u00e1s <\/span><span dir=\"ltr\" role=\"presentation\">absoluta repulsa e indignaci\u00f3n por los asesinatos machistas registrados en el <\/span><span dir=\"ltr\" role=\"presentation\">estado espa\u00f1ol en 2022.<\/span><\/h3>\n<p style=\"text-align: justify;\"><span dir=\"ltr\" role=\"presentation\"> Vaya por delante, toda<\/span> <span dir=\"ltr\" role=\"presentation\">n<\/span><span dir=\"ltr\" role=\"presentation\">uestra solidaridad y apoyo a la <\/span><span dir=\"ltr\" role=\"presentation\">familia, amigas y amigos de las v\u00edctimas en general y<\/span> <span dir=\"ltr\" role=\"presentation\">a sus hijas e hijos. <\/span><span dir=\"ltr\" role=\"presentation\">Almer\u00eda, M\u00e1laga, Ciudad Real, Granada&#8230; Cada nuevo asesinato machista suma para <\/span><span dir=\"ltr\" role=\"presentation\">alcanzar un total de<\/span> <strong><span dir=\"ltr\" role=\"presentation\">49<\/span> <\/strong><span dir=\"ltr\" role=\"presentation\">mujeres asesinadas en 2022,seg\u00fan cifras oficiales<\/span> <span dir=\"ltr\" role=\"presentation\">y seg\u00fan <\/span><span dir=\"ltr\" role=\"presentation\">Feminicidio.net <strong>99,<\/strong> siendo<\/span> <span dir=\"ltr\" role=\"presentation\">1182 las v\u00edctimas mortales desde que se inici\u00f3 el <\/span><span dir=\"ltr\" role=\"presentation\">registro estatal en 2003,<strong> 11<\/strong><\/span> <span dir=\"ltr\" role=\"presentation\"><strong>en Andaluc\u00eda<\/strong> durante el a\u00f1o 2022, y <strong>2 v\u00edctimas en la<\/strong><\/span><br role=\"presentation\" \/><br \/>\n<strong><span dir=\"ltr\" role=\"presentation\">provincia de Granada.<\/span><\/strong><\/p>\n<p style=\"text-align: justify;\"><span dir=\"ltr\" role=\"presentation\">Por supuesto que no olvidamos los efectos que dicha situaci\u00f3n provoca en las <\/span><span dir=\"ltr\" role=\"presentation\">hijas<\/span> <span dir=\"ltr\" role=\"presentation\">e<\/span> <span dir=\"ltr\" role=\"presentation\">hijos<\/span> <span dir=\"ltr\" role=\"presentation\">de<\/span> <span dir=\"ltr\" role=\"presentation\">las<\/span> <span dir=\"ltr\" role=\"presentation\">mujeres<\/span> <span dir=\"ltr\" role=\"presentation\">v\u00edctimas,<\/span> <span dir=\"ltr\" role=\"presentation\">siendo<\/span><strong> <span dir=\"ltr\" role=\"presentation\">38<\/span> <span dir=\"ltr\" role=\"presentation\">las<\/span> <span dir=\"ltr\" role=\"presentation\">nuevas<\/span> <span dir=\"ltr\" role=\"presentation\">situaciones<\/span> <span dir=\"ltr\" role=\"presentation\">de <\/span><\/strong><span dir=\"ltr\" role=\"presentation\"><strong>orfandad<\/strong> que se han originado en 2022 y a las 377 desde 2013.<\/span><\/p>\n<p style=\"text-align: justify;\"><span dir=\"ltr\" role=\"presentation\">Muchas de nosotras nos hacemos eco por las redes de las campa\u00f1as promovidas <\/span><span dir=\"ltr\" role=\"presentation\">por distintas instituciones y organizaciones, cuyo fin es fomentar el apoyo y la <\/span><span dir=\"ltr\" role=\"presentation\">participaci\u00f3n<\/span> <span dir=\"ltr\" role=\"presentation\">vecinal<\/span> <span dir=\"ltr\" role=\"presentation\">y<\/span> <span dir=\"ltr\" role=\"presentation\">ciudadana<\/span> <span dir=\"ltr\" role=\"presentation\">en<\/span> <span dir=\"ltr\" role=\"presentation\">nuestros<\/span> <span dir=\"ltr\" role=\"presentation\">domicilios,<\/span> <span dir=\"ltr\" role=\"presentation\">conscientes<\/span> <span dir=\"ltr\" role=\"presentation\">de<\/span> <span dir=\"ltr\" role=\"presentation\">la <\/span><span dir=\"ltr\" role=\"presentation\">necesidad.<\/span><\/p>\n<p style=\"text-align: justify;\"><span dir=\"ltr\" role=\"presentation\">Ponemos en valor, las medidas existentes adoptadas por el Gobierno de la naci\u00f3n, <\/span><span dir=\"ltr\" role=\"presentation\">dirigidas a la prevenci\u00f3n y atenci\u00f3n de las mujeres v\u00edctimas de violencia machista, telf.\u00a0 <\/span><span dir=\"ltr\" role=\"presentation\">016, telf.900200999 del IAM, atenci\u00f3n en farmacias mediante petici\u00f3n mascarilla 19, y <\/span><span dir=\"ltr\" role=\"presentation\">otros.<\/span><\/p>\n<p style=\"text-align: justify;\"><span dir=\"ltr\" role=\"presentation\">Teniendo conocimiento que el 50% de los asesinatos machistas se producen dentro del <\/span><span dir=\"ltr\" role=\"presentation\">per\u00edodo del proceso de separaci\u00f3n de las parejas o ex-parejas, exigimos, que se <\/span><span dir=\"ltr\" role=\"presentation\">intensifiquen campa\u00f1as de concienciaci\u00f3n, dirigidas a las v\u00edctimas,<\/span> <span dir=\"ltr\" role=\"presentation\">al objeto de que <\/span><span dir=\"ltr\" role=\"presentation\">conozcan de primera mano las medidas existentes para su protecci\u00f3n,<\/span> <span dir=\"ltr\" role=\"presentation\">con el fin de<\/span><br role=\"presentation\" \/><br \/>\n<span dir=\"ltr\" role=\"presentation\">evitar que sean asesinadas en la intimidad e impunidad del hogar familiar, cuando <\/span><span dir=\"ltr\" role=\"presentation\">todav\u00eda se mantiene la convivencia.<\/span><\/p>\n<p style=\"text-align: justify;\"><span dir=\"ltr\" role=\"presentation\">El Espacio Feminismo Unitario de Gran\u00e1 y la Plataforma 8 de marzo y 25 de <\/span><span dir=\"ltr\" role=\"presentation\">noviembre<\/span> <span dir=\"ltr\" role=\"presentation\">de<\/span> <span dir=\"ltr\" role=\"presentation\">Granada,<\/span> <span dir=\"ltr\" role=\"presentation\">convocantes<\/span> <span dir=\"ltr\" role=\"presentation\">de<\/span> <span dir=\"ltr\" role=\"presentation\">la<\/span> <span dir=\"ltr\" role=\"presentation\">reciente<\/span> <span dir=\"ltr\" role=\"presentation\">manifestaci\u00f3n<\/span> <span dir=\"ltr\" role=\"presentation\">con <\/span><span dir=\"ltr\" role=\"presentation\">motivo de la conmemoraci\u00f3n del<\/span> <span dir=\"ltr\" role=\"presentation\">25 de Noviembre, D\u00eda Internacional de la <\/span><span dir=\"ltr\" role=\"presentation\">Eliminaci\u00f3n de la Violencia contra las Mujeres, s<\/span><span dir=\"ltr\" role=\"presentation\">alimos hoy a la calle otra <\/span><span dir=\"ltr\" role=\"presentation\">vez para denunciar que las violencias machistas nos atraviesan a<\/span> <span dir=\"ltr\" role=\"presentation\">todas<\/span> <span dir=\"ltr\" role=\"presentation\">y <\/span><span dir=\"ltr\" role=\"presentation\">que son una parte fundamental del funcionar cotidiano del sistema en el <\/span><span dir=\"ltr\" role=\"presentation\">que vivimos.<\/span><\/p>\n<p style=\"text-align: justify;\"><strong><span dir=\"ltr\" role=\"presentation\">Es por ello, que reiteramos las reivindicaciones que emitimos el d\u00eda 25 de <\/span><span dir=\"ltr\" role=\"presentation\">noviembre:<\/span><\/strong><\/p>\n<p style=\"text-align: justify;\"><span dir=\"ltr\" role=\"presentation\">Acabar con la violencia de g\u00e9nero como una carrera de fondo, y por ello<\/span><\/p>\n<h3 style=\"text-align: justify;\"><span dir=\"ltr\" role=\"presentation\">INSISTIMOS:<\/span><\/h3>\n<p style=\"text-align: justify;\"><strong><span dir=\"ltr\" role=\"presentation\">EDUCACI\u00d3N <\/span><\/strong><br role=\"presentation\" \/><br \/>\n<span dir=\"ltr\" role=\"presentation\">&#8211;<\/span> <span dir=\"ltr\" role=\"presentation\">Prevenci\u00f3n de las conductas violentas. La educaci\u00f3n, tarea de todas\/os, es la \u00fanica <\/span><span dir=\"ltr\" role=\"presentation\">soluci\u00f3n.<\/span><br role=\"presentation\" \/><br \/>\n<span dir=\"ltr\" role=\"presentation\">&#8211;<\/span> <span dir=\"ltr\" role=\"presentation\">Extensi\u00f3n, ampliaci\u00f3n, evaluaci\u00f3n y mejora de las intervenciones educativas que <\/span><span dir=\"ltr\" role=\"presentation\">promueven la igualdad y previenen la violencia de g\u00e9nero.<\/span><br role=\"presentation\" \/><br \/>\n<span dir=\"ltr\" role=\"presentation\">&#8211;<\/span> <span dir=\"ltr\" role=\"presentation\">Fomento de masculinidades alternativas superando la masculinidad hegem\u00f3nica <\/span><span dir=\"ltr\" role=\"presentation\">responsable de la desigualdad de poder en las relaciones.<\/span><\/p>\n<p style=\"text-align: justify;\"><strong><span dir=\"ltr\" role=\"presentation\">RECURSOS INSTITUCIONALES<\/span><\/strong><br role=\"presentation\" \/><br \/>\n<span dir=\"ltr\" role=\"presentation\">Las v\u00edctimas de violencia de g\u00e9nero y sus hijas\/os necesitan servicios y recursos de <\/span><span dir=\"ltr\" role=\"presentation\">calidad:<\/span><br role=\"presentation\" \/><br \/>\n<span dir=\"ltr\" role=\"presentation\">&#8211;<\/span> <span dir=\"ltr\" role=\"presentation\">Servicios de atenci\u00f3n psicol\u00f3gica, recuperaci\u00f3n de los da\u00f1os psicol\u00f3gicos<\/span><br role=\"presentation\" \/><br \/>\n<span dir=\"ltr\" role=\"presentation\">&#8211;<\/span> <span dir=\"ltr\" role=\"presentation\">Recursos habitacionales, un lugar seguro para reconstruir la vida.<\/span><br role=\"presentation\" \/><br \/>\n<span dir=\"ltr\" role=\"presentation\">&#8211;<\/span> <span dir=\"ltr\" role=\"presentation\">Inserci\u00f3n sociolaboral para fortalecer su autonom\u00eda y recuperaci\u00f3n.<\/span><br role=\"presentation\" \/><br \/>\n<span dir=\"ltr\" role=\"presentation\">&#8211;<\/span> <span dir=\"ltr\" role=\"presentation\">Servicios sociales de atenci\u00f3n comunitaria, atenci\u00f3n digna y personalizada.<\/span><\/p>\n<p style=\"text-align: justify;\"><strong><span dir=\"ltr\" role=\"presentation\">JUSTICIA<\/span><\/strong><\/p>\n<p style=\"text-align: justify;\"><span dir=\"ltr\" role=\"presentation\">&#8211;<\/span> <span dir=\"ltr\" role=\"presentation\">Formaci\u00f3n de los agentes jur\u00eddicos para erradicar mentalidades machistas y <\/span><span dir=\"ltr\" role=\"presentation\">mis\u00f3ginas, causantes de indefensi\u00f3n y revictimizaci\u00f3n.<\/span><br role=\"presentation\" \/><br \/>\n<span dir=\"ltr\" role=\"presentation\">&#8211;<\/span> <span dir=\"ltr\" role=\"presentation\">Actuaciones judiciales que pongan en el centro el cese de la violencia y apuesten <\/span><span dir=\"ltr\" role=\"presentation\">por la autonom\u00eda, la recuperaci\u00f3n y medidas que restauren el da\u00f1o causado.<\/span><\/p>\n<p style=\"text-align: justify;\"><strong><span dir=\"ltr\" role=\"presentation\">SOCIEDAD<\/span><\/strong><\/p>\n<p style=\"text-align: justify;\"><span dir=\"ltr\" role=\"presentation\">&#8211;<\/span> <span dir=\"ltr\" role=\"presentation\">Implicaci\u00f3n social y comunitaria en:<\/span><br role=\"presentation\" \/><br \/>\n<span dir=\"ltr\" role=\"presentation\">o<\/span> <span dir=\"ltr\" role=\"presentation\">la erradicaci\u00f3n de ideas machistas<\/span><br role=\"presentation\" \/><br \/>\n<span dir=\"ltr\" role=\"presentation\">o<\/span> <span dir=\"ltr\" role=\"presentation\">la denuncia de casos de violencia presenciados<\/span><br role=\"presentation\" \/><br \/>\n<span dir=\"ltr\" role=\"presentation\">o<\/span> <span dir=\"ltr\" role=\"presentation\">la condena de la justificaci\u00f3n de conductas violentas<\/span><br role=\"presentation\" \/><br \/>\n<span dir=\"ltr\" role=\"presentation\">o<\/span> <span dir=\"ltr\" role=\"presentation\">el apoyo a v\u00edctimas y sus hijos\/as en su recuperaci\u00f3n<\/span><\/p>\n<p style=\"text-align: justify;\"><span dir=\"ltr\" role=\"presentation\">&#8211; Construcci\u00f3n de una sociedad igualitaria, justa, libre y responsable. Hacerlo es tarea del<\/span><br role=\"presentation\" \/><br \/>\n<span dir=\"ltr\" role=\"presentation\">conjunto de la sociedad.<\/span><\/p>\n<p style=\"text-align: justify;\"><span dir=\"ltr\" role=\"presentation\">Estamos convencidas, que necesitamos establecer v\u00ednculos fuertes, para <\/span><span dir=\"ltr\" role=\"presentation\">luchar<\/span> <span dir=\"ltr\" role=\"presentation\">contra<\/span> <span dir=\"ltr\" role=\"presentation\">las<\/span> <span dir=\"ltr\" role=\"presentation\">violencias<\/span> <span dir=\"ltr\" role=\"presentation\">machistas,<\/span> <span dir=\"ltr\" role=\"presentation\">y<\/span> <span dir=\"ltr\" role=\"presentation\">contra<\/span> <span dir=\"ltr\" role=\"presentation\">los<\/span> <span dir=\"ltr\" role=\"presentation\">movimientos <\/span><span dir=\"ltr\" role=\"presentation\">ultraconservadores<\/span> <span dir=\"ltr\" role=\"presentation\">que<\/span> <span dir=\"ltr\" role=\"presentation\">pretenden<\/span> <span dir=\"ltr\" role=\"presentation\">anular<\/span> <span dir=\"ltr\" role=\"presentation\">los<\/span> <span dir=\"ltr\" role=\"presentation\">avances<\/span> <span dir=\"ltr\" role=\"presentation\">en<\/span> <span dir=\"ltr\" role=\"presentation\">materia<\/span> <span dir=\"ltr\" role=\"presentation\">de <\/span><span dir=\"ltr\" role=\"presentation\">derechos,<\/span> <span dir=\"ltr\" role=\"presentation\">que<\/span> <span dir=\"ltr\" role=\"presentation\">tras<\/span> <span dir=\"ltr\" role=\"presentation\">muchos<\/span> <span dir=\"ltr\" role=\"presentation\">a\u00f1os<\/span> <span dir=\"ltr\" role=\"presentation\">se<\/span> <span dir=\"ltr\" role=\"presentation\">han<\/span> <span dir=\"ltr\" role=\"presentation\">conseguido<\/span> <span dir=\"ltr\" role=\"presentation\">por<\/span> <span dir=\"ltr\" role=\"presentation\">presi\u00f3n<\/span> <span dir=\"ltr\" role=\"presentation\">del <\/span><span dir=\"ltr\" role=\"presentation\">movimientos feminista.<\/span><\/p>\n<p style=\"text-align: justify;\"><span dir=\"ltr\" role=\"presentation\">Desde la<\/span> <span dir=\"ltr\" role=\"presentation\">Plataforma 8 de marzo y 25 de noviembre contra la violencia de g\u00e9nero de <\/span><span dir=\"ltr\" role=\"presentation\">Granada y el Espacio Feminismo Unitario de Gran\u00e1,<\/span> <span dir=\"ltr\" role=\"presentation\">vamos a continuar<\/span> <span dir=\"ltr\" role=\"presentation\">trabajando <\/span><span dir=\"ltr\" role=\"presentation\">en la erradicaci\u00f3n de estos asesinatos machistas en estos\u00a0 momentos de crisis, para <\/span><span dir=\"ltr\" role=\"presentation\">impedir que se olvide el aumento del riesgo de violencia machista, no vamos a permitir <\/span><span dir=\"ltr\" role=\"presentation\">un<\/span> <span dir=\"ltr\" role=\"presentation\">estancamiento en las pol\u00edticas de Igualdad.<\/span> <span dir=\"ltr\" role=\"presentation\">Vamos a seguir<\/span> <span dir=\"ltr\" role=\"presentation\">plantando cara al <\/span><span dir=\"ltr\" role=\"presentation\">machismo presente en nuestra sociedad, haciendo frente a las voces cr\u00edticas que <\/span><span dir=\"ltr\" role=\"presentation\">todav\u00eda siguen negando la existencia de la violencia contra las mujeres, por el solo <\/span><span dir=\"ltr\" role=\"presentation\">hecho de ser mujeres, y no reconocen que nuestras demandas son una cuesti\u00f3n de <\/span><span dir=\"ltr\" role=\"presentation\">derechos humanos, en este caso del derecho m\u00e1s b\u00e1sico: a vivir en libertad y en <\/span><span dir=\"ltr\" role=\"presentation\">definitiva a vivir<\/span><span dir=\"ltr\" role=\"presentation\">.<\/span><\/p>\n<p style=\"text-align: justify;\"><span dir=\"ltr\" role=\"presentation\">Por tanto consideramos que la violencia machista debe tratarse como una cuesti\u00f3n de <\/span><span dir=\"ltr\" role=\"presentation\">estado, la protecci\u00f3n de las mujeres no puede depender del ideario del partido pol\u00edtico\u00a0 <\/span><span dir=\"ltr\" role=\"presentation\">de<\/span> <span dir=\"ltr\" role=\"presentation\">turno<\/span> <span dir=\"ltr\" role=\"presentation\">y<\/span> <span dir=\"ltr\" role=\"presentation\">adem\u00e1s<\/span> <span dir=\"ltr\" role=\"presentation\">debe<\/span> <span dir=\"ltr\" role=\"presentation\">tener<\/span> <span dir=\"ltr\" role=\"presentation\">un<\/span> <span dir=\"ltr\" role=\"presentation\">enfoque <\/span><span dir=\"ltr\" role=\"presentation\">interseccional<\/span> <span dir=\"ltr\" role=\"presentation\">hacia<\/span> <span dir=\"ltr\" role=\"presentation\">las<\/span> <span dir=\"ltr\" role=\"presentation\">mujeres<\/span> <span dir=\"ltr\" role=\"presentation\">m\u00e1s <\/span><span dir=\"ltr\" role=\"presentation\">vulnerabilizadas por la sociedad.<\/span><\/p>\n<p style=\"text-align: justify;\"><span dir=\"ltr\" role=\"presentation\">Seguiremos reivindicando a la Junta de Andaluc\u00eda el mantenimiento de los los Centros <\/span><span dir=\"ltr\" role=\"presentation\">Municipales de Informaci\u00f3n a las Mujeres y el resto de recursos existentes para la <\/span><span dir=\"ltr\" role=\"presentation\">atenci\u00f3n de las mujeres v\u00edctimas de violencia machista.<\/span><\/p>\n<p style=\"text-align: justify;\"><span dir=\"ltr\" role=\"presentation\">As\u00ed mismo, instamos a los ayuntamientos de la provincia para que sigan muy de <\/span><span dir=\"ltr\" role=\"presentation\">cerca las llamadas de las mujeres que demanden atenci\u00f3n en sus municipios.<\/span><\/p>\n<h3 style=\"text-align: justify;\"><span dir=\"ltr\" role=\"presentation\">Salir de la violencia es posible y es responsabilidad de<\/span> <span dir=\"ltr\" role=\"presentation\">todas y de todos.<\/span><\/h3>\n<p style=\"text-align: justify;\"><span dir=\"ltr\" role=\"presentation\">Exigimos el compromiso de mantener y avanzar en las pol\u00edticas de igualdad.<\/span><span dir=\"ltr\" role=\"presentation\">Por todo ello, os invitamos a que compart\u00e1is nuestra lucha,<\/span><\/p>\n<p style=\"text-align: justify;\"><span dir=\"ltr\" role=\"presentation\">SI TOCAN A UNA, NOS TOCAN A TODAS!<\/span><\/p>\n<p style=\"text-align: justify;\"><span dir=\"ltr\" role=\"presentation\">CONTRA LAS VIOLENCIAS MACHISTAS <\/span><span dir=\"ltr\" role=\"presentation\">NOS CUIDAMOS, NOS LEVANTAMOS Y LUCHAMOS<\/span><\/p>\n<p style=\"text-align: justify;\"><span dir=\"ltr\" role=\"presentation\">\u00a1NOS QUEREMOS VIVAS!! <\/span><span dir=\"ltr\" role=\"presentation\">\u00a1NI UNA MENOS\u00a1\u00a1<\/span><\/p>\n<p style=\"text-align: justify;\"><span dir=\"ltr\" role=\"presentation\">\u00a1\u00a1ERRADICAR LA VIOLENCIA DE G\u00c9NERO ES COSA DE TODAS Y DE TODOS!!<\/span><br role=\"presentation\" \/><br \/>\n<br role=\"presentation\" \/><br \/>\n<span dir=\"ltr\" role=\"presentation\">Plataforma 8M\/25N- Granada<\/span><br role=\"presentation\" \/><br \/>\n<span dir=\"ltr\" role=\"presentation\">Espacio Feminismo Unitario de Gran\u00e1<\/span><\/p>\n<p style=\"text-align: justify;\"><span dir=\"ltr\" role=\"presentation\">Granada, 3 de enero de 2023<\/span><\/p>\n<p><a href=\"https:\/\/i0.wp.com\/miradordeatarfe.es\/wp-content\/uploads\/2023\/01\/323636139_1134222790606951_5124992748412495468_n.jpg?ssl=1\"><img data-recalc-dims=\"1\" loading=\"lazy\" decoding=\"async\" class=\"alignnone size-full wp-image-58443\" src=\"https:\/\/i0.wp.com\/miradordeatarfe.es\/wp-content\/uploads\/2023\/01\/323636139_1134222790606951_5124992748412495468_n.jpg?resize=640%2C452&#038;ssl=1\" alt=\"\" width=\"640\" height=\"452\" srcset=\"https:\/\/i0.wp.com\/miradordeatarfe.es\/wp-content\/uploads\/2023\/01\/323636139_1134222790606951_5124992748412495468_n.jpg?w=720&amp;ssl=1 720w, https:\/\/i0.wp.com\/miradordeatarfe.es\/wp-content\/uploads\/2023\/01\/323636139_1134222790606951_5124992748412495468_n.jpg?resize=300%2C212&amp;ssl=1 300w\" sizes=\"auto, (max-width: 640px) 100vw, 640px\" \/><\/a><\/p>\n<div class=\"page\" role=\"region\" data-page-number=\"3\" aria-label=\"P\u00e1gina 3\" data-loaded=\"true\">\n<div class=\"annotationEditorLayer\" style=\"text-align: justify;\" tabindex=\"0\" data-main-rotation=\"0\">\u00a0<\/div>\n<\/div>\n<div class=\"page\" role=\"region\" data-page-number=\"4\" aria-label=\"P\u00e1gina 4\" data-loaded=\"true\">\n<div class=\"canvasWrapper\">\u00a0<\/div>\n<\/div>\n","protected":false},"excerpt":{"rendered":"<p>CONCENTRACI\u00d3N : DIA 3 DE ENERO A LAS 18:30 EN PLAZA NUEVA La Plataforma 8&#8230;<\/p>\n","protected":false},"author":1,"featured_media":58444,"comment_status":"closed","ping_status":"closed","sticky":false,"template":"","format":"standard","meta":{"_coblocks_attr":"","_coblocks_dimensions":"","_coblocks_responsive_height":"","_coblocks_accordion_ie_support":"","jetpack_post_was_ever_published":false,"_jetpack_newsletter_access":"","_jetpack_dont_email_post_to_subs":false,"_jetpack_newsletter_tier_id":0,"_jetpack_memberships_contains_paywalled_content":false,"_jetpack_memberships_contains_paid_content":false,"footnotes":"","jetpack_publicize_message":"","jetpack_publicize_feature_enabled":true,"jetpack_social_post_already_shared":true,"jetpack_social_options":{"image_generator_settings":{"template":"highway","default_image_id":0,"enabled":false},"version":2}},"categories":[1161,14,44,15],"tags":[3354,2150,41],"class_list":["post-58442","post","type-post","status-publish","format-standard","has-post-thumbnail","hentry","category-ciudadania","category-feminismo","category-noticias-de-hoy","category-ultimas-noticias","tag-asesinatos-de-mujeres","tag-concentracion","tag-feminismo"],"jetpack_publicize_connections":[],"jetpack_featured_media_url":"https:\/\/i0.wp.com\/miradordeatarfe.es\/wp-content\/uploads\/2023\/01\/5526416759448104377.jpeg?fit=500%2C261&ssl=1","jetpack_likes_enabled":true,"jetpack_sharing_enabled":true,"_links":{"self":[{"href":"https:\/\/miradordeatarfe.es\/index.php?rest_route=\/wp\/v2\/posts\/58442","targetHints":{"allow":["GET"]}}],"collection":[{"href":"https:\/\/miradordeatarfe.es\/index.php?rest_route=\/wp\/v2\/posts"}],"about":[{"href":"https:\/\/miradordeatarfe.es\/index.php?rest_route=\/wp\/v2\/types\/post"}],"author":[{"embeddable":true,"href":"https:\/\/miradordeatarfe.es\/index.php?rest_route=\/wp\/v2\/users\/1"}],"replies":[{"embeddable":true,"href":"https:\/\/miradordeatarfe.es\/index.php?rest_route=%2Fwp%2Fv2%2Fcomments&post=58442"}],"version-history":[{"count":3,"href":"https:\/\/miradordeatarfe.es\/index.php?rest_route=\/wp\/v2\/posts\/58442\/revisions"}],"predecessor-version":[{"id":58447,"href":"https:\/\/miradordeatarfe.es\/index.php?rest_route=\/wp\/v2\/posts\/58442\/revisions\/58447"}],"wp:featuredmedia":[{"embeddable":true,"href":"https:\/\/miradordeatarfe.es\/index.php?rest_route=\/wp\/v2\/media\/58444"}],"wp:attachment":[{"href":"https:\/\/miradordeatarfe.es\/index.php?rest_route=%2Fwp%2Fv2%2Fmedia&parent=58442"}],"wp:term":[{"taxonomy":"category","embeddable":true,"href":"https:\/\/miradordeatarfe.es\/index.php?rest_route=%2Fwp%2Fv2%2Fcategories&post=58442"},{"taxonomy":"post_tag","embeddable":true,"href":"https:\/\/miradordeatarfe.es\/index.php?rest_route=%2Fwp%2Fv2%2Ftags&post=58442"}],"curies":[{"name":"wp","href":"https:\/\/api.w.org\/{rel}","templated":true}]}}