{"id":58457,"date":"2023-01-07T10:11:58","date_gmt":"2023-01-07T09:11:58","guid":{"rendered":"https:\/\/miradordeatarfe.es\/?p=58457"},"modified":"2023-01-05T14:23:47","modified_gmt":"2023-01-05T13:23:47","slug":"23-retos-para-la-granada-de-2023","status":"publish","type":"post","link":"https:\/\/miradordeatarfe.es\/?p=58457","title":{"rendered":"23 retos para la Granada de 2023"},"content":{"rendered":"<h3 class=\"single-subtitle\" style=\"text-align: justify;\">Los cortes de luz en la zona Norte, las infraestructuras prometidas, los sue\u00f1os deportivos o el cambio de modelo productivo, algunos de ellos<\/h3>\n<p style=\"text-align: justify;\">El 2022 ya es pasado. Como cada 1 de enero, el mundo saluda la llegada de un nuevo a\u00f1o en el que se repite la manida letan\u00eda de los prop\u00f3sitos que nunca se cumplen. <strong>La lista de tareas para Granada en 2023<\/strong> es amplia. Lo propio de un territorio con su poblaci\u00f3n y caracter\u00edsticas. Ante la imposibilidad de abarcarlas todas, las hemos resumido en un n\u00famero tan significativo como trascendental es para la capital y el resto de municipios el a\u00f1o que comienza. Estos son los 23 retos que afronta la provincia de Granada en 2023.<\/p>\n<h3 style=\"text-align: justify;\">Cortes de luz en la zona Norte<\/h3>\n<p style=\"text-align: justify;\">Y lo primero es la emergencia social. Por encima de candidaturas, sue\u00f1os en clave deportiva o infraestructuras est\u00e1 la dignidad de los vecinos de la zona Norte. <strong><a href=\"https:\/\/www.granadadigital.es\/cortes-luz-zona-norte-problema-sin-solucion-continuidad-diez-anos\/\" target=\"_blank\" rel=\"noopener noreferrer\">Son m\u00e1s de diez a\u00f1os aguantando los reiterados cortes del suministro el\u00e9ctrico<\/a><\/strong>. En 2022, los pol\u00edticos e instituciones de todos los signos demostraron altura de miras para acordar un presupuesto y remar juntos a fin de intentar que el Gobierno eligiera Granada como sede de la Agencia Estatal de Inteligencia Artificial. Va tocando un consenso a\u00fan mayor, y mucho m\u00e1s importante que consiga poner fin a esta situaci\u00f3n tercermundista.<\/p>\n<h3 style=\"text-align: justify;\">Seguir mejorando las cifras de empleo<\/h3>\n<p style=\"text-align: justify;\">En noviembre, Granada experiment\u00f3 una bajada, la segunda consecutiva, de 864 personas en la cifra de parados (un 1,06% m\u00e1s que el mes anterior) hasta situar el guarismo total en 80.795. Tambi\u00e9n aument\u00f3 la contrataci\u00f3n, con 30.874 nuevos acuerdos firmados. Pero la mejor noticia, sin duda, son los 124.318 contratos indefinidos que ya alcanza la provincia, y que representan un 33,08% sobre el total de 375.756. Es decir, que <strong><a href=\"https:\/\/www.granadadigital.es\/uno-cada-tres-contratos-granada-indefinidos\/\" target=\"_blank\" rel=\"noopener noreferrer\">uno de cada tres contratos en Granada ya son indefinidos<\/a><\/strong>. Pero no es suficiente. Este porcentaje es ligeramente m\u00e1s elevado (34,54%) a nivel andaluz y ostensiblemente en el conjunto de Espa\u00f1a (38,33%). En unos d\u00edas, el Ministerio de Trabajo publicar\u00e1 el paro del \u00faltimo mes del a\u00f1o y ser\u00e1 el momento de ver si la provincia sigue mejorando en este apartado.<\/p>\n<h3 style=\"text-align: justify;\">Ampliaci\u00f3n del Metro de Granada<\/h3>\n<p style=\"text-align: justify;\">\u00abEl a\u00f1o 2023 ser\u00e1 el a\u00f1o de la ampliaci\u00f3n del Metro de Granada\u00bb. As\u00ed de tajante y optimista se mostraba la consejera de Fomento de la Junta de Andaluc\u00eda, Marifr\u00e1n Carazo, en la presentaci\u00f3n de las partidas econ\u00f3micas que los presupuestos andaluces reservan para Granada. El Ejecutivo auton\u00f3mico <strong><a href=\"https:\/\/www.granadadigital.es\/junta-andalucia-aprueba-licitar-obras-ampliacion-sur-metro-granada\/\" target=\"_blank\" rel=\"noopener noreferrer\">ya ha aprobado licitar las obras de la ampliaci\u00f3n sur del Metro<\/a><\/strong>. Las cuentas andaluzas regar\u00e1n la provincia con un total de 488,7 millones de euros, de los que 190 llegar\u00e1n desde la Consejer\u00eda de Fomento y 70 solo en inversiones para el Metro de Granada, a los que hay que a\u00f1adir 51 millones m\u00e1s en gastos de explotaci\u00f3n y pago de los cr\u00e9ditos de la obra. La Junta destinar\u00e1 este a\u00f1o 20 millones de euros de Fondos Next Generation para la prolongaci\u00f3n sur hacia Churriana de la Vega y Las Gabias, adem\u00e1s de 28 millones para ocho nuevos trenes que se incorporar\u00e1n a la flota. As\u00ed, el Gobierno andaluz se ha apuntado el tanto de una inversi\u00f3n millonaria que permitir\u00e1 garantizar las actuaciones previstas en 2023. Otra cosa en qu\u00e9 debe traducirse ese esfuerzo econ\u00f3mico. El debate surgi\u00f3 a ra\u00edz de la propuesta del Ayuntamiento de la capital de extender el suburbano por los barrios hasta puntos estrat\u00e9gicos, como el Aeropuerto, en lugar de por el centro. Y a tenor del <strong><a href=\"https:\/\/www.granadadigital.es\/granadinos-opinan-prioridad-ampliacion-metro-centro-barrios-aeropuerto\/\" target=\"_blank\" rel=\"noopener noreferrer\">clamor ciudadano<\/a><\/strong>, aqu\u00ed s\u00ed que parece que el Consistorio se lleva el gato al agua.<\/p>\n<h3 style=\"text-align: justify;\">D\u00e9ficit ferroviario<\/h3>\n<p style=\"text-align: justify;\">El planteamiento de este reportaje limitaba a 23 el n\u00famero de proyectos y retos pendientes, por lo que hab\u00eda que sintetizar. Solo los relativos a infraestructuras ferroviarias dan para al menos cuatro ep\u00edgrafes: la <strong><a href=\"https:\/\/www.granadadigital.es\/granada-presupuestos-generales-estado-gobierno-inyecta-110-millones-variante-loja-desdoble-via-ave-bobadilla\/\" target=\"_blank\" rel=\"noopener noreferrer\">Variante de Loja<\/a><\/strong>, la <strong><a href=\"https:\/\/www.granadadigital.es\/secretario-general-infraestructuras-asegura-proyectar-tren-motril-es-extramadamente-complejo\/\" target=\"_blank\" rel=\"noopener noreferrer\">conexi\u00f3n entre la capital y el Puerto de Motril<\/a><\/strong>, el <strong><a href=\"https:\/\/www.granadadigital.es\/transportes-presenta-avance-estudio-funcional-tramo-corredor-mediterraneo-granada-almeria\/\" target=\"_blank\" rel=\"noopener noreferrer\">Corredor Mediterr\u00e1neo<\/a><\/strong> y la <strong><a href=\"https:\/\/www.granadadigital.es\/gobierno-adjudica-contrato-estudio-informativo-linea-guadix-baza-almanzora-lorca\/\" target=\"_blank\" rel=\"noopener noreferrer\">l\u00ednea Guadix-Baza-Almanzora-Lorca<\/a><\/strong>. Puestos uno detr\u00e1s del otro se entiende por qu\u00e9 se habla en Granada de \u00abd\u00e9ficit en materia de infraestructuras ferroviarias\u00bb. Por partes. Los Presupuestos Generales del Estado contemplan 67,8 millones de euros para la Variante de Loja y otros 48 para el desdoble de las v\u00edas del AVE en Bobadilla. Menos halag\u00fce\u00f1o es el horizonte del tren a Motril. No hay partidas a la vista, a lo que hay que a\u00f1adir el &#8216;portazo&#8217; del secretario general de Infraestructuras, Xavier Flores, quien calific\u00f3 el proyecto de \u00abextremadamente complejo\u00bb y present\u00f3 \u00abalguna duda sobre hasta qu\u00e9 punto\u00bb puede tener \u00abviabilidad\u00bb. Mejores noticias dej\u00f3 la comparecencia del delegado del Gobierno en Andaluc\u00eda, el bastetano Pedro Fern\u00e1ndez, sobre la puesta en marcha de la l\u00ednea Guadix-Baza-Almanzora-Lorca. Fern\u00e1ndez anunci\u00f3 el contrato de servicios para redactar el estudio informativo, con un presupuesto de 979.194,48 euros y un plazo de ejecuci\u00f3n de 24 meses. Tambi\u00e9n Xavier Flores present\u00f3 el avance del estudio funcional del tramo Granada-Almer\u00eda del Corredor Mediterr\u00e1neo. Algo es algo.<\/p>\n<h3 style=\"text-align: justify;\">Conducciones de la presa de Rules<\/h3>\n<p style=\"text-align: justify;\">El Bolet\u00edn Oficial del Estado (BOE) public\u00f3 a principios de diciembre el anuncio de la Subdirecci\u00f3n General de Dominio P\u00fablico Hidr\u00e1ulico e Infraestructuras de la Direcci\u00f3n General del Agua, dependiente del Ministerio de Transici\u00f3n Ecol\u00f3gica y Reto Demogr\u00e1fico, relativo a la informaci\u00f3n p\u00fablica de la relaci\u00f3n de bienes y derechos afectados por el proyecto de construcci\u00f3n de las conducciones derivadas del sistema de presas B\u00e9znar-Rules, desglosado n\u00famero 9. Tras este galimat\u00edas se halla \u00abel <strong><a href=\"https:\/\/www.granadadigital.es\/publicada-relacion-bienes-afectados-desglosado-9-canalizaciones-presa-rules\/\" target=\"_blank\" rel=\"noopener noreferrer\">paso previo para que quede definitivamente aprobado el proyecto<\/a><\/strong> y se est\u00e9 en disposici\u00f3n de licitar las obras en 2023, una vez que se firme el preceptivo convenio de colaboraci\u00f3n entre Acuaes, la Comunidad General de Regantes y la Mancomunidad de Municipios, como beneficiarios y usuarios de estas obras\u00bb, seg\u00fan explic\u00f3 la subdelegada del Gobierno en Granada, Inmaculada L\u00f3pez Calahorro. O, en resumidas cuentas, que las obras deben licitarse ya este a\u00f1o. Pero el sistema B\u00e9znar-Rules no es la \u00fanica cuenta pendiente de la Costa Tropical, que tambi\u00e9n sigue esperando la construcci\u00f3n de los espigones y el tren a Motril, sobre el que se abundar\u00e1 m\u00e1s adelante. Son asuntos b\u00e1sicos y deben ponerse ya en marcha.<\/p>\n<h3 style=\"text-align: justify;\">Aeropuerto, Puerto y otras infraestructuras<\/h3>\n<p style=\"text-align: justify;\">Tanto el Aeropuerto Federico Garc\u00eda Lorca Granada-Ja\u00e9n como el Puerto de Motril han abordado en 2022 dos actuaciones para mejorar su servicio. En el primer caso se trata de <strong><a href=\"https:\/\/www.granadadigital.es\/obras-nuevo-edificio-la-estiba-puerto-motril-entran-recta-final\/\" target=\"_blank\" rel=\"noopener noreferrer\">una nueva obra en el edificio de la terminal<\/a><\/strong> que sumar\u00e1 a este tres puertas de embarque \u2013una de ellas, para tr\u00e1fico internacional &#8216;No Schengen&#8217;\u2013, varias salas multiusos, una nueva sala de autoridades y el parking asociado a la misma. El Puerto encara <strong><a href=\"https:\/\/www.granadadigital.es\/obras-nuevo-edificio-la-estiba-puerto-motril-entran-recta-final\/\" target=\"_blank\" rel=\"noopener noreferrer\">la recta final de su nuevo edificio de estiba<\/a><\/strong>. Pero hace falta mucho m\u00e1s, como la suma de m\u00e1s destinos nacionales e internacionales en el caso de la terminal de Chauchina o la consolidaci\u00f3n de la d\u00e1rsena motrile\u00f1a como puerta de entrada a la provincia para cruceristas, y no solo para jeques de la dictadura emirat\u00ed. Otras infraestructuras de transporte que tienen que avanzar en su ejecuci\u00f3n durante 2023 son las VAU, las nuevas estaciones de autobuses de Loja y Hu\u00e9scar, el nuevo acceso por carretera a la Alpujarra, carriles bici o la autov\u00eda del Almanzora, por poner solo algunos ejemplos.<\/p>\n<h3 style=\"text-align: justify;\">El futuro de Sierra Nevada<\/h3>\n<p style=\"text-align: justify;\">El cambio clim\u00e1tico afecta cada vez de una forma m\u00e1s acentuada a la nieve. Sin ir m\u00e1s lejos, este a\u00f1o la estaci\u00f3n abri\u00f3 con la nieve justa para apenas habilitar un par de kil\u00f3metros esquiables. Sierra Nevada, no obstante, sigue siendo y ser\u00e1 por bastante tiempo a\u00fan uno de los motores econ\u00f3micos de la provincia. Para la temporada actual se han sustituido dos viejos medios mec\u00e1nicos de acceso a las pistas por nuevos sistemas m\u00e1s modernos y eficaces. Se trata de los <strong><a href=\"https:\/\/www.granadadigital.es\/comienzan-obras-sustitucion-remontes-emile-allais-veleta-sierra-nevada-granada\/\" target=\"_blank\" rel=\"noopener noreferrer\">telesillas Emile Allais y Veleta II<\/a><\/strong>, que ha cambiado de nombre y ahora pasar\u00e1 a llamarse Alhambra. Pero hay m\u00e1s. La empresa que gestiona la estaci\u00f3n invernal present\u00f3 recientemente su <strong><a href=\"https:\/\/www.granadadigital.es\/el-plan-estrategico-de-sierra-nevada-contempla-una-inversion-de-casi-400-millones-de-euros\/\" target=\"_blank\" rel=\"noopener noreferrer\">Plan Estrat\u00e9gico 20\/30<\/a><\/strong>. Un documento que prev\u00e9 una inversi\u00f3n para los pr\u00f3ximos siete a\u00f1os de uno 400 millones de euros y que define l\u00edneas estrat\u00e9gicas como la renovaci\u00f3n o puesta en marcha de un total de nueve remontes, la sustituci\u00f3n del telesilla Parador por un funicular o nuevas infraestructuras para seguir mejorando la experiencia de los miles de usuarios que cada a\u00f1o eligen las altas cumbres granadinas para practicar su deporte favorito. <strong><a href=\"https:\/\/www.granadadigital.es\/comienza-funcionar-reten-bomberos-sierra-nevada\/\" target=\"_blank\" rel=\"noopener noreferrer\">En 2022 tambi\u00e9n comenz\u00f3 a funcionar el tantas veces demorado ret\u00e9n de bomberos<\/a><\/strong>.<\/p>\n<h3 style=\"text-align: justify;\">Universidad de Granada<\/h3>\n<p style=\"text-align: justify;\">El calendario electoral no solo llama a la puerta de ayuntamientos y diputaciones. Tambi\u00e9n a la de algunas autonom\u00edas, a las La Moncloa y, en Granada, adem\u00e1s, a las que abren la puerta del Hospital Real. La Universidad de Granada tendr\u00e1 nuevo rector despu\u00e9s de que <strong><a href=\"https:\/\/www.granadadigital.es\/ugr-celebra-acto-apertura-curso-academico-2022-23-ultimo-pilar-aranda-rectora\/\" target=\"_blank\" rel=\"noopener noreferrer\">Pilar Aranda haya consumido el plazo m\u00e1ximo estipulado para estar al frente de la instituci\u00f3n acad\u00e9mica<\/a><\/strong>. La UGR contar\u00e1 con 565 millones de euros de presupuesto para un a\u00f1o en el que seguir\u00e1 apostando por afianzar ecosistemas cient\u00edficos y tecnol\u00f3gicos como el de la inteligencia artificial, que le han valido para ser la <strong><a href=\"https:\/\/www.granadadigital.es\/ugr-tercera-universidad-europa-inteligencia-artificial-unica-espanola-top-10\/\" target=\"_blank\" rel=\"noopener noreferrer\">tercera universidad de Europa<\/a><\/strong> y la \u00fanica de Espa\u00f1a en el top 10 del ranking sobre excelencia en este \u00e1mbito. El Ranking de Shang\u00e1i tambi\u00e9n la ha colocado como una de las cinco mejores universidades espa\u00f1olas y cuenta con 127 de los m\u00e1s influyentes investigadores del mundo, seg\u00fan Stanford.<\/p>\n<h3 style=\"text-align: justify;\">&#8216;Granada Respira&#8217; y Zona de Bajas Emisiones<\/h3>\n<p style=\"text-align: justify;\">Se trata de los dos mascarones de proa sobre los que se asienta la decidida apuesta de Granada por la sostenibilidad medioambiental. Pero no son los \u00fanicos. El proyecto de renaturalizaci\u00f3n del Genil ya cuenta con partidas del Gobierno para su puesta en marcha y en el horizonte hay propuestas como la paulatina transformaci\u00f3n de la Vega de Granada en un parque periurbano gigante al estilo de la Casa de Campo. Esto \u00faltimo es, de momento, una enso\u00f1aci\u00f3n y queda lejos. Tambi\u00e9n est\u00e1 el llamado &#8216;Anillo Verde&#8217;. Pero m\u00e1s vale hablar de lo inmediato. El<strong> <a href=\"https:\/\/www.granadadigital.es\/video-cinco-nuevos-pulmones-verdes-con-hasta-7-000-arboles-gracias-al-proyecto-granada-respira\/\" target=\"_blank\" rel=\"noopener noreferrer\">proyecto &#8216;Granada Respira&#8217;<\/a> <\/strong>ya tiene luz &#8216;verde&#8217; y debe avanzar este a\u00f1o. Contempla cinco nuevos pulmones verdes con una extensi\u00f3n total de casi 100.000 metros cuadrados y hasta 7.000 \u00e1rboles, as\u00ed como una inversi\u00f3n de 3,2 millones de euros. Uno de esos parques, el de Bobadilla, dispondr\u00e1 de un gran lago artificial para el recreo de las familias. M\u00e1s pronto estar\u00e1 operativa la Zona de Bajas Emisiones (ZBE), pues el plazo m\u00e1ximo para su entrada en vigor es final del a\u00f1o reci\u00e9n estrenado.<strong> <a href=\"https:\/\/www.granadadigital.es\/adjudicadas-nuevas-inversiones-implantacion-zona-bajas-emisiones-granada\/\" target=\"_blank\" rel=\"noopener noreferrer\">El &#8216;Madrid Central&#8217; a la granadina ya tiene partidas<\/a> <\/strong>y ser\u00e1 una realidad en los pr\u00f3ximos meses.<\/p>\n<h3 style=\"text-align: justify;\">Actuaciones de patrimonio<\/h3>\n<p style=\"text-align: justify;\">Se habla mucho del fiasco de la AESIA, el cambio de modelo productivo que nunca llega o la falta de iniciativa para poner a la ciudad donde se merece. Y s\u00ed, es verdad. Pero Granada sigue teniendo su &#8216;joya&#8217;. No es mal de muchos. Es una realidad. El 2022 ha sido el a\u00f1o de la recuperaci\u00f3n total de la Alhambra, <strong><a href=\"https:\/\/www.granadadigital.es\/alhambra-roza-23-millones-visitas-ano-2022-recupera-cifras-previas-pandemia\/\" target=\"_blank\" rel=\"noopener noreferrer\">volviendo a cifras previas a la pandemia<\/a><\/strong> y recibiendo <strong><a href=\"https:\/\/www.granadadigital.es\/granada-sergio-ramos-disfruta-alhambra-albayzin-vacaciones\/\" target=\"_blank\" rel=\"noopener noreferrer\">nuevos e ilustres visitantes<\/a><\/strong>. Con todo, la estrategia m\u00e1s ambiciosa para su conservaci\u00f3n y potenciamiento a nivel cultural, el llamado Plan Alhambra, a\u00fan tiene <strong><a href=\"https:\/\/www.granadadigital.es\/cultura-muestra-preocupacion-retraso-dos-grandes-proyectos-ayuntamiento-plan-alhambra\/\" target=\"_blank\" rel=\"noopener noreferrer\">proyectos y actuaciones pendientes de llevarse a cabo<\/a><\/strong>. La Muralla Zir\u00ed de Granada, las villas romanas de Los Mondragones y la plaza Poeta Rafael Guill\u00e9n o el Marist\u00e1n tienen que encontrar en 2023 un nuevo horizonte de oportunidad.<\/p>\n<h3 style=\"text-align: justify;\">Unificaci\u00f3n de las sedes judiciales<\/h3>\n<p style=\"text-align: justify;\">El a\u00f1o 2023 es el fijado como fecha tope por la Junta de Andaluc\u00eda para resolver el nudo gordiano de la dispersi\u00f3n judicial en Granada. La propuesta del Ayuntamiento es concentrar todas las sedes en el centro, dentro del ya definido eje Caleta-Gran V\u00eda-Plaza Nueva. El <strong><a href=\"https:\/\/www.granadadigital.es\/nieto-aboga-resolver-debate-ubicacion-sedes-judiciales\/\" target=\"_blank\" rel=\"noopener noreferrer\">Ejecutivo auton\u00f3mico<\/a><\/strong>, sin embargo, parece m\u00e1s proclive a la concentraci\u00f3n absoluta en un solo complejo que funcione como futura ciudad de la justicia. Propuestas no han faltado. Desde habilitar edificios ya construidos como la Delegaci\u00f3n de Salud, la sede del SEPE, el antiguo Cl\u00ednico y hasta El Cubo de CajaGranada Fundaci\u00f3n y CaixaBank hasta construir nuevos macroinmuebles en solares ubicados en Los Mondragones o la calle Acacias, en la barriada de Las Torres del Distrito Chana. La remodelaci\u00f3n de las \u00faltimas plantas del complejo de Caleta ayudar\u00e1n a aliviar el atasco judicial, mas no ser\u00e1 suficiente. La comunidad judicial apremia a una soluci\u00f3n inmediata. Ayer habr\u00eda sido mejor que hoy, y hoy mejor que ma\u00f1ana.<\/p>\n<h3 style=\"text-align: justify;\">Nuevo PGOU de la capital<\/h3>\n<p style=\"text-align: justify;\">El Ayuntamiento de Granada habilit\u00f3 en abril una web de participaci\u00f3n ciudadana para participar en el llamado Nuevo Plan General Granada. El avance de la futura norma que regir\u00e1 el pr\u00f3ximo ordenamiento urban\u00edstico en la capital ya ha permitido desarrollar cinco documentos. Todos est\u00e1n incluidos en el citado portal. Se trata del informe previo, un manual para la participaci\u00f3n ciudadana; el de informaci\u00f3n, objetivos y participaci\u00f3n; la elaboraci\u00f3n del avance y dinamizaci\u00f3n de la participaci\u00f3n \u2013el m\u00e1s extenso de todos\u2013 y el de los resultados de las jornadas de participaci\u00f3n, que incluye las <strong><a href=\"https:\/\/www.granadadigital.es\/peticiones-demandadas-distritos-nuevo-pgou\/\" target=\"_blank\" rel=\"noopener noreferrer\">peticiones m\u00e1s demandadas en los ocho distritos de la ciudad<\/a><\/strong>.\u00a0La pretensi\u00f3n del equipo de Gobierno liderado por el alcalde Paco Cuenca y el concejal de Urbanismo Miguel \u00c1ngel Fern\u00e1ndez Madrid es tener el avance del PGOU aprobado antes del final del mandato.<\/p>\n<h3 style=\"text-align: justify;\">Resolver el l\u00edo de la tasa tur\u00edstica<\/h3>\n<p style=\"text-align: justify;\">Junto a la diatriba centro-barrios en la ampliaci\u00f3n del Metro, el debate en torno a la tasa tur\u00edstica ha sido la otra gran ri\u00f1a entre Ayuntamiento de Granada y Junta de Andaluc\u00eda. Y promete serlo tambi\u00e9n en la precampa\u00f1a y la campa\u00f1a del 28M. La pol\u00e9mica comenz\u00f3 cuando Paco Cuenca hizo p\u00fablica su postura favorable a este gravamen al turismo. Desde San Telmo le replicaron que ahora \u00abno toca\u00bb y hasta hubo una reuni\u00f3n a dos bandas Moreno-Cuenca en el mismo palacio sevillano que alberga la sede del Ejecutivo andaluz. En su caminar, Cuenca tambi\u00e9n se ha encontrado con la oposici\u00f3n \u00abfrontal\u00bb de los hosteleros. No obstante, todo parece indicar que este impuesto terminar\u00e1 imponi\u00e9ndose antes o despu\u00e9s como ya lo ha hecho en Catalu\u00f1a o Islas Baleares. Porque emulando la mejor ret\u00f3rica de Mariano Rajoy, hay que decir que \u00abun dato es un dato\u00bb. Y los datos dicen que una tasa similar a la planteada por Granada, un euro por persona y noche en r\u00e9gimen general, es la responsable de que en el archipi\u00e9lago ya se hayan recaudado <strong><a href=\"https:\/\/www.granadadigital.es\/tasa-turistica-granada-recaudacion-409-millones-euros-islas-baleares\/\" target=\"_blank\" rel=\"noopener noreferrer\">m\u00e1s de 400 millones de euros desde 2016<\/a><\/strong>.<\/p>\n<h3 style=\"text-align: justify;\">Elecciones municipales<\/h3>\n<p style=\"text-align: justify;\">La fecha fijada es la del 28 de mayo. Lo que se sabe por el momento es que Paco Cuenca repetir\u00e1 como candidato a la Alcald\u00eda de Granada. No as\u00ed Antonio Cambril, que ya anunci\u00f3 que no volver\u00e1 a concurrir por Unidas Podemos e Independientes. Las inc\u00f3gnitas est\u00e1n despejadas en Ciudadanos y Vox, que presentar\u00e1n a dos mujeres como Concha Ins\u00faa y Beatriz S\u00e1nchez Agustino, respectivamente. Y una mujer ser\u00e1 tambi\u00e9n la cabeza de lista del PP, mas queda la duda de si el nombre que figurar\u00e1 en la papeleta ser\u00e1 el de <strong><a href=\"https:\/\/www.granadadigital.es\/francisco-rodriguez-marifran-carazo-o-rocio-diaz-serian-magnificas-alcaldesas-granada\/\" target=\"_blank\" rel=\"noopener noreferrer\">Marifr\u00e1n Carazo o el de Roc\u00edo D\u00edaz<\/a><\/strong>. Sea como fuere, lo importante es que la ciudad no vuelva a vivir un vodevil como el del &#8216;2+2&#8217; en la primera parte de la legislatura que concluye en mayo. El otro gran aliciente de estos comicios apuntar\u00e1 a la calle Periodista Barrios Talavera, sede de la Diputaci\u00f3n de Granada. \u00bfContinuar\u00e1 Pepe Entrena al frente de la entidad provincial o habr\u00e1 nuevo presidente?<\/p>\n<h3 style=\"text-align: justify;\">Ecosistema de inteligencia artificial<\/h3>\n<p style=\"text-align: justify;\">El Gobierno local encabezado por Paco Cuenca presentar\u00e1 <strong><a href=\"https:\/\/www.granadadigital.es\/ayuntamiento-granada-presentara-recurso-sede-aesia-proximos-dias\/\" target=\"_blank\" rel=\"noopener noreferrer\">\u00aben los pr\u00f3ximos d\u00edas\u00bb<\/a><\/strong> el recurso a la elecci\u00f3n de La Coru\u00f1a como sede de la Agencia Estatal de Supervisi\u00f3n de la Inteligencia Artificial (AESIA) No obstante, se espera que lo haga m\u00e1s pronto que tarde. Mientras, en la Junta conf\u00edan en <strong><a href=\"https:\/\/www.granadadigital.es\/antonio-sanz-portavoz-gobierno-junta-andalucia-granada-sede-aesia\/\" target=\"_blank\" rel=\"noopener noreferrer\">que la justicia d\u00e9 la raz\u00f3n a la candidatura granadina<\/a><\/strong>. Al menos, el chasco recibido tras conocer que la AESIA se ir\u00e1 a La Coru\u00f1a hizo el adem\u00e1n de tornar en optimismo. Primero, por la unidad institucional mostrada en todo este tiempo en el que la candidatura granadina estuvo en liza. Segundo, por el aroma de practicismo que parece empezar a impregnar la pol\u00edtica local. La pretensi\u00f3n ahora es <strong><a href=\"https:\/\/www.granadadigital.es\/cuenca-propondra-convertir-comite-aesia-comision-captacion-proyectos-cientificos\/\" target=\"_blank\" rel=\"noopener noreferrer\">convertir el comit\u00e9 de la AESIA en una comisi\u00f3n de captaci\u00f3n de proyectos cient\u00edficos<\/a><\/strong>\u00a0que siga potenciando la marca Granada como ecosistema de inteligencia artificial. Ese debe ser el camino para todo.<\/p>\n<h3 style=\"text-align: justify;\">Acelerador de part\u00edculas IFMIF-Dones<\/h3>\n<p style=\"text-align: justify;\">2022 ha sido, sin duda, el a\u00f1o del acelerador de part\u00edculas IFMIF-Dones. Esc\u00fazar ha visto como se levanta los primeros edificios de la infraestructura cient\u00edfica y, lo m\u00e1s importante, se ha quedado como \u00fanica candidata a albergarla tras el descarte definitivo de Jap\u00f3n. Antes, a\u00f1os atr\u00e1s, tambi\u00e9n pugnaron otros pa\u00edses de Europa como Polonia o Croacia. Este \u00faltimo recibi\u00f3 la <strong><a href=\"https:\/\/www.granadadigital.es\/acuerdo-espana-croacia-nuevo-impulso-acelerador-particulas-granada\/\" target=\"_blank\" rel=\"noopener noreferrer\">visita de los Reyes de Espa\u00f1a, Felipe VI y Letizia,<\/a><\/strong> quienes apadrinaron la concurrencia granadina y firmaron en Zagreb junto a la ministra de Ciencia espa\u00f1ola, Diana Morant, y su hom\u00f3logo croata, Radovan Fuchs, el acuerdo que incluye a este pa\u00eds en el proyecto cient\u00edfico m\u00e1s importante no ya de Granada, sino de toda Espa\u00f1a.<\/p>\n<h3 style=\"text-align: justify;\">Agencia Estatal de Salud P\u00fablica<\/h3>\n<p style=\"text-align: justify;\">Bienvenidos a la otra gran apuesta de la Granada que desea cambiar su modelo productivo. Consumado el fracaso de la AESIA, la Agencia Estatal de Salud P\u00fablica es el segundo gran organismo de cuantos quiere descentralizar el Gobierno al que aspira la capital. Argumentos hay de sobra. No en vano, <strong><a href=\"https:\/\/www.granadadigital.es\/agencia-estatal-salud-publica-otro-organismo-aspira-granada-fiasco-agencia-estatal-inteligencia-artificial\/\" target=\"_blank\" rel=\"noopener noreferrer\">Joan Carles March ya ha puesto de manifiesto el potencial de la ciudad para albergar este futuro centro<\/a><\/strong>. No se trata de un apoyo cualquiera. March es una eminencia en este campo. Profesor de la Escuela Andaluza de Salud P\u00fablica (EASP), conduce el <strong><a href=\"https:\/\/www.granadadigital.es\/salud-a-todo-twitch-consigue-primer-premio-premios-afectivo-efectivo-janssen-catedras-en-red\/\" target=\"_blank\" rel=\"noopener noreferrer\">galardonado espacio <em>Salud a Todo Twitch<\/em><\/a><\/strong> en el canal que <strong>GranadaDigital<\/strong> tiene en la plataforma de <em>streaming<\/em>. Y este <strong><a href=\"https:\/\/www.granadadigital.es\/entrevista-maria-jose-sanchez-octava-investigadora-ranking-csic-granada-centro-estatal-salud-publica\/\" target=\"_blank\" rel=\"noopener noreferrer\">no ha sido el \u00fanico aliento de peso<\/a><\/strong> a las aspiraciones granadinas. La cuesti\u00f3n ser\u00e1 ver c\u00f3mo puede afectar el hecho de que, por ejemplo, la Junta de Andaluc\u00eda tuviera entre sus planes el desmantelamiento de la EASP y su sustituci\u00f3n por un Instituto Andaluz de Salud. Algo que, parece, qued\u00f3 en el pasado. Como en la AESIA, aqu\u00ed todas las administraciones tambi\u00e9n van a una. Otra cosa es lo que diga el Gobierno.<\/p>\n<h3 style=\"text-align: justify;\">Cumbres de la UE y desfile de las Fuerzas Armadas<\/h3>\n<p style=\"text-align: justify;\">La cumbre de la ONU celebrada en Madrid le fue como anillo al dedo a Pedro S\u00e1nchez. Tanto que incluso Alberto N\u00fa\u00f1ez Feij\u00f3o tuvo que felicitarle p\u00fablicamente. Una de las fotos m\u00e1s potentes fue la de todos los l\u00edderes en el Museo del Prado, junto al cuadro de Las Meninas. Y con esa misma aspiraci\u00f3n de brillantez tuvo la idea de que Granada sea la &#8216;capital&#8217; de Europa durante la presidencia espa\u00f1ola de la Uni\u00f3n Europea durante el segundo semestre de 2023. La ciudad acoger\u00e1 uno de los encuentros informales de jefes de estado y de gobierno, al igual que otras urbes del pa\u00eds, pero adem\u00e1s tambi\u00e9n ser\u00e1 escenario de la gran cumbre con 44 l\u00edderes europeos. Una foto que, en funci\u00f3n de diversas circunstancias, podr\u00eda terminar siendo hist\u00f3rica para el club de pa\u00edses comunitarios y del continente, as\u00ed como con una importante carga geopol\u00edtica, y que<strong><a href=\"https:\/\/www.granadadigital.es\/granada-pedro-sanchez-elige-alhambra-acoger-gran-cumbre-ue\/\" target=\"_blank\" rel=\"noopener noreferrer\"> todo apunta a que tendr\u00e1 lugar en la Alhambra<\/a><\/strong>. Granada tambi\u00e9n trabaja junto con Motril en la <strong><a href=\"https:\/\/www.granadadigital.es\/capital-impulsa-candidatura-sede-celebrar-dia-fuerzas-armadas\/\" target=\"_blank\" rel=\"noopener noreferrer\">celebraci\u00f3n del Desfile de las Fuerzas Armadas<\/a><\/strong>, que en 2023 se celebrar\u00e1 en ambas ciudades. Son dos oportunidades, sobre todo la primera, que la capital no puede dejar pasar para demostrar su capacidad organizativa y de gesti\u00f3n en grandes eventos y citas de talla mundial, y que deben reforzar la imagen de Granada como ciudad global.<\/p>\n<h3 style=\"text-align: justify;\">Capitalidad cultural y festivales de m\u00fasica<\/h3>\n<p style=\"text-align: justify;\">Parece que ya casi nadie se acuerda que un d\u00eda Granada present\u00f3 su candidatura a ser Capital Europea de la Cultura 2031. Es muy &#8216;grana\u00edno&#8217; eso de inflar el globo y luego que quede en el caj\u00f3n de los recuerdos, bajando el sufl\u00e9 al personal. Se ha tomado muy en serio la candidatura a la Agencia Estatal de Inteligencia Artificial y ese debe ser el espejo en el que fijarse. Lo que no es de recibo es que algo de tanto peso como una capitalidad cultural europea no se haya movido apenas en el \u00faltimo a\u00f1o. M\u00e1s que nada por el hecho de que no se trata de algo balad\u00ed, sino de una apuesta que se supone importante para una ciudad y que puede trasladar la impresi\u00f3n de cierta falta de inter\u00e9s. Si las instituciones retoman ese pulso podr\u00e1n volver a echar mano de argumentos tan s\u00f3lidos como la indiscutible escena musical de la ciudad, que este a\u00f1o por ejemplo <strong><a href=\"https:\/\/www.granadadigital.es\/concierto-solidario-granada-con-ucrania-miguel-rios-lori-meyers-solea-morente-para-la-eternidad\/\" target=\"_blank\" rel=\"noopener noreferrer\">reuni\u00f3 sobre el mismo escenario a varios de sus numerosos artistas locales<\/a><\/strong> por una buena causa. Volvi\u00f3 el Zaid\u00edn Rock y la <strong><a href=\"https:\/\/www.granadadigital.es\/resumen-2022-musica-fin-volvio-llenar-granada-pura-cultura\/\" target=\"_blank\" rel=\"noopener noreferrer\">pl\u00e9yade de festivales indie-pop-rock<\/a><\/strong> que han trufado de noches de ensue\u00f1o el firmamento del Cortijo del Conde. A ellos se han sumado nuevas propuestas como el Ciclo 1001 M\u00fasicas-CaixaBank, con artistas de la talla de Pablo Albor\u00e1n, Vanesa Mart\u00edn o Crystal Fighters. Y tambi\u00e9n desfilaron Serrat, Dellafuente, Maka,Mal\u00fa, Manuel Carrasco, Estopa, Dani Mart\u00edn o la <strong><a href=\"https:\/\/www.granadadigital.es\/concierto-rosalia-granada-plaza-toros-gira-motomami-world-tour-cilindros\/\" target=\"_blank\" rel=\"noopener noreferrer\">&#8216;Motomami&#8217; Rosal\u00eda<\/a><\/strong>.<\/p>\n<h3 style=\"text-align: justify;\">Ascenso del Granada<\/h3>\n<p style=\"text-align: justify;\">El fiasco que supuso descender a Segunda Divisi\u00f3n la temporada pasada tras un decepcionante \u00faltimo partido en Los C\u00e1rmenes frente al Espanyol no hizo sino henchir en su orgullo a la afici\u00f3n del Granada CF. Pero la primera vuelta de esta Liga 2022\/2023 no ha sido todo lo prolija que cab\u00eda esperar. El equipo es casi infalible en casa, pero a domicilio tiene n\u00fameros de descenso. El par\u00f3n del Mundial que al fin gan\u00f3 Messi y el ecuador del campeonato deja al Granada sexto clasificado, \u00faltimo puesto que da derecho a disputar el play off de ascenso. Y aunque algunos siguen confiando en un salto a la \u00e9lite por la v\u00eda directa, lo cierto es que mucho tendr\u00e1 que cambiar el panorama en la segunda rueda de la competici\u00f3n dom\u00e9stica para conseguirlo. El cambio de <strong><a href=\"https:\/\/www.granadadigital.es\/granada-cf-destituye-aitor-karanka\/\" target=\"_blank\" rel=\"noopener noreferrer\">Karanka<\/a><\/strong> por <strong><a href=\"https:\/\/www.granadadigital.es\/granada-cf-presentacion-paco-lopez-entrenador-quiero-construir-mentalidad-actitud-ganadoras\/\" target=\"_blank\" rel=\"noopener noreferrer\">Paco L\u00f3pez<\/a><\/strong> le ha mejorado la cara al equipo en sus desplazamientos, pero sigue presentando un d\u00e9ficit importante a nivel de resultados lejos del &#8216;coliseo del Zaid\u00edn&#8217;.<\/p>\n<h3 style=\"text-align: justify;\">Permanencia del Covir\u00e1n Granada<\/h3>\n<p style=\"text-align: justify;\">Tras un impresionante e inesperado arranque del equipo en la vuelta de la ciudad a la ACB tras m\u00e1s de una d\u00e9cada, la empresa se ha complicado tras dos reveses que, encima, han dado ox\u00edgeno a sendos rivales directo: <strong><a href=\"https:\/\/www.granadadigital.es\/cronica-coviran-granada-real-betis-acb-liga-endesa\/\" target=\"_blank\" rel=\"noopener noreferrer\">Real Betis<\/a><\/strong> y <strong><a href=\"https:\/\/www.granadadigital.es\/cronica-coviran-granada-casademont-zaragoza\/\" target=\"_blank\" rel=\"noopener noreferrer\">Casademont Zaragoza<\/a><\/strong>. Pero la cosa no queda ah\u00ed porque las lesiones se han cebado con una plantilla que ahora mismo pide a gritos al menos dos fichajes. Lo m\u00e1s preocupante no es el bagaje reciente, sino la n\u00f3mina de jugadores futura despu\u00e9s de las bajas de larga duraci\u00f3n de Cristiano Felicio y Luke Maye, la inc\u00f3gnita de Dejan Todorovic y la no continuidad de Prince Ali. Adem\u00e1s, Pablo Pin tampoco podr\u00e1 contar para las pr\u00f3ximas dos o tres semanas con David Iriarte. El t\u00e9cnico rojinegro sigue esperando los prometidos refuerzos que le permitan afrontar con garant\u00edas el reto de la salvaci\u00f3n. El calendario de aqu\u00ed al final de la primera vuelta tampoco invita al optimismo: Baskonia, Joventut de Badalona, Real Madrid y Girona. Hay que ganar al menos al equipo liderado en el palco y en la pista por Marc Gasol, que adem\u00e1s fue pareja de ascenso a la ACB el curso pasado.<\/p>\n<h3 style=\"text-align: justify;\">Concesi\u00f3n de Los C\u00e1rmenes y Ciudad Deportiva del Granada<\/h3>\n<p style=\"text-align: justify;\">La futura gesti\u00f3n del estadio municipal ha desatado una especie de &#8216;guerra fr\u00eda&#8217; entre el Granada CF y el Ayuntamiento de la capital. Y todo por un <strong><a href=\"https:\/\/www.granadadigital.es\/granada-cf-alegaciones-pliego-concesion-carmenes\/\" target=\"_blank\" rel=\"noopener noreferrer\">pliego de concesi\u00f3n a 30 a\u00f1os al que el club rojiblanco ha presentado dos alegaciones<\/a><\/strong>. La primera relativa al canon por el uso de la instalaci\u00f3n y la segunda por la explotaci\u00f3n de dos locales anexos al estadio que quedan fuera del contrato: los bajos del Centro de Medicina Deportiva y el de las oficinas de la Fundaci\u00f3n CB Granada. Este \u00faltimo ha reabierto las tan viejas como absurdas rencillas entre los m\u00e1ximos representantes del f\u00fatbol y el baloncesto granadino. Cabe recordarles a ambos que Girona \u2013apenas 100.000 habitantes en su capital y 780.000 en la provincia frente a los 230.000 y m\u00e1s de 920.000, respectivamente, de Granada\u2013 consigui\u00f3 la temporada pasada un hist\u00f3rico doble ascenso, mientras que aqu\u00ed seguimos esperando a que los astros se alineen para que ambos deportes coincidan en la \u00e9lite. Por cierto, que la concesi\u00f3n ha quedado desierta. Se ve\u00eda venir. El otro gran horizonte a nivel de gesti\u00f3n de instalaciones lo tiene el Granada CF en su <strong><a href=\"https:\/\/www.granadadigital.es\/granada-cf-segunda-fase-ampliacion-ciudad-deportiva\/\" target=\"_blank\" rel=\"noopener noreferrer\">Ciudad Deportiva, cuya segunda fase de ampliaci\u00f3n<\/a><\/strong> fue presentada por club y Ayuntamiento. Como todo, ahora solo falta que la levanten.<\/p>\n<h3 style=\"text-align: justify;\">Combatir la despoblaci\u00f3n<\/h3>\n<p style=\"text-align: justify;\">La Granada del futuro no se puede mirar solo con gafas de cerca. Porque m\u00e1s all\u00e1 de la visi\u00f3n capitalina y metropolitana, en lontananza, se advierten otras realidades que preocupan y mucho. Son las de las comarcas de comarcas como el Guadix o el Altiplano de Baza y Hu\u00e9scar, por poner tres ejemplos. La provincia se desangra demogr\u00e1ficamente por algunos de estos flancos. Pueblos que se vac\u00edan, otros que sufren el problema del aislamiento financiero y algunos a los que ya no le quedan ni tiendas. Es una situaci\u00f3n que obliga a las instituciones a poner todos sus recursos para evitar que se perpet\u00fae. En juego no solo est\u00e1 la p\u00e9rdida de equilibrio ciudad-campo, sino tambi\u00e9n la supervivencia de culturas, formas de vida y modelos de sociedad alternativos que una sociedad plural y diversa no puede permitirse perder. Este es <strong><a href=\"https:\/\/www.granadadigital.es\/presupuesto-diputacion-granada-2023-prioriza-proteccion-social-inversion-infraestructuras-lucha-contra-despoblacion\/\" target=\"_blank\" rel=\"noopener noreferrer\">uno de los caballos de batalla prioritarios de la Diputaci\u00f3n de Granada<\/a><\/strong>, pero debe serlo tambi\u00e9n del conjunto de la sociedad civil y la administraci\u00f3n. Desde la administraci\u00f3n local, tambi\u00e9n en los casos en los que no existe este riesgo de despoblaci\u00f3n, hasta la europea y global. Y por supuesto, incumbe a Junta de Andaluc\u00eda y Gobierno de Espa\u00f1a.<\/p>\n<p style=\"text-align: justify;\"><span class=\"single-new-date\">\u00a0<time class=\"updated\" datetime=\"2023-01-03T17:25:50+01:00\"><\/time>\u00a0<\/span><strong><span class=\"single-new-author\">Miguel L\u00f3pez Rivera<\/span><\/strong><\/p>\n<div class=\"single-new-img\" style=\"text-align: justify;\">\n<figure><figcaption class=\"caption wp-caption-text\">Los 23 retos de Granada para 2023, en im\u00e1genes | Collage: Elaboraci\u00f3n propia \/ Fotos: Archivo GD<\/figcaption><\/figure>\n<\/div>\n<div class=\"row single-new-content\">\n<div class=\"col-md-8 content-left\">\n<div class=\"single-new-header-meta text-muted\">\n<div class=\"single-new-date-author\" style=\"text-align: justify;\"><span class=\"single-new-date\">https:\/\/www.granadadigital.es\/23-retos-para-la-granada-2023\/<\/span><\/div>\n<\/div>\n<\/div>\n<\/div>\n","protected":false},"excerpt":{"rendered":"<p>Los cortes de luz en la zona Norte, las infraestructuras prometidas, los sue\u00f1os deportivos o&#8230;<\/p>\n","protected":false},"author":1,"featured_media":58460,"comment_status":"closed","ping_status":"closed","sticky":false,"template":"","format":"standard","meta":{"_coblocks_attr":"","_coblocks_dimensions":"","_coblocks_responsive_height":"","_coblocks_accordion_ie_support":"","jetpack_post_was_ever_published":false,"_jetpack_newsletter_access":"","_jetpack_dont_email_post_to_subs":false,"_jetpack_newsletter_tier_id":0,"_jetpack_memberships_contains_paywalled_content":false,"_jetpack_memberships_contains_paid_content":false,"footnotes":"","jetpack_publicize_message":"","jetpack_publicize_feature_enabled":true,"jetpack_social_post_already_shared":true,"jetpack_social_options":{"image_generator_settings":{"template":"highway","default_image_id":0,"enabled":false},"version":2}},"categories":[1161,44,7671,15],"tags":[9845,129,6881],"class_list":["post-58457","post","type-post","status-publish","format-standard","has-post-thumbnail","hentry","category-ciudadania","category-noticias-de-hoy","category-politica","category-ultimas-noticias","tag-9845","tag-granada","tag-retos"],"jetpack_publicize_connections":[],"jetpack_featured_media_url":"https:\/\/i0.wp.com\/miradordeatarfe.es\/wp-content\/uploads\/2023\/01\/Collage-Maker-01-Jan-2023-02.26-PM-1010x673-1.jpg?fit=1010%2C673&ssl=1","jetpack_likes_enabled":true,"jetpack_sharing_enabled":true,"_links":{"self":[{"href":"https:\/\/miradordeatarfe.es\/index.php?rest_route=\/wp\/v2\/posts\/58457","targetHints":{"allow":["GET"]}}],"collection":[{"href":"https:\/\/miradordeatarfe.es\/index.php?rest_route=\/wp\/v2\/posts"}],"about":[{"href":"https:\/\/miradordeatarfe.es\/index.php?rest_route=\/wp\/v2\/types\/post"}],"author":[{"embeddable":true,"href":"https:\/\/miradordeatarfe.es\/index.php?rest_route=\/wp\/v2\/users\/1"}],"replies":[{"embeddable":true,"href":"https:\/\/miradordeatarfe.es\/index.php?rest_route=%2Fwp%2Fv2%2Fcomments&post=58457"}],"version-history":[{"count":3,"href":"https:\/\/miradordeatarfe.es\/index.php?rest_route=\/wp\/v2\/posts\/58457\/revisions"}],"predecessor-version":[{"id":58461,"href":"https:\/\/miradordeatarfe.es\/index.php?rest_route=\/wp\/v2\/posts\/58457\/revisions\/58461"}],"wp:featuredmedia":[{"embeddable":true,"href":"https:\/\/miradordeatarfe.es\/index.php?rest_route=\/wp\/v2\/media\/58460"}],"wp:attachment":[{"href":"https:\/\/miradordeatarfe.es\/index.php?rest_route=%2Fwp%2Fv2%2Fmedia&parent=58457"}],"wp:term":[{"taxonomy":"category","embeddable":true,"href":"https:\/\/miradordeatarfe.es\/index.php?rest_route=%2Fwp%2Fv2%2Fcategories&post=58457"},{"taxonomy":"post_tag","embeddable":true,"href":"https:\/\/miradordeatarfe.es\/index.php?rest_route=%2Fwp%2Fv2%2Ftags&post=58457"}],"curies":[{"name":"wp","href":"https:\/\/api.w.org\/{rel}","templated":true}]}}