{"id":58472,"date":"2023-01-07T10:45:15","date_gmt":"2023-01-07T09:45:15","guid":{"rendered":"https:\/\/miradordeatarfe.es\/?p=58472"},"modified":"2023-01-05T14:30:38","modified_gmt":"2023-01-05T13:30:38","slug":"ninguna-comunidad-invertira-el-minimo-necesario-en-atencion-primaria-en-2023","status":"publish","type":"post","link":"https:\/\/miradordeatarfe.es\/?p=58472","title":{"rendered":"Ninguna comunidad invertir\u00e1 el m\u00ednimo necesario en Atenci\u00f3n Primaria en 2023"},"content":{"rendered":"<h3 style=\"text-align: justify;\">Pese a que la Comunidad de Madrid ha sido el foco medi\u00e1tico debido a las movilizaciones del sector sanitario el resto del pa\u00eds tampoco refleja una inversi\u00f3n necesaria<\/h3>\n<p class=\"has-drop-cap\" style=\"text-align: justify;\">Las organizaciones sanitarias y profesionales m\u00e9dicos han denunciado que la financiaci\u00f3n destinada a la Atenci\u00f3n Primaria (AP) en los presupuestos de las comunidades aut\u00f3nomas para 2023 no llegar\u00e1 al 25% del gasto sanitario total, cifra que consideran para su funcionalidad.<\/p>\n<p style=\"text-align: justify;\">\u201cNi los gobiernos auton\u00f3micos del Partido Popular, ni all\u00e1 donde manda el PSOE, ni tampoco los nacionalistas\u201d, matizan desde <strong><em><a href=\"https:\/\/www.publico.es\/sociedad\/problemas-atencion-primaria-no-resolveran-2023-comunidad-invertira-minimo-necesario.html#md=modulo-portada-fila-de-modulos:3x2-t1;mm=mobile-big\" target=\"_blank\" rel=\"noopener external noreferrer\" data-wpel-link=\"external\">P\u00fablico<\/a><\/em><\/strong>.<\/p>\n<p style=\"text-align: justify;\">Seg\u00fan un informe de la Federaci\u00f3n de Asociaciones para la Defensa de la Sanidad P\u00fablica (FADSP), el porcentaje promedio a nivel nacional destinado a la Atenci\u00f3n Primaria apenas alcanzar\u00e1 el 15%, reflejando un aumento del 0,06% en comparaci\u00f3n a 2022.<\/p>\n<p style=\"text-align: justify;\">Esto se refleja en un crecimiento de las listas de espera, demora para asistir a especialistas y la falta de personal en muchos de los centros.<\/p>\n<p style=\"text-align: justify;\">\u201cSe observa que el porcentaje dedicado ha crecido seis cent\u00e9simas entre 2022 y 2023 (14,93 y 14,99 respectivamente de media) y continua muy lejos del 25% que es el objetivo a conseguir\u201d, informan desde la Federaci\u00f3n de Asociaciones para la Defensa de la Sanidad P\u00fablica (FADSP).<\/p>\n<p style=\"text-align: justify;\">La comunidad aut\u00f3noma que m\u00e1s se acerca a ese objetivo del 25% es La Rioja, con un 18,33%, mientras que la m\u00e1s alejada es la Comunidad de Madrid, con solo un 10,73%.<\/p>\n<p style=\"text-align: justify;\">\u201cLos presupuestos dedicados a la Atenci\u00f3n Primaria, aunque tienen un ligero aumento respecto a 2022, contin\u00faan siendo claramente insuficientes en todas las comunidades, que\u00a0se encuentran lejos de alcanzar el objetivo del 25%\u00a0del presupuesto sanitario p\u00fablico, y demuestran una escasa sensibilidad hacia la AP de los gobiernos auton\u00f3micos correspondientes\u201d, a\u00f1aden la\u00a0FADSP<\/p>\n<p style=\"text-align: justify;\">\u201cSi consideramos el presupuesto por habitante se evidencia un aumento promedio de 17,42 euros per capita (un 6,92% m\u00e1s). En este caso se produce un aumento en todas las Comunidades menos Navarra (29,9 euros menos) y las que prorrogan presupuestos. La que m\u00e1s destina per capita en 2023 es Asturias (347,8 euros) y la que menos Madrid (155,02)\u201d, concluyen desde la organizaci\u00f3n.<\/p>\n<p>REDACCI\u00d3N CONTRAINFORMACI\u00d3N.ES<\/p>\n<blockquote class=\"wp-embedded-content\" data-secret=\"lz2o60bDUC\"><p><a href=\"https:\/\/contrainformacion.es\/ninguna-comunidad-invertira-el-minimo-necesario-en-atencion-primaria-en-2023\/\">Ninguna comunidad invertir\u00e1 el m\u00ednimo necesario en Atenci\u00f3n Primaria en 2023<\/a><\/p><\/blockquote>\n<p><iframe loading=\"lazy\" class=\"wp-embedded-content\" sandbox=\"allow-scripts\" security=\"restricted\" style=\"position: absolute; visibility: hidden;\" title=\"\u00abNinguna comunidad invertir\u00e1 el m\u00ednimo necesario en Atenci\u00f3n Primaria en 2023\u00bb \u2014 Contrainformaci\u00f3n\" src=\"https:\/\/contrainformacion.es\/ninguna-comunidad-invertira-el-minimo-necesario-en-atencion-primaria-en-2023\/embed\/#?secret=4wVmNxnQGo#?secret=lz2o60bDUC\" data-secret=\"lz2o60bDUC\" width=\"600\" height=\"338\" frameborder=\"0\" marginwidth=\"0\" marginheight=\"0\" scrolling=\"no\"><\/iframe><\/p>\n","protected":false},"excerpt":{"rendered":"<p>Pese a que la Comunidad de Madrid ha sido el foco medi\u00e1tico debido a las&#8230;<\/p>\n","protected":false},"author":1,"featured_media":58473,"comment_status":"closed","ping_status":"closed","sticky":false,"template":"","format":"standard","meta":{"_coblocks_attr":"","_coblocks_dimensions":"","_coblocks_responsive_height":"","_coblocks_accordion_ie_support":"","jetpack_post_was_ever_published":false,"_jetpack_newsletter_access":"","_jetpack_dont_email_post_to_subs":false,"_jetpack_newsletter_tier_id":0,"_jetpack_memberships_contains_paywalled_content":false,"_jetpack_memberships_contains_paid_content":false,"footnotes":"","jetpack_publicize_message":"","jetpack_publicize_feature_enabled":true,"jetpack_social_post_already_shared":true,"jetpack_social_options":{"image_generator_settings":{"template":"highway","default_image_id":0,"enabled":false},"version":2}},"categories":[1161,44,7671,15,10],"tags":[7663,757,409],"class_list":["post-58472","post","type-post","status-publish","format-standard","has-post-thumbnail","hentry","category-ciudadania","category-noticias-de-hoy","category-politica","category-ultimas-noticias","category-salud","tag-atencion-primaria","tag-inversion","tag-sanidad"],"jetpack_publicize_connections":[],"jetpack_featured_media_url":"https:\/\/i0.wp.com\/miradordeatarfe.es\/wp-content\/uploads\/2023\/01\/indice1.jpg?fit=310%2C163&ssl=1","jetpack_likes_enabled":true,"jetpack_sharing_enabled":true,"_links":{"self":[{"href":"https:\/\/miradordeatarfe.es\/index.php?rest_route=\/wp\/v2\/posts\/58472","targetHints":{"allow":["GET"]}}],"collection":[{"href":"https:\/\/miradordeatarfe.es\/index.php?rest_route=\/wp\/v2\/posts"}],"about":[{"href":"https:\/\/miradordeatarfe.es\/index.php?rest_route=\/wp\/v2\/types\/post"}],"author":[{"embeddable":true,"href":"https:\/\/miradordeatarfe.es\/index.php?rest_route=\/wp\/v2\/users\/1"}],"replies":[{"embeddable":true,"href":"https:\/\/miradordeatarfe.es\/index.php?rest_route=%2Fwp%2Fv2%2Fcomments&post=58472"}],"version-history":[{"count":3,"href":"https:\/\/miradordeatarfe.es\/index.php?rest_route=\/wp\/v2\/posts\/58472\/revisions"}],"predecessor-version":[{"id":58476,"href":"https:\/\/miradordeatarfe.es\/index.php?rest_route=\/wp\/v2\/posts\/58472\/revisions\/58476"}],"wp:featuredmedia":[{"embeddable":true,"href":"https:\/\/miradordeatarfe.es\/index.php?rest_route=\/wp\/v2\/media\/58473"}],"wp:attachment":[{"href":"https:\/\/miradordeatarfe.es\/index.php?rest_route=%2Fwp%2Fv2%2Fmedia&parent=58472"}],"wp:term":[{"taxonomy":"category","embeddable":true,"href":"https:\/\/miradordeatarfe.es\/index.php?rest_route=%2Fwp%2Fv2%2Fcategories&post=58472"},{"taxonomy":"post_tag","embeddable":true,"href":"https:\/\/miradordeatarfe.es\/index.php?rest_route=%2Fwp%2Fv2%2Ftags&post=58472"}],"curies":[{"name":"wp","href":"https:\/\/api.w.org\/{rel}","templated":true}]}}