{"id":5848,"date":"2016-01-08T07:20:30","date_gmt":"2016-01-08T07:20:30","guid":{"rendered":"http:\/\/miradordeatarfe.es\/?p=5848"},"modified":"2016-01-06T12:31:14","modified_gmt":"2016-01-06T12:31:14","slug":"los-usuarios-de-gas-empiezan-a-pagar-el-almacen-castor","status":"publish","type":"post","link":"https:\/\/miradordeatarfe.es\/?p=5848","title":{"rendered":"Los usuarios de gas empiezan a pagar el almac\u00e9n Castor"},"content":{"rendered":"<p style=\"text-align: justify;\">Con el nuevo a\u00f1o, los m\u00e1s de siete millones de <strong>usuarios <\/strong>de <strong>gas <\/strong>empezar\u00e1n a pagar a trav\u00e9s del <strong>recibo <\/strong>unos 4.700 millones de euros a lo largo de 30 a\u00f1os por la <strong>indemnizaci\u00f3n <\/strong>m\u00e1s los <strong>intereses <\/strong>por la paralizaci\u00f3n del\u00a0almac\u00e9n <strong>Castor<\/strong>, en la costa frente a Vinar\u00f2s (Castell\u00f3n).<!--more--><\/p>\n<p style=\"text-align: justify;\">La compensaci\u00f3n que cobr\u00f3 hace un a\u00f1o la antigua concesionaria, <strong>Escal UGS,<\/strong> controlada por <strong>ACS<\/strong>, del presidente del Real Madrid, <strong>Florentino P\u00e9rez<\/strong>, fue de 1.350 millones. Pero el pago a plazos a trav\u00e9s del <strong>recibo <\/strong>durante tres d\u00e9cadas, junto con los intereses, har\u00e1 que la cantidad se multiplique al final del periodo por m\u00e1s de 3,5 veces.<\/p>\n<h3 style=\"text-align: justify;\">PARALIZADO<\/h3>\n<p style=\"text-align: justify;\">El <strong>Banco Santander<\/strong>, <strong>CaixaBank<\/strong> y <strong>Bankia<\/strong> cuentan con los derechos de cobro de esa <strong>deuda<\/strong>, que recuperan con un inter\u00e9s del 4,27%. Y todo ello a pesar de que las instalaciones, cuya explotaci\u00f3n fue paralizada tras una serie de se\u00edsmos que provoc\u00f3 en el sur de Catalunya y el norte de la Comunidad Valenciana en el 2013, tienen diversas causas abiertas en los tribunales.<\/p>\n<p style=\"text-align: justify;\">El <strong>Tribunal Supremo<\/strong> ha admitido recientemente a tr\u00e1mite un recurso de la Generalitat contra la orden de peajes del gas para el 2015, al oponerse a que los gastos de mantenimiento del almacenamiento subterr\u00e1neo para hibernar las instalaciones, 17 millones de euros, se carguen tambi\u00e9nen la factura.<\/p>\n<p style=\"text-align: justify;\">El <strong>recibo <\/strong>de estos servicios suele llevar muchos cargos que poco tienen que ver con el consumo.\u00a0En el 2015, el recibo de la luz dej\u00f3 de incluir la<strong> moratoria nuclear<\/strong>. Por ese concepto incluido en 1995 se han pagado 5.717 millones a trav\u00e9s del recibo.<\/p>\n","protected":false},"excerpt":{"rendered":"<p>Con el nuevo a\u00f1o, los m\u00e1s de siete millones de usuarios de gas empezar\u00e1n a&#8230;<\/p>\n","protected":false},"author":1,"featured_media":5849,"comment_status":"closed","ping_status":"closed","sticky":false,"template":"","format":"standard","meta":{"_coblocks_attr":"","_coblocks_dimensions":"","_coblocks_responsive_height":"","_coblocks_accordion_ie_support":"","jetpack_post_was_ever_published":false,"_jetpack_newsletter_access":"","_jetpack_dont_email_post_to_subs":false,"_jetpack_newsletter_tier_id":0,"_jetpack_memberships_contains_paywalled_content":false,"_jetpack_memberships_contains_paid_content":false,"footnotes":"","jetpack_publicize_message":"","jetpack_publicize_feature_enabled":true,"jetpack_social_post_already_shared":false,"jetpack_social_options":{"image_generator_settings":{"template":"highway","default_image_id":0,"enabled":false},"version":2}},"categories":[44,15],"tags":[116,115,1960],"class_list":["post-5848","post","type-post","status-publish","format-standard","has-post-thumbnail","hentry","category-noticias-de-hoy","category-ultimas-noticias","tag-electricidad","tag-gas","tag-supremo"],"jetpack_publicize_connections":[],"jetpack_featured_media_url":"https:\/\/i0.wp.com\/miradordeatarfe.es\/wp-content\/uploads\/2016\/01\/supremo-dice-que-castor-debio-someterse-una-evaluacion-impacto-ambiental-1443539563041.jpg?fit=642%2C426&ssl=1","jetpack_likes_enabled":true,"jetpack_sharing_enabled":true,"_links":{"self":[{"href":"https:\/\/miradordeatarfe.es\/index.php?rest_route=\/wp\/v2\/posts\/5848","targetHints":{"allow":["GET"]}}],"collection":[{"href":"https:\/\/miradordeatarfe.es\/index.php?rest_route=\/wp\/v2\/posts"}],"about":[{"href":"https:\/\/miradordeatarfe.es\/index.php?rest_route=\/wp\/v2\/types\/post"}],"author":[{"embeddable":true,"href":"https:\/\/miradordeatarfe.es\/index.php?rest_route=\/wp\/v2\/users\/1"}],"replies":[{"embeddable":true,"href":"https:\/\/miradordeatarfe.es\/index.php?rest_route=%2Fwp%2Fv2%2Fcomments&post=5848"}],"version-history":[{"count":1,"href":"https:\/\/miradordeatarfe.es\/index.php?rest_route=\/wp\/v2\/posts\/5848\/revisions"}],"predecessor-version":[{"id":5850,"href":"https:\/\/miradordeatarfe.es\/index.php?rest_route=\/wp\/v2\/posts\/5848\/revisions\/5850"}],"wp:featuredmedia":[{"embeddable":true,"href":"https:\/\/miradordeatarfe.es\/index.php?rest_route=\/wp\/v2\/media\/5849"}],"wp:attachment":[{"href":"https:\/\/miradordeatarfe.es\/index.php?rest_route=%2Fwp%2Fv2%2Fmedia&parent=5848"}],"wp:term":[{"taxonomy":"category","embeddable":true,"href":"https:\/\/miradordeatarfe.es\/index.php?rest_route=%2Fwp%2Fv2%2Fcategories&post=5848"},{"taxonomy":"post_tag","embeddable":true,"href":"https:\/\/miradordeatarfe.es\/index.php?rest_route=%2Fwp%2Fv2%2Ftags&post=5848"}],"curies":[{"name":"wp","href":"https:\/\/api.w.org\/{rel}","templated":true}]}}