{"id":58482,"date":"2023-01-08T08:42:59","date_gmt":"2023-01-08T07:42:59","guid":{"rendered":"https:\/\/miradordeatarfe.es\/?p=58482"},"modified":"2023-01-06T20:47:31","modified_gmt":"2023-01-06T19:47:31","slug":"2023-el-ano-en-el-que-el-arte-celebrara-a-picasso-y-sorolla","status":"publish","type":"post","link":"https:\/\/miradordeatarfe.es\/?p=58482","title":{"rendered":"2023, el a\u00f1o en el que el arte celebrar\u00e1 a Picasso y Sorolla"},"content":{"rendered":"<h3 class=\"a_st\" style=\"text-align: justify;\">Los aniversarios copar\u00e1n la programaci\u00f3n de los museos que, adem\u00e1s, deber\u00e1n afrontar el reto de la descolonizaci\u00f3n de sus archivos y salas<\/h3>\n<p class=\"\" style=\"text-align: justify;\">Lonas publicitarias con cuadros de Picasso y Sorolla cuelgan desde hace semanas de las fachadas de los museos. En 2023, los dos artistas est\u00e1n de aniversario, as\u00ed que su obra se diseccionar\u00e1 en tantas versiones como exposiciones copar\u00e1n la programaci\u00f3n de estas instituciones art\u00edsticas. Este tambi\u00e9n ser\u00e1 el a\u00f1o en que las pinacotecas tendr\u00e1n que revisar sus costuras, es decir, sus colecciones, sus archivos, las cartelas de sus cuadros y de una vez por todas afrontar el reto de la descolonizaci\u00f3n.<\/p>\n<h3 class=\"\" style=\"text-align: justify;\">Tres cumplea\u00f1os<\/h3>\n<figure class=\"a_m a_m-h\" style=\"text-align: justify;\"><span class=\"_db a_m_w _pr lb_btn\"><img data-recalc-dims=\"1\" loading=\"lazy\" decoding=\"async\" class=\"_re lazyload a_m-h\" src=\"https:\/\/i0.wp.com\/imagenes.elpais.com\/resizer\/4iw9mHtfgkL4roUwCJnGNfSIA7U%3D\/414x0\/cloudfront-eu-central-1.images.arcpublishing.com\/prisa\/6LPCI5JXURLJQXRPBTJZZ7R57Q.jpg?resize=414%2C276&#038;ssl=1\" srcset=\"https:\/\/imagenes.elpais.com\/resizer\/4iw9mHtfgkL4roUwCJnGNfSIA7U=\/414x0\/cloudfront-eu-central-1.images.arcpublishing.com\/prisa\/6LPCI5JXURLJQXRPBTJZZ7R57Q.jpg 414w,https:\/\/imagenes.elpais.com\/resizer\/4A6xvLQxX76N-PUCOIcw2FnB1VA=\/828x0\/cloudfront-eu-central-1.images.arcpublishing.com\/prisa\/6LPCI5JXURLJQXRPBTJZZ7R57Q.jpg 640w,https:\/\/imagenes.elpais.com\/resizer\/l4Hp9JqyyD5R97VET8gKwDX1SqM=\/980x0\/cloudfront-eu-central-1.images.arcpublishing.com\/prisa\/6LPCI5JXURLJQXRPBTJZZ7R57Q.jpg 1000w,https:\/\/imagenes.elpais.com\/resizer\/Pl-o5rxTtRSeJYVINY4E4Ewhx84=\/1960x0\/cloudfront-eu-central-1.images.arcpublishing.com\/prisa\/6LPCI5JXURLJQXRPBTJZZ7R57Q.jpg 1960w\" alt=\"Varias personas junto al retrato de Manuel Bartolom\u00e9 Coss\u00edo, del pintor valenciano Joaqu\u00edn Sorolla, en el Museo del Prado.\n\" width=\"414\" height=\"276\" \/><\/span><figcaption class=\"a_m_p\">Varias personas junto al retrato de Manuel Bartolom\u00e9 Coss\u00edo, del pintor valenciano Joaqu\u00edn Sorolla, en el Museo del Prado. <span class=\"a_m_m\">Sergio P\u00e9rez (EFE)<\/span><\/figcaption><\/figure>\n<p class=\"\" style=\"text-align: justify;\">Solo hace falta una conmemoraci\u00f3n para que las fronteras temporales que dividen las colecciones de los museos cl\u00e1sicos y contempor\u00e1neos salten por los aires (<a href=\"https:\/\/elpais.com\/cultura\/2022-11-14\/zobel-en-el-prado-otro-pintor-contemporaneo-en-la-pinacoteca-de-arte-antiguo.html\" target=\"_blank\" rel=\"noopener\" data-link-track-dtm=\"\">una vez m\u00e1s<\/a>). Por eso, en el 50\u00ba aniversario de la muerte de Picasso, su obra <a href=\"https:\/\/www.museodelprado.es\/actualidad\/noticia\/el-museo-nacional-del-prado-expone-busto-de-mujer\/058e6f71-0938-f24e-f379-fcf91ff35e69#:~:text=la%20Galer%C3%ADa%20Central-,El%20Museo%20Nacional%20del%20Prado%20expone%20Busto%20de%20mujer%20de,de%20la%20II%20Guerra%20Mundial\" target=\"_blank\" rel=\"noopener\" data-link-track-dtm=\"\">estar\u00e1 en el Prado<\/a>, en <a href=\"https:\/\/www.museoreinasofia.es\/exposiciones\/paris-coleccion-museo-nacional-picasso-paris\" target=\"_blank\" rel=\"noopener\" data-link-track-dtm=\"\">el Reina<\/a> y, por supuesto, en los museos consagrados al artista <a href=\"https:\/\/www.museopicassomalaga.org\/exposiciones\/dialogos-con-picasso\" target=\"_blank\" rel=\"noopener\" data-link-track-dtm=\"\">en M\u00e1laga<\/a> y <a href=\"http:\/\/www.museupicasso.bcn.cat\/es\" target=\"_blank\" rel=\"noopener\" data-link-track-dtm=\"\">Barcelona<\/a>. Su legado ser\u00e1 analizado al mil\u00edmetro, aunque lo que parece que seguir\u00e1 abierto es <a href=\"https:\/\/elpais.com\/cultura\/2022-01-03\/a-vueltas-con-gauguin-y-caravaggio-en-2022.html\" target=\"_blank\" rel=\"noopener\" data-link-track-dtm=\"\">el debate de hasta qu\u00e9 punto o de qu\u00e9 forma debe abordarse la recurrente y tajante cr\u00edtica feminista al creador<\/a>.<\/p>\n<p class=\"\" style=\"text-align: justify;\">Sorolla compite en protagonismo cuando se cumplen 100 a\u00f1os de su muerte. Al denominado artista de la luz, que fue a contracorriente de las vanguardias de comienzo de siglo, tambi\u00e9n le dedicar\u00e1n muestras el Prado, el Museo Sorolla y el Palacio Real con una suerte de exposici\u00f3n inmersiva. En el caso de T\u00e0pies, cuya onom\u00e1stica se celebra a final de a\u00f1o (13 de diciembre), la programaci\u00f3n est\u00e1 a\u00fan por confirmar.<\/p>\n<h3 class=\"\" style=\"text-align: justify;\">La descolonizaci\u00f3n de los museos<\/h3>\n<figure class=\"a_m a_m-h\" style=\"text-align: justify;\"><span class=\"_db a_m_w _pr lb_btn\"><img data-recalc-dims=\"1\" loading=\"lazy\" decoding=\"async\" class=\"_re lazyload a_m-h\" src=\"https:\/\/i0.wp.com\/imagenes.elpais.com\/resizer\/tvujNkH2HJ8Qra8GikJkgU1nsgw%3D\/414x0\/cloudfront-eu-central-1.images.arcpublishing.com\/prisa\/N6RWCHEX2FTHD4SKRKURBRGFHU.jpg?resize=414%2C276&#038;ssl=1\" srcset=\"https:\/\/imagenes.elpais.com\/resizer\/tvujNkH2HJ8Qra8GikJkgU1nsgw=\/414x0\/cloudfront-eu-central-1.images.arcpublishing.com\/prisa\/N6RWCHEX2FTHD4SKRKURBRGFHU.jpg 414w,https:\/\/imagenes.elpais.com\/resizer\/pO-RU0lF4NnUngcglCjm--Ce2B0=\/828x0\/cloudfront-eu-central-1.images.arcpublishing.com\/prisa\/N6RWCHEX2FTHD4SKRKURBRGFHU.jpg 640w,https:\/\/imagenes.elpais.com\/resizer\/498bxeBDo9GaicuSUKwGMCeu_Ew=\/980x0\/cloudfront-eu-central-1.images.arcpublishing.com\/prisa\/N6RWCHEX2FTHD4SKRKURBRGFHU.jpg 1000w,https:\/\/imagenes.elpais.com\/resizer\/T7k_kU7mTmetUxV1XRNeDXpQOHs=\/1960x0\/cloudfront-eu-central-1.images.arcpublishing.com\/prisa\/N6RWCHEX2FTHD4SKRKURBRGFHU.jpg 1960w\" alt=\"Una de las piezas que el Vaticano restituye a Grecia, la cabeza de caballo, que procede del front\u00f3n occidental del edificio.\" width=\"414\" height=\"276\" \/><\/span><figcaption class=\"a_m_p\">Una de las piezas que el Vaticano restituye a Grecia, la cabeza de caballo, que procede del front\u00f3n occidental del edificio.<span class=\"a_m_m\">HANDOUT (AFP)<\/span><\/figcaption><\/figure>\n<p class=\"\" style=\"text-align: justify;\">A pocos d\u00edas de terminar 2022, el papa Francisco lanz\u00f3 un misil a la l\u00ednea de flotaci\u00f3n del Museo Brit\u00e1nico al anunciar que devolv\u00eda a Grecia tres fragmentos de m\u00e1rmol <a href=\"https:\/\/elpais.com\/cultura\/2021-12-08\/la-interminable-historia-de-las-estatuas-del-partenon-boris-johnson-tampoco-las-devolvera-a-grecia.html\" data-link-track-dtm=\"\">del Parten\u00f3n<\/a> que se conservan desde hace siglos en <a href=\"https:\/\/elpais.com\/diario\/2000\/02\/08\/cultura\/949964408_850215.html\" data-link-track-dtm=\"\">los Museos Vaticanos<\/a>. La decisi\u00f3n se acerca m\u00e1s a una operaci\u00f3n de <i>marketing <\/i>que a un acuerdo real entre Estados que pudiera establecer un antecedente para otros museos, pero ha tenido gran repercusi\u00f3n en un momento en el que <a href=\"https:\/\/elpais.com\/cultura\/2022-12-17\/operacion-partenon-asi-han-sido-las-conversaciones-secretas-para-devolver-a-grecia-los-marmoles-del-museo-britanico.html\" target=\"_blank\" rel=\"noopener\" data-link-track-dtm=\"\">la instituci\u00f3n inglesa y el Gobierno griego negocian la posibilidad de que las piezas de este conjunto regresen a su pa\u00eds de origen<\/a>.<\/p>\n<p class=\"\" style=\"text-align: justify;\">En Espa\u00f1a, Miquel Iceta, ministro de Cultura, ha reiterado de manera insistente que desde su cartera \u201cno hay un plan ni una orden para la descolonizaci\u00f3n de los museos\u201d. Sin embargo, la presi\u00f3n sobre las pinacotecas se incrementa cada d\u00eda que sus pares europeos y estadounidenses anuncian una devoluci\u00f3n, <a href=\"https:\/\/elpais.com\/cultura\/2022-07-18\/el-largo-camino-de-vuelta-a-casa-de-los-bronces-de-benin.html\" target=\"_blank\" rel=\"noopener\" data-link-track-dtm=\"\">como sucedi\u00f3 con los bronces de Ben\u00edn por parte de Alemania a Nigeria<\/a>.<\/p>\n<p class=\"\" style=\"text-align: justify;\">Por el momento es una inc\u00f3gnita qui\u00e9n se encargar\u00e1, si es que ese momento llega, de la descolonizaci\u00f3n del Museo Reina Sof\u00eda. El pr\u00f3ximo 20 de enero <a href=\"https:\/\/elpais.com\/cultura\/2022-11-15\/el-museo-reina-sofia-activa-la-sucesion-de-manuel-borja-villel-despues-de-15-anos-como-director.html\" data-link-track-dtm=\"\">termina el mandato de Manuel Borja-Villel <\/a>tras 15 a\u00f1os al frente de la instituci\u00f3n. En el mundo del arte ya se intuyen los primeros movimientos. El Patronato del museo decidi\u00f3 el pasado 28 de noviembre que el proceso de selecci\u00f3n para buscar un nuevo director se convocar\u00e1 el 1 de febrero de 2023. El actual director puede volver a presentarse.<\/p>\n<h3 class=\"\" style=\"text-align: justify;\">Vermeer, la gran exposici\u00f3n del a\u00f1o<\/h3>\n<figure class=\"a_m a_m-h\" style=\"text-align: justify;\"><span class=\"_db a_m_w\"><img data-recalc-dims=\"1\" loading=\"lazy\" decoding=\"async\" class=\"_re lazyload a_m-h\" src=\"https:\/\/i0.wp.com\/imagenes.elpais.com\/resizer\/oPE480I0uo5JmGNh4W8x9CaZN6A%3D\/414x0\/cloudfront-eu-central-1.images.arcpublishing.com\/prisa\/JUIRURGKLJEYFPVGQVSE4IMUQM.png?resize=414%2C294&#038;ssl=1\" srcset=\"https:\/\/imagenes.elpais.com\/resizer\/oPE480I0uo5JmGNh4W8x9CaZN6A=\/414x0\/cloudfront-eu-central-1.images.arcpublishing.com\/prisa\/JUIRURGKLJEYFPVGQVSE4IMUQM.png 414w,https:\/\/imagenes.elpais.com\/resizer\/HfnleP5PZr4NKk8qgAK42-Qwf8k=\/828x0\/cloudfront-eu-central-1.images.arcpublishing.com\/prisa\/JUIRURGKLJEYFPVGQVSE4IMUQM.png 640w,https:\/\/imagenes.elpais.com\/resizer\/zjuNzuY1HWv2YQ-Y17ozBYWXqrU=\/980x0\/cloudfront-eu-central-1.images.arcpublishing.com\/prisa\/JUIRURGKLJEYFPVGQVSE4IMUQM.png 1000w,https:\/\/imagenes.elpais.com\/resizer\/xxHQ7I-znlvLJC2zqBIEkwON22c=\/1960x0\/cloudfront-eu-central-1.images.arcpublishing.com\/prisa\/JUIRURGKLJEYFPVGQVSE4IMUQM.png 1960w\" alt=\"Obra 'La callejuela' de Johannes Vermeer, conservada en Rijksmuseum, en \u00c1msterdam, Pa\u00edses Bajos.\" width=\"414\" height=\"294\" \/><\/span><figcaption class=\"a_m_p\">Obra &#8216;La callejuela&#8217; de Johannes Vermeer, conservada en Rijksmuseum, en \u00c1msterdam, Pa\u00edses Bajos.<span class=\"a_m_m\">rijksmuseum<\/span><\/figcaption><\/figure>\n<p class=\"\" style=\"text-align: justify;\">A pesar de ser una de las firmas m\u00e1s famosas de su \u00e9poca, el pintor <a href=\"https:\/\/elpais.com\/cultura\/2018\/11\/30\/actualidad\/1543588451_717630.html\" data-link-track-dtm=\"\">Johannes Vermeer<\/a> (Delft, 1632-1675) cay\u00f3 casi en el olvido a su muerte y solo se conocen hoy unas 35 obras suyas, seg\u00fan el <a href=\"https:\/\/www.rijksmuseum.nl\/es\/visit\" data-link-track-dtm=\"\">Rijksmuseum<\/a> de \u00c1msterdam. En el competitivo mundo de las grandes exposiciones, la sala prepara <a href=\"https:\/\/elpais.com\/cultura\/2022-01-09\/vermeer-la-joven-de-la-perla-y-otras-34-obras-que-cambiaron-la-historia-del-arte.html\" target=\"_blank\" rel=\"noopener\" data-link-track-dtm=\"\">la mayor retrospectiva dedicada en su historia al artista<\/a>, con ayuda de la galer\u00eda <a href=\"https:\/\/www.mauritshuis.nl\/es\/\" data-link-track-dtm=\"\">Mauritshuis<\/a>, de La Haya. Pa\u00edses Bajos conserva apenas siete obras de Vermeer, y la muestra espera reunir, \u201cpor primera y \u00faltima vez\u201d, todos los cuadros repartidos por el mundo que est\u00e9n en condiciones de ser trasladados.<\/p>\n<h3 class=\"\" style=\"text-align: justify;\">Otro museo para Madrid<\/h3>\n<figure class=\"a_m a_m-h\" style=\"text-align: justify;\"><span class=\"_db a_m_w\"><img data-recalc-dims=\"1\" loading=\"lazy\" decoding=\"async\" class=\"_re lazyload a_m-h\" src=\"https:\/\/i0.wp.com\/imagenes.elpais.com\/resizer\/F69nk9LWkJ9QxRJzgrCtW5LGGAM%3D\/414x0\/cloudfront-eu-central-1.images.arcpublishing.com\/prisa\/PGE7VBN25NMWBPCPHXL6YVQGXI.jpg?resize=414%2C236&#038;ssl=1\" srcset=\"https:\/\/imagenes.elpais.com\/resizer\/F69nk9LWkJ9QxRJzgrCtW5LGGAM=\/414x0\/cloudfront-eu-central-1.images.arcpublishing.com\/prisa\/PGE7VBN25NMWBPCPHXL6YVQGXI.jpg 414w,https:\/\/imagenes.elpais.com\/resizer\/7hfuXZb4-rK6TmraggvDCfWFOhY=\/828x0\/cloudfront-eu-central-1.images.arcpublishing.com\/prisa\/PGE7VBN25NMWBPCPHXL6YVQGXI.jpg 640w,https:\/\/imagenes.elpais.com\/resizer\/chtzFx0TE_PHpHaZKoQPBaw4tIo=\/980x0\/cloudfront-eu-central-1.images.arcpublishing.com\/prisa\/PGE7VBN25NMWBPCPHXL6YVQGXI.jpg 1000w,https:\/\/imagenes.elpais.com\/resizer\/rEqANz5tknblnIwYGAl1kk8Iguw=\/1960x0\/cloudfront-eu-central-1.images.arcpublishing.com\/prisa\/PGE7VBN25NMWBPCPHXL6YVQGXI.jpg 1960w\" alt=\"Sala interior de la Galer\u00eda de las Colecciones Reales de Madrid (a\u00fan sin concluir).\" width=\"414\" height=\"236\" \/><\/span><figcaption class=\"a_m_p\">Sala interior de la Galer\u00eda de las Colecciones Reales de Madrid (a\u00fan sin concluir).<\/figcaption><\/figure>\n<p class=\"\" style=\"text-align: justify;\">La <a href=\"https:\/\/elpais.com\/noticias\/museo-colecciones-reales\/\" data-link-track-dtm=\"\">Galer\u00eda de las Colecciones Reales<\/a>, un nuevo museo en Madrid, abrir\u00e1 en el verano de 2023 a un costado de la catedral de la Almudena, con obras de arte pertenecientes a Patrimonio Nacional. El espacio contar\u00e1 con 40.000 metros cuadrados, <a href=\"https:\/\/elpais.com\/cultura\/2016\/04\/10\/actualidad\/1460294972_337529.html\" data-link-track-dtm=\"\">de los que 9.000 estar\u00e1n destinados a exposici\u00f3n<\/a>, para cuadros, esculturas, carrozas, fotograf\u00edas, relojes, grabados, instrumentos musicales, de artistas tan destacados como Goya, Vel\u00e1zquez, Tiziano y Caravaggio.<\/p>\n<h3 class=\"\" style=\"text-align: justify;\">Activismo o vandalismo<\/h3>\n<figure class=\"a_m a_m-h\" style=\"text-align: justify;\"><span class=\"_db a_m_w _pr lb_btn\"><img data-recalc-dims=\"1\" loading=\"lazy\" decoding=\"async\" class=\"_re lazyload a_m-h\" src=\"https:\/\/i0.wp.com\/imagenes.elpais.com\/resizer\/jS7dvrebjROStkIgUNNJTlAPV7I%3D\/414x0\/cloudfront-eu-central-1.images.arcpublishing.com\/prisa\/Q4WCWCHTOQIRWRQBNMIZAM4QT4.jpg?resize=414%2C311&#038;ssl=1\" srcset=\"https:\/\/imagenes.elpais.com\/resizer\/jS7dvrebjROStkIgUNNJTlAPV7I=\/414x0\/cloudfront-eu-central-1.images.arcpublishing.com\/prisa\/Q4WCWCHTOQIRWRQBNMIZAM4QT4.jpg 414w,https:\/\/imagenes.elpais.com\/resizer\/Z_Cu2sOImuNW7QTMKN4TNrnWN5M=\/828x0\/cloudfront-eu-central-1.images.arcpublishing.com\/prisa\/Q4WCWCHTOQIRWRQBNMIZAM4QT4.jpg 640w,https:\/\/imagenes.elpais.com\/resizer\/mL230j3rawf7OjlgPULLh4UrNH8=\/980x0\/cloudfront-eu-central-1.images.arcpublishing.com\/prisa\/Q4WCWCHTOQIRWRQBNMIZAM4QT4.jpg 1000w,https:\/\/imagenes.elpais.com\/resizer\/5vUAuMCzCJhMUMtzc6Blm7T6Skg=\/1960x0\/cloudfront-eu-central-1.images.arcpublishing.com\/prisa\/Q4WCWCHTOQIRWRQBNMIZAM4QT4.jpg 1960w\" alt=\"Activistas ecologistas se pegan al marco de 'La maja desnuda' y 'La maja vestida' de Francisco de Goya, en el Museo del Prado, en noviembre de 2022.\n\" width=\"414\" height=\"311\" \/><\/span><figcaption class=\"a_m_p\">Activistas ecologistas se pegan al marco de &#8216;La maja desnuda&#8217; y &#8216;La maja vestida&#8217; de Francisco de Goya, en el Museo del Prado, en noviembre de 2022. <span class=\"a_m_m\">REBELI\u00d3N O EXTINCI\u00d3N (Europa Press)<\/span><\/figcaption><\/figure>\n<p class=\"\" style=\"text-align: justify;\">Los activistas contra el cambio clim\u00e1tico han convertido los museos en el lugar de escenificaci\u00f3n de sus protestas con el ataque a cuadros de autores muy relevantes en distintas partes del mundo. Estas acciones han cosechado m\u00e1s rechazo que concienciaci\u00f3n. Aun as\u00ed, seg\u00fan anunciaron a final de 2022, en el a\u00f1o que comienza amenazan con continuar con su particular campa\u00f1a y emular a Mary Richardson, que en 1914 raj\u00f3 la <a href=\"https:\/\/elpais.com\/cultura\/2013\/11\/17\/actualidad\/1384719218_337588.html\" data-link-track-dtm=\"\"><i>Venus del espejo<\/i> de Vel\u00e1zquez <\/a>para llamar la atenci\u00f3n sobre la hiperexposici\u00f3n de los cuerpos de las mujeres en los museos. Un tipo de activismo que retomar\u00edan a\u00f1os m\u00e1s tarde <a href=\"https:\/\/www.guerrillagirls.com\/\" data-link-track-dtm=\"\">las Guerrilla Girls<\/a>.<\/p>\n<section id=\"cta_id\" class=\"w w-cta \" data-ctn-registration=\"true\">\n<h3 class=\"w_t\" style=\"text-align: justify;\"><a title=\"Babelia\" href=\"https:\/\/plus.elpais.com\/newsletters\/lnp\/1\/254?prm=nwl_suscrip_cta_articulo_Newsletter_espa\u00f1a\" data-link-track-dtm=\"\">Babelia<\/a><\/h3>\n<\/section>\n<p><a class=\"a_md_a_n\" title=\"Ver todas las noticias de Ana Marcos\" href=\"https:\/\/elpais.com\/autor\/ana-marcos\/#?rel=author_top\"><strong>Ana Marcos<\/strong><\/a><\/p>\n<header class=\"a_e _g _g-xs\">\n<div class=\"a_e_m\">\n<figure class=\"a_m a_m-h\"><figcaption class=\"a_m_p\">FOTO: Un grupo de visitantes en el Museo Picasso de M\u00e1laga.<span class=\"a_m_m\">garc\u00eda-Santos<\/span><\/figcaption><\/figure>\n<\/div>\n<\/header>\n<div class=\"a_md _g _g-xs \">\n<figure class=\"a_md_i a_m-h\"><span class=\"a_m_w _db\">https:\/\/elpais.com\/cultura\/2023-01-04\/2023-el-ano-en-el-que-el-arte-celebrara-a-picasso-y-sorolla.html<\/span><\/figure>\n<div class=\"a_md_txt\">\n<div class=\"a_md_a\" data-dtm-region=\"articulo_firma\">\u00a0<\/div>\n<\/div>\n<\/div>\n","protected":false},"excerpt":{"rendered":"<p>Los aniversarios copar\u00e1n la programaci\u00f3n de los museos que, adem\u00e1s, deber\u00e1n afrontar el reto de&#8230;<\/p>\n","protected":false},"author":1,"featured_media":58483,"comment_status":"closed","ping_status":"closed","sticky":false,"template":"","format":"standard","meta":{"_coblocks_attr":"","_coblocks_dimensions":"","_coblocks_responsive_height":"","_coblocks_accordion_ie_support":"","jetpack_post_was_ever_published":false,"_jetpack_newsletter_access":"","_jetpack_dont_email_post_to_subs":false,"_jetpack_newsletter_tier_id":0,"_jetpack_memberships_contains_paywalled_content":false,"_jetpack_memberships_contains_paid_content":false,"footnotes":"","jetpack_publicize_message":"","jetpack_publicize_feature_enabled":true,"jetpack_social_post_already_shared":true,"jetpack_social_options":{"image_generator_settings":{"template":"highway","default_image_id":0,"enabled":false},"version":2}},"categories":[1161,44,15],"tags":[9905,9467,8910,5394],"class_list":["post-58482","post","type-post","status-publish","format-standard","has-post-thumbnail","hentry","category-ciudadania","category-noticias-de-hoy","category-ultimas-noticias","tag-aniversarios","tag-ano-de-picasso","tag-picasso","tag-sorolla"],"jetpack_publicize_connections":[],"jetpack_featured_media_url":"https:\/\/i0.wp.com\/miradordeatarfe.es\/wp-content\/uploads\/2023\/01\/ZSBBP7SU5NBYPHYYMMFDVAF3HA.webp?fit=1200%2C800&ssl=1","jetpack_likes_enabled":true,"jetpack_sharing_enabled":true,"_links":{"self":[{"href":"https:\/\/miradordeatarfe.es\/index.php?rest_route=\/wp\/v2\/posts\/58482","targetHints":{"allow":["GET"]}}],"collection":[{"href":"https:\/\/miradordeatarfe.es\/index.php?rest_route=\/wp\/v2\/posts"}],"about":[{"href":"https:\/\/miradordeatarfe.es\/index.php?rest_route=\/wp\/v2\/types\/post"}],"author":[{"embeddable":true,"href":"https:\/\/miradordeatarfe.es\/index.php?rest_route=\/wp\/v2\/users\/1"}],"replies":[{"embeddable":true,"href":"https:\/\/miradordeatarfe.es\/index.php?rest_route=%2Fwp%2Fv2%2Fcomments&post=58482"}],"version-history":[{"count":1,"href":"https:\/\/miradordeatarfe.es\/index.php?rest_route=\/wp\/v2\/posts\/58482\/revisions"}],"predecessor-version":[{"id":58484,"href":"https:\/\/miradordeatarfe.es\/index.php?rest_route=\/wp\/v2\/posts\/58482\/revisions\/58484"}],"wp:featuredmedia":[{"embeddable":true,"href":"https:\/\/miradordeatarfe.es\/index.php?rest_route=\/wp\/v2\/media\/58483"}],"wp:attachment":[{"href":"https:\/\/miradordeatarfe.es\/index.php?rest_route=%2Fwp%2Fv2%2Fmedia&parent=58482"}],"wp:term":[{"taxonomy":"category","embeddable":true,"href":"https:\/\/miradordeatarfe.es\/index.php?rest_route=%2Fwp%2Fv2%2Fcategories&post=58482"},{"taxonomy":"post_tag","embeddable":true,"href":"https:\/\/miradordeatarfe.es\/index.php?rest_route=%2Fwp%2Fv2%2Ftags&post=58482"}],"curies":[{"name":"wp","href":"https:\/\/api.w.org\/{rel}","templated":true}]}}