{"id":58488,"date":"2023-01-08T10:37:09","date_gmt":"2023-01-08T09:37:09","guid":{"rendered":"https:\/\/miradordeatarfe.es\/?p=58488"},"modified":"2023-01-06T21:01:11","modified_gmt":"2023-01-06T20:01:11","slug":"por-que-nos-cuesta-tanto-cumplir-los-buenos-propositos-de-ano-nuevo","status":"publish","type":"post","link":"https:\/\/miradordeatarfe.es\/?p=58488","title":{"rendered":"Por qu\u00e9 nos cuesta tanto cumplir los buenos prop\u00f3sitos de A\u00f1o Nuevo"},"content":{"rendered":"<h3 class=\"voc-sub-title\" style=\"text-align: justify;\">La llegada del neuvo a\u00f1o nos invita a reflexionar y a hacer un balance de los logros y reveses del a\u00f1o que termina<\/h3>\n<p class=\"voc-paragraph\" style=\"text-align: justify;\">\u00abA\u00f1o Nuevo, vida nueva\u00bb. Este dicho popular, tan recurrente a principios de a\u00f1o, invoca un cierto esp\u00edritu optimista. La convicci\u00f3n de que con todo inicio de ciclo se abren nuevas oportunidades. Y de paso nos invita a reflexionar y a hacer un balance de los logros y reveses del a\u00f1o que termina. Una reflexi\u00f3n que suele llevar emparejado un arsenal de buenos prop\u00f3sitos destinados a que el ciclo que se inicia el 1 de enero sea mejor que el que concluy\u00f3 el 31 de diciembre.<\/p>\n<p class=\"voc-paragraph\" style=\"text-align: justify;\">Sin embargo suele ocurrir que, al cabo de unas semanas de arrancar el a\u00f1o, muchas de esas intenciones caen en saco roto. \u00bfQu\u00e9 ha sido de todos aquellos buenos prop\u00f3sitos? \u00bfHa sido insuficiente nuestra fuerza de voluntad? La respuesta m\u00e1s com\u00fan es s\u00ed. Porque, la verdad sea dicha, la fuerza de voluntad flaquea con facilidad. \u00bfPero por qu\u00e9?<\/p>\n<p class=\"voc-paragraph\" style=\"text-align: justify;\">La neurociencia ofrece algunas respuestas que tal vez nos sirvan para reflexionar. Despu\u00e9s de todo, hay experimentos que indican que solo con conocer los mecanismos neuronales que inducen la fuerza de voluntad ya contribuimos a aumentarla. Raz\u00f3n de m\u00e1s para leer la explicaci\u00f3n que sigue.<\/p>\n<div class=\"voc-detail__cmp voc-detail__cmp--title voc-detail__cmp--no-margin\" style=\"text-align: justify;\">\n<h3 class=\"voc-detail__title\">La fuerza de voluntad debe verse recompensada<\/h3>\n<\/div>\n<p class=\"voc-paragraph\" style=\"text-align: justify;\">La voluntad es la potestad de dirigir las propias acciones hacia un fin deseado, normalmente opuesto a la inmediatez del momento. Dicho de otro modo, nos permite vencer los obst\u00e1culos y alcanzar nuestras metas incluso si implican un esfuerzo que no se ve recompensado de manera inmediata.<\/p>\n<p class=\"voc-paragraph\" style=\"text-align: justify;\">Este primer punto es crucial: la sensaci\u00f3n de recompensa. Est\u00e1 muy arraigada en nuestro cerebro, y nos conmina a repetir las acciones que, de alg\u00fan modo, nos han resultado provechosas con anterioridad. Una de las zonas principales del cerebro implicadas es el estriado, y el neurotransmisor que lo activa se llama dopamina. La dopamina participa en diversas funciones mentales, a saber, la motivaci\u00f3n, el placer, la atenci\u00f3n, el optimismo y la recompensa, entre otras. Claves, dicho sea de paso, para conseguir lo que nos proponemos.<\/p>\n<p class=\"voc-paragraph\" style=\"text-align: justify;\">Por otra parte, cada vez que echamos mano de la fuerza de voluntad para hacer algo contrario a las tendencias inmediatas del momento, como por ejemplo comernos una ensalada en lugar de un entrecot grasiento, o una fruta en lugar de una tarta, se nos activa la denominada corteza cingulada anterior, que tiene diversas funciones, entre las cuales destacan la gesti\u00f3n de conductas racionales como la inhibici\u00f3n, la anticipaci\u00f3n de premios, la toma de decisiones, la empat\u00eda y la gesti\u00f3n emocional.<\/p>\n<p class=\"voc-paragraph\" style=\"text-align: justify;\">Esta zona del cerebro tiene conexi\u00f3n directa con la corteza prefrontal, que est\u00e1 implicada en la planificaci\u00f3n de acciones futuras y en el control consciente del comportamiento, lo que incluye la determinaci\u00f3n. Pero tambi\u00e9n con la am\u00edgdala, que se ocupa de generar emociones. Todas ellas, adem\u00e1s, act\u00faan sobre el estriado, que como ya se ha dicho genera sensaciones de recompensa.<\/p>\n<p class=\"voc-paragraph\" style=\"text-align: justify;\">\u00bfY a d\u00f3nde nos lleva todo esto? Unamos todas las piezas. Cuando nos planteamos un prop\u00f3sito, tanto en A\u00f1o Nuevo como cualquier otro d\u00eda del calendario, estamos usando la corteza prefrontal para planificarlo y para mantener la determinaci\u00f3n de conseguirlo. Tomamos la decisi\u00f3n con la corteza cingulada, que inhibe otras acciones que lo desbaratar\u00edan y controla las riendas de las emociones para mantenernos dentro de la racionalidad. Y, aqu\u00ed viene lo importante, anticipamos la recompensa final (por ejemplo, perder esos quilos que nos sobran).<\/p>\n<p class=\"voc-paragraph\" style=\"text-align: justify;\">Lo malo es que, cuando todo parece ir sobre ruedas, algo suele a torcerse. Porque normalmente la recompensa esperada, que es lo que a nivel cerebral nos permite mantener la atenci\u00f3n y el inter\u00e9s, se demora. Y la tentaci\u00f3n de sucumbir a los placeres inmediatos se hace cada vez m\u00e1s fuerte.<\/p>\n<div class=\"voc-detail__cmp voc-detail__cmp--title voc-detail__cmp--no-margin\" style=\"text-align: justify;\">\n<h3 class=\"voc-detail__title\">Sin motivaci\u00f3n la fuerza de voluntad flaquea<\/h3>\n<\/div>\n<p class=\"voc-paragraph\" style=\"text-align: justify;\">La \u00fanica manera de mantenernos firmes a pesar de todo es a trav\u00e9s de la motivaci\u00f3n. La motivaci\u00f3n es un estado interno que activa, dirige y mantiene la conducta hacia metas o fines determinados. De hecho, la misma motivaci\u00f3n es tambi\u00e9n fuente de recompensa y placer, y se relaciona con otras facultades mentales como el optimismo.<\/p>\n<p class=\"voc-paragraph\" style=\"text-align: justify;\">La motivaci\u00f3n depende tambi\u00e9n de la dopamina. Cuanto m\u00e1s altos son los niveles de dopamina, menos nos cuesta esforzarnos en conseguir una recompensa m\u00e1s valiosa que la recompensa f\u00e1cil e inmediata. Y, \u00a1tach\u00e1n!, el anhelo de esa recompensa futura gana la partida a los placeres de la inmediatez.<\/p>\n<p class=\"voc-paragraph\" style=\"text-align: justify;\">Claro que no todo el mundo muestra los mismos niveles de fuerza de voluntad. En las diferencias interpersonales intervienen dos factores. El primero, gen\u00e9tico. El sistema de la dopamina se basa en el funcionamiento de diversos genes. Seg\u00fan qu\u00e9 variantes g\u00e9nicas tengamos, su funcionamiento ser\u00e1 m\u00e1s o menos eficiente.<\/p>\n<p class=\"voc-paragraph\" style=\"text-align: justify;\">El segundo factor es el entrenamiento y la educaci\u00f3n. Porque s\u00ed, la fuerza de voluntad se puede entrenar. \u00bfC\u00f3mo? Simplemente us\u00e1ndola. Cada vez que la utilizamos, favorecemos conexiones neuronales que fortalecen el comportamiento que perseguimos. El truco est\u00e1 en imaginar recompensas suficientemente lejanas para que alcanzarlas implique un cierto esfuerzo, pero a la vez lo bastante cercanas para que las percibamos como asequibles.<\/p>\n<p class=\"voc-paragraph\" style=\"text-align: justify;\">Otra manera de trabajar la fuerza de voluntad es a trav\u00e9s del m\u00e9todo propuesto por Esther Wojcicki para favorecer el \u00e9xito personal, el m\u00e9todo TRICK (Truco). Propone fomentar los siguientes valores: Confianza (Trust), Respeto (Respect), Independencia (Independence), Colaboraci\u00f3n (Collaboration) y Amabilidad (Kindness).<\/p>\n<div class=\"voc-detail__cmp voc-detail__cmp--title voc-detail__cmp--no-margin\" style=\"text-align: justify;\">\n<h3 class=\"voc-detail__title\">Empieza por un d\u00eda nuevo<\/h3>\n<\/div>\n<p class=\"voc-paragraph\" style=\"text-align: justify;\">Una vida es mucho tiempo, quiz\u00e1s un a\u00f1o tambi\u00e9n. Si los prop\u00f3sitos anuales nos cuestan, m\u00e1s nos valdr\u00eda empezar por el \u00abD\u00eda nuevo, algo nuevo en nuestra vida\u00bb. Sin estresarnos, puesto que una de las consecuencias del estr\u00e9s es precisamente que disminuye la funcionalidad de las \u00e1reas racionales del cerebro y potencia las conductas basadas en la inmediatez.<\/p>\n<p class=\"voc-paragraph\" style=\"text-align: justify;\">Y ya iremos alargando en el tiempo los buenos prop\u00f3sitos a medida que nuestro sistema dopamin\u00e9rgico, la corteza cingulada anterior y la corteza prefrontal est\u00e9n m\u00e1s entrenados. Nadie es capaz de correr una marat\u00f3n el primer d\u00eda que se calza unas zapatillas de deporte.<\/p>\n<p style=\"text-align: justify;\"><strong><a class=\"voc-author\" title=\"DAVID BUENO I TORRENS\">DAVID BUENO I TORRENS <\/a><\/strong><span class=\"voc-special\">Profesor e investigador de la Secci\u00f3n de Gen\u00e9tica Biom\u00e9dica, Evolutiva y del Desarrollo. Director de la C\u00e1tedra de Neuroeducaci\u00f3n UB-EDU1ST., Universitat de Barcelona <\/span><a class=\"voc-author\" title=\"ANNA FOR\u00c9S MIRAVALLES\">ANNA FOR\u00c9S MIRAVALLES <\/a><span class=\"voc-special\">Profesora Facultad de Educaci\u00f3n, Universitat de Barcelona <\/span><\/p>\n<div class=\"voc-article-container\">\n<article class=\"voc-article voc-article--detail voc-article--detail--opinion voc-article--photo-bottom\">\n<div class=\"voc-img-container  \" style=\"text-align: justify;\">\n<p class=\"figure-caption\"><span class=\"voc-photo-caption\">FOTO: Millones de personas har\u00e1n prop\u00f3sitos con la llegada del nuevo a\u00f1o.<\/span><\/p>\n<\/div>\n<div class=\"voc-info-container\">\n<h2 class=\"voc-sub-title\" style=\"text-align: justify;\">\u00a0<\/h2>\n<\/div>\n<\/article>\n<\/div>\n","protected":false},"excerpt":{"rendered":"<p>La llegada del neuvo a\u00f1o nos invita a reflexionar y a hacer un balance de&#8230;<\/p>\n","protected":false},"author":1,"featured_media":58489,"comment_status":"closed","ping_status":"closed","sticky":false,"template":"","format":"standard","meta":{"_coblocks_attr":"","_coblocks_dimensions":"","_coblocks_responsive_height":"","_coblocks_accordion_ie_support":"","jetpack_post_was_ever_published":false,"_jetpack_newsletter_access":"","_jetpack_dont_email_post_to_subs":false,"_jetpack_newsletter_tier_id":0,"_jetpack_memberships_contains_paywalled_content":false,"_jetpack_memberships_contains_paid_content":false,"footnotes":"","jetpack_publicize_message":"","jetpack_publicize_feature_enabled":true,"jetpack_social_post_already_shared":true,"jetpack_social_options":{"image_generator_settings":{"template":"highway","default_image_id":0,"enabled":false},"version":2}},"categories":[1161,44,6937,15],"tags":[1932,9906],"class_list":["post-58488","post","type-post","status-publish","format-standard","has-post-thumbnail","hentry","category-ciudadania","category-noticias-de-hoy","category-sociedad","category-ultimas-noticias","tag-ano-nuevo","tag-propositos"],"jetpack_publicize_connections":[],"jetpack_featured_media_url":"https:\/\/i0.wp.com\/miradordeatarfe.es\/wp-content\/uploads\/2023\/01\/propositos-nuevo-ano-koWF-U190127565822BVB-624x385%40RC.png?fit=622%2C385&ssl=1","jetpack_likes_enabled":true,"jetpack_sharing_enabled":true,"_links":{"self":[{"href":"https:\/\/miradordeatarfe.es\/index.php?rest_route=\/wp\/v2\/posts\/58488","targetHints":{"allow":["GET"]}}],"collection":[{"href":"https:\/\/miradordeatarfe.es\/index.php?rest_route=\/wp\/v2\/posts"}],"about":[{"href":"https:\/\/miradordeatarfe.es\/index.php?rest_route=\/wp\/v2\/types\/post"}],"author":[{"embeddable":true,"href":"https:\/\/miradordeatarfe.es\/index.php?rest_route=\/wp\/v2\/users\/1"}],"replies":[{"embeddable":true,"href":"https:\/\/miradordeatarfe.es\/index.php?rest_route=%2Fwp%2Fv2%2Fcomments&post=58488"}],"version-history":[{"count":1,"href":"https:\/\/miradordeatarfe.es\/index.php?rest_route=\/wp\/v2\/posts\/58488\/revisions"}],"predecessor-version":[{"id":58490,"href":"https:\/\/miradordeatarfe.es\/index.php?rest_route=\/wp\/v2\/posts\/58488\/revisions\/58490"}],"wp:featuredmedia":[{"embeddable":true,"href":"https:\/\/miradordeatarfe.es\/index.php?rest_route=\/wp\/v2\/media\/58489"}],"wp:attachment":[{"href":"https:\/\/miradordeatarfe.es\/index.php?rest_route=%2Fwp%2Fv2%2Fmedia&parent=58488"}],"wp:term":[{"taxonomy":"category","embeddable":true,"href":"https:\/\/miradordeatarfe.es\/index.php?rest_route=%2Fwp%2Fv2%2Fcategories&post=58488"},{"taxonomy":"post_tag","embeddable":true,"href":"https:\/\/miradordeatarfe.es\/index.php?rest_route=%2Fwp%2Fv2%2Ftags&post=58488"}],"curies":[{"name":"wp","href":"https:\/\/api.w.org\/{rel}","templated":true}]}}