{"id":58531,"date":"2023-01-08T09:32:09","date_gmt":"2023-01-08T08:32:09","guid":{"rendered":"https:\/\/miradordeatarfe.es\/?p=58531"},"modified":"2023-01-06T21:35:28","modified_gmt":"2023-01-06T20:35:28","slug":"diferentes-colectivos-y-personalidades-reivindican-la-vuelta-del-tren-en-baza","status":"publish","type":"post","link":"https:\/\/miradordeatarfe.es\/?p=58531","title":{"rendered":"Diferentes colectivos y personalidades reivindican la vuelta del tren en Baza"},"content":{"rendered":"<h3 class=\"single-subtitle\" style=\"text-align: justify;\">En el acto han tenido un especial protagonismo los j\u00f3venes y ni\u00f1os que han le\u00eddo las cartas enviadas al presidente del Gobierno en las que solicitaban la vuelta de este medio de transporte<\/h3>\n<p style=\"text-align: justify;\">Diferentes colectivos y personalidades, entre ellas el alcalde de Baza, Manolo Gavil\u00e1n, y otros representantes p\u00fablicos han reclamado al Gobierno de Espa\u00f1a \u00abprioridad\u00bb para el estudio informativo en curso de reapertura de la l\u00ednea f\u00e9rrea Guadix-Baza-Almanzora-Lorca, y tambi\u00e9n una \u00abapuesta estatal\u00bb por el ferrocarril convencional mercanc\u00edas\/pasajeros \u00abque vertebre los territorios comarca a comarca\u00bb.<\/p>\n<p style=\"text-align: justify;\">En el acto, organizado por la Asociaci\u00f3n Amigos del Ferrocarril Comarca de Baza y la plataforma Comarca de Guadix por el Tren &#8211;con la colaboraci\u00f3n de la Asociaci\u00f3n de Empresarios del Altiplano de Granada, la asociaci\u00f3n agroganadera Agapro y La Revuelta de la Espa\u00f1a Vaciada&#8211; han tenido un especial protagonismo los j\u00f3venes y ni\u00f1os de las comarcas bastetana y accitana, que han le\u00eddo las cartas enviadas al presidente del Gobierno en las que solicitaban la vuelta del tren, seg\u00fan informa la organizaci\u00f3n convocante en una nota de prensa.<\/p>\n<p style=\"text-align: justify;\">En este sentido, el presidente de Amigos del Ferrocarril, Antonio Francisco Mart\u00ednez, tras rendir homenaje a las personas que luchan por la reapertura de la l\u00ednea f\u00e9rrea, \u00abha verificado la viabilidad, necesidad y rentabilidad de esta iniciativa\u00bb, al tiempo que ha indicado que el tren es la \u00abmejor alternativa\u00bb de desarrollo sostenible de presente y futuro \u00abpara que estas comarcas vaciadas puedan salir adelante\u00bb.<\/p>\n<p style=\"text-align: justify;\">Tambi\u00e9n han intervenido Paco \u00c1lvarez, de Guadix por el Tren; Francisco Almagro, de la Federaci\u00f3n Andaluza de Asociaciones de Amigos del Ferrocarril (Faaaf); Pepe Ferrer, de la Asociaci\u00f3n El Labradorcico de \u00c1guilas, y Manuel Mateos, de la Plataforma Almeriense.<\/p>\n<p style=\"text-align: justify;\">Junto a colectivos llegados desde distintas zonas de Andaluc\u00eda y Murcia, han asistido los parlamentarios nacionales Abelardo Vico y Onofre Miralles, la delegada territorial de Educaci\u00f3n, Mar\u00eda Jos\u00e9 Mart\u00edn; los parlamentarios andaluces Olga Manzano y Mariano Garc\u00eda, los alcaldes de Baza, Guadix y C\u00fallar, Manolo Gavil\u00e1n, Jes\u00fas Lorente y Alonso Segura, respectivamente, y la alcaldesa de Caniles, Mar\u00eda Pilar V\u00e1zquez.<\/p>\n<p style=\"text-align: justify;\">Asimismo, han acudido a dicho acto el presidente de la Mancomunidad, Olivi\u00e9 S\u00e1nchez, cargos locales y comarcales de los distintos partidos pol\u00edticos, as\u00ed como el presidente de la Fundaci\u00f3n Savia, Francisco Casero, seg\u00fan detalla la citada asociaci\u00f3n Amigos del Ferrocarril Comarca de Baza.<\/p>\n<h3 class=\"ladillo\" style=\"text-align: justify;\">Quinqu\u00e9 por el tren<\/h3>\n<p style=\"text-align: justify;\">El acto ha concluido con la entrega del galard\u00f3n &#8216;Quinqu\u00e9 por el tren&#8217;, &#8211;\u00abun s\u00edmbolo de la esperanza ferroviaria\u00bb&#8211;, a la Asociaci\u00f3n El Labradorcico de \u00c1guilas y a la activista bastetana Almudena Mu\u00f1oz, que actualmente encarna a la figura de la Dama de Baza, y con el reparto entre los asistentes de un dulce obsequio en forma de locomotora de chocolate \u00abpara comenzar 2023 de la mejor manera posible\u00bb.<\/p>\n<p style=\"text-align: justify;\">Este tradicional acto reivindicativo del 31 de diciembre se ha celebrado, como cada a\u00f1o, al mediod\u00eda, en la antigua estaci\u00f3n de tren de Baza. En esta ocasi\u00f3n, bajo el lema &#8216;Por un estudio informativo que nos devuelva el tren&#8217;.<\/p>\n<p style=\"text-align: justify;\"><strong><span class=\"single-new-date\">\u00a0<time class=\"updated\" datetime=\"2023-01-01T23:33:10+01:00\"><\/time>\u00a0<\/span><span class=\"single-new-author\">Europa Press<\/span><\/strong><\/p>\n<div class=\"single-new-img\">\n<figure style=\"text-align: justify;\"><figcaption class=\"caption wp-caption-text\">FOTO: Acto reivindicativo por la vuelta del tren a Baza | Foto: EP<\/figcaption><\/figure>\n<\/div>\n<div class=\"row single-new-content\">\n<div class=\"col-md-8 content-left\">\n<div class=\"single-new-header-meta text-muted\">\n<div class=\"single-new-date-author\"><strong>\u00a0<\/strong><\/div>\n<\/div>\n<\/div>\n<\/div>\n","protected":false},"excerpt":{"rendered":"<p>En el acto han tenido un especial protagonismo los j\u00f3venes y ni\u00f1os que han le\u00eddo&#8230;<\/p>\n","protected":false},"author":1,"featured_media":58532,"comment_status":"closed","ping_status":"closed","sticky":false,"template":"","format":"standard","meta":{"_coblocks_attr":"","_coblocks_dimensions":"","_coblocks_responsive_height":"","_coblocks_accordion_ie_support":"","jetpack_post_was_ever_published":false,"_jetpack_newsletter_access":"","_jetpack_dont_email_post_to_subs":false,"_jetpack_newsletter_tier_id":0,"_jetpack_memberships_contains_paywalled_content":false,"_jetpack_memberships_contains_paid_content":false,"footnotes":"","jetpack_publicize_message":"","jetpack_publicize_feature_enabled":true,"jetpack_social_post_already_shared":true,"jetpack_social_options":{"image_generator_settings":{"template":"highway","default_image_id":0,"enabled":false},"version":2}},"categories":[1161,44,15],"tags":[9908,129,3346,7781],"class_list":["post-58531","post","type-post","status-publish","format-standard","has-post-thumbnail","hentry","category-ciudadania","category-noticias-de-hoy","category-ultimas-noticias","tag-baza","tag-granada","tag-tren","tag-zona-norte"],"jetpack_publicize_connections":[],"jetpack_featured_media_url":"https:\/\/i0.wp.com\/miradordeatarfe.es\/wp-content\/uploads\/2023\/01\/fotonoticia_20221231173056_1920-1010x608-1.jpeg?fit=1010%2C608&ssl=1","jetpack_likes_enabled":true,"jetpack_sharing_enabled":true,"_links":{"self":[{"href":"https:\/\/miradordeatarfe.es\/index.php?rest_route=\/wp\/v2\/posts\/58531","targetHints":{"allow":["GET"]}}],"collection":[{"href":"https:\/\/miradordeatarfe.es\/index.php?rest_route=\/wp\/v2\/posts"}],"about":[{"href":"https:\/\/miradordeatarfe.es\/index.php?rest_route=\/wp\/v2\/types\/post"}],"author":[{"embeddable":true,"href":"https:\/\/miradordeatarfe.es\/index.php?rest_route=\/wp\/v2\/users\/1"}],"replies":[{"embeddable":true,"href":"https:\/\/miradordeatarfe.es\/index.php?rest_route=%2Fwp%2Fv2%2Fcomments&post=58531"}],"version-history":[{"count":1,"href":"https:\/\/miradordeatarfe.es\/index.php?rest_route=\/wp\/v2\/posts\/58531\/revisions"}],"predecessor-version":[{"id":58533,"href":"https:\/\/miradordeatarfe.es\/index.php?rest_route=\/wp\/v2\/posts\/58531\/revisions\/58533"}],"wp:featuredmedia":[{"embeddable":true,"href":"https:\/\/miradordeatarfe.es\/index.php?rest_route=\/wp\/v2\/media\/58532"}],"wp:attachment":[{"href":"https:\/\/miradordeatarfe.es\/index.php?rest_route=%2Fwp%2Fv2%2Fmedia&parent=58531"}],"wp:term":[{"taxonomy":"category","embeddable":true,"href":"https:\/\/miradordeatarfe.es\/index.php?rest_route=%2Fwp%2Fv2%2Fcategories&post=58531"},{"taxonomy":"post_tag","embeddable":true,"href":"https:\/\/miradordeatarfe.es\/index.php?rest_route=%2Fwp%2Fv2%2Ftags&post=58531"}],"curies":[{"name":"wp","href":"https:\/\/api.w.org\/{rel}","templated":true}]}}