{"id":58534,"date":"2023-01-09T09:00:59","date_gmt":"2023-01-09T08:00:59","guid":{"rendered":"https:\/\/miradordeatarfe.es\/?p=58534"},"modified":"2023-01-06T22:07:41","modified_gmt":"2023-01-06T21:07:41","slug":"una-encuesta-entre-los-propios-granadinos-lo-confirma-granada-es-la-tierra-de-la-malafolla-y-del-chavico","status":"publish","type":"post","link":"https:\/\/miradordeatarfe.es\/?p=58534","title":{"rendered":"Una encuesta entre los propios granadinos lo confirma: Granada es la tierra de la &#8216;malafoll\u00e1&#8217; y del &#8216;chavico&#8217;"},"content":{"rendered":"<h3 class=\"single-subtitle\" style=\"text-align: justify;\">Una plataforma especializada en aprendizaje de idiomas ha elaborado un ranking con las zonas m\u00e1s maleducadas de Espa\u00f1a preguntando a sus propios ciudadanos<\/h3>\n<p style=\"text-align: justify;\">La <strong>&#8216;malafoll\u00e1&#8217;<\/strong> es una de las particularidades que define el car\u00e1cter de todo &#8216;grana\u00edno&#8217; que se precie. Y, como habitualmente sucede con eso de los t\u00f3picos, lejos de querer corregirla, es motivo de orgullo para muchos en esta santa tierra. Otros, sin embargo, reniegan y lo achacan a un manido e interesado clich\u00e9 de la Espa\u00f1a ca\u00f1\u00ed. Pero a estos \u00faltimos se les han acabado las excusas porque <strong>Preply<\/strong>, una de las mayores plataformas especializadas en aprendizaje de idiomas, ha encargado un estudio para conocer cu\u00e1les son las ciudades m\u00e1s maleducadas de Espa\u00f1a y, \u00ab\u00a1Oh, sorpresa&#8230;!\u00bb, Granada ocupa el segundo puesto, solo por detr\u00e1s de Santa Cruz de Tenerife.<\/p>\n<p style=\"text-align: justify;\">Antes de que alguien pueda sentir la tentaci\u00f3n de achacar los resultados del an\u00e1lisis a una supuesta envidia hacia Granada del resto de espa\u00f1oles por sus maravillas y singularidades, o incluso a la mala fe de los propios encargados de elaborar el estudio, hay aclarar que la encuesta que ha arrojado estos resultados se ha hecho entre los propios habitantes de cada una de las ciudades. O sea, que tenemos &#8216;malafoll\u00e1&#8217; y no solo lo reconocemos, sino que encima nos molesta.<img loading=\"lazy\" decoding=\"async\" src=\"https:\/\/granadadigitaladserver.granadadigital.es\/www\/delivery\/lg.php?bannerid=0&amp;campaignid=0&amp;zoneid=106&amp;loc=https%3A%2F%2Fwww.granadadigital.es%2Fgranada-tierra-malafolla-chavico-ciudad-maleducada-encuesta-preply%2F&amp;referer=https%3A%2F%2Fwww.granadadigital.es%2Fseccion%2Fgranada%2F&amp;cb=53c9b210cd\" alt=\"\" width=\"0\" height=\"0\" \/><\/p>\n<p style=\"text-align: justify;\">Y es que el trabajo de campo mide la opini\u00f3n que, en cada urbe, los residentes tienen respecto al nivel de educaci\u00f3n que muestran sus propios conciudadanos en las 12 \u00e1reas m\u00e1s propensas a mostrar una falta de cortes\u00eda hacia los dem\u00e1s. Para ello se ha entrevistado a m\u00e1s de 1.500 residentes de 19 conurbaciones de Espa\u00f1a y se les ha preguntado con qu\u00e9 frecuencia se encuentran con un comportamiento maleducado, su opini\u00f3n sobre dar propinas, y qui\u00e9nes creen que son los m\u00e1s maleducados, la gente de all\u00ed o los de fuera. En fin, que encima hab\u00eda que seleccionar solo 19 zonas de Espa\u00f1a y Granada estaba entre ellas. Todo un \u00e9xito. Por cierto, respecto a lo de &#8216;dar propinas&#8217;, \u00a1<em>Spoiler<\/em>!, tambi\u00e9n se cumple el t\u00f3pico de la <strong>&#8216;tierra del chavico&#8217;<\/strong>.<\/p>\n<p style=\"text-align: justify;\">Pero vayamos por pasos, que no por &#8216;tronos&#8217; como dicen los malague\u00f1os. Entre las principales conclusiones, el <strong>sondeo de Preply<\/strong> destaca una: \u00ab<strong>Las tres ciudades m\u00e1s maleducadas de Espa\u00f1a son Santa Cruz de Tenerife, Granada y Alicante-Elche<\/strong>. En comparaci\u00f3n con la media de 5,53, estas \u00e1reas metropolitanas obtuvieron una puntuaci\u00f3n de 6,06, 5,95 y 5,81, respectivamente\u00bb. A los de la &#8216;Cofrad\u00eda del Clavo Ardiendo&#8217; al menos podr\u00e1n agarrarse a que en la terna tambi\u00e9n est\u00e1 Elche, ciudad con la que existe cierta rivalidad desde que en 2011 el Granada se llevara el ascenso a Primera en el mismo estadio del equipo ilicitano.<\/p>\n<p style=\"text-align: justify;\">Por detr\u00e1s de Granada aparecen San Sebasti\u00e1n, Bilbao, Palma (de Mallorca), Barcelona, M\u00e1laga y Valladolid. Los madrile\u00f1os, tan pretendidamente de centro como siempre, ocupan justo el d\u00e9cimo puesto. Este redactor espera que tambi\u00e9n acaben as\u00ed en LaLiga. Y, a partir de ah\u00ed, las \u00e1reas menos maleducadas, que no educadas, son en orden ascendente C\u00e1diz, Sevilla (encima), Zaragoza, Las Palmas, Oviedo-Gij\u00f3n-Avil\u00e9s, Murcia-Orihuela, Valencia, La Coru\u00f1a-Oleiros-Arteixo y Vigo. O sea que a los gallegos no les basta con quedarse la Agencia Estatal de Inteligencia Artificial, sino que encima son m\u00e1s simp\u00e1ticos que sus oponentes granadinos y alicantinos.<ins id=\"revive-0-4\" data-revive-zoneid=\"86\" data-revive-id=\"3675e576db6d1cc6cb6554b6e5954dc7\" data-revive-seq=\"4\" data-revive-loaded=\"1\"><\/ins><img loading=\"lazy\" decoding=\"async\" src=\"https:\/\/granadadigitaladserver.granadadigital.es\/www\/delivery\/lg.php?bannerid=3578&amp;campaignid=2252&amp;zoneid=86&amp;loc=https%3A%2F%2Fwww.granadadigital.es%2Fgranada-tierra-malafolla-chavico-ciudad-maleducada-encuesta-preply%2F&amp;referer=https%3A%2F%2Fwww.granadadigital.es%2Fseccion%2Fgranada%2F&amp;cb=6490597e69\" alt=\"\" width=\"0\" height=\"0\" \/><\/p>\n<p>&nbsp;<\/p>\n<h3 style=\"text-align: justify;\">Maleducados conduciendo, en el restaurante y en la cola del &#8216;s\u00faper&#8217;<\/h3>\n<p style=\"text-align: justify;\">Aparte de revelar qu\u00e9 ciudades de Espa\u00f1a son las que tienen los mejores y peores modales, el prop\u00f3sito del estudio tambi\u00e9n era averiguar cu\u00e1les son los comportamientos maleducados m\u00e1s frecuentes en todo el territorio. Los resultados mostraron que estar todo el tiempo pegado al tel\u00e9fono es el m\u00e1s prevalente. Otra lista recoge tambi\u00e9n las ciudades encuestadas que han obtenido la mayor puntuaci\u00f3n en cada uno de los comportamientos. Y de 12, <strong>Granada lidera hasta tres<\/strong>. Ah\u00ed, que no se diga. Son los siguientes: &#8216;no dejar a otros coches pasar cuando hay tr\u00e1fico&#8217;, no se pod\u00eda saber; &#8216;ser maleducado con el personal de servicio&#8217;, porque si el camarero viene 600 veces, 600 veces se le debe decir &#8216;gracias&#8217;, como un compa\u00f1ero de profesi\u00f3n nos recuerda en Twitter; y, por \u00faltimo, &#8216;saltarse la cola&#8217;, para que no digan que siempre somos los \u00faltimos en todo. Por ejemplo, los de Bilbao, supuestamente, son los que m\u00e1s alto hablan en p\u00fablico, y los de San Sebasti\u00e1n no parecen muy propensos a acoger forasteros. Tampoco se pod\u00eda saber.<\/p>\n<p style=\"text-align: justify;\">Entre todas las ciudades, un 21,25 % pensaron que los no residentes eran m\u00e1s maleducados que los residentes. Y Granada es la cuarta \u00e1rea metropolitana de Espa\u00f1a que m\u00e1s autopercibe que los que vienen de fuera &#8216;dan el co\u00f1azo&#8217; m\u00e1s que los propios granadinos. Por delante, Palma, Valladolid y La Coru\u00f1a; por detr\u00e1s, Las Palmas (de Gran Canaria). Y en el lado opuesto, tinerfe\u00f1os, gaditanos, vigueses y zaragozanos son los que m\u00e1s consideran que sus habitantes incordian m\u00e1s que quienes les visitan.<\/p>\n<h3 style=\"text-align: justify;\">&#8216;Malafoll\u00e1s&#8217; y encima &#8216;chavicos&#8217;<\/h3>\n<p style=\"text-align: justify;\">Si confirmar por el m\u00e9todo cient\u00edfico lo de la<strong> &#8216;malafoll\u00e1&#8217;<\/strong> no fuera ya suficiente mochila, encima tambi\u00e9n hay que cargar con el peso de que la encuesta de <strong>Preply<\/strong> tambi\u00e9n corrobore el t\u00f3pico del <strong>&#8216;chavico&#8217;<\/strong>. Y es que el estudio dedica un apartado a conocer cu\u00e1nto suenan las campanas de los bares seg\u00fan el lugar en el que se ubiquen. Para ello, se pidi\u00f3 a los encuestados seleccionar las afirmaciones con las que estaban m\u00e1s de acuerdo de las opciones que se muestran a continuaci\u00f3n: \u00abNormalmente suelo dejar propina\u00bb, \u00absolo dejo propina si el servicio fue excelente\u00bb, \u00aben mi ciudad la gente no suele dejar propina\u00bb, \u00abdejar propina es un buen h\u00e1bito y no hacerlo es un mal gesto\u00bb, \u00ablas propinas no ser\u00edan necesarias si los sueldos fueran buenos\u00bb, \u00aben mi ciudad es normal dejar propina\u00bb, \u00abno suelo dejar propina\u00bb, \u00aben mi ciudad la gente suele dejar propina\u00bb y \u00abnada de lo anterior\u00bb.<\/p>\n<p style=\"text-align: justify;\">Paralelamente, se cuestion\u00f3 a los residentes cu\u00e1nto dinero sol\u00edan dejar de propina. De todos los datos recopilados, se ha calculado la media del importe que los ciudadanos suelen dejar como propina en cada ciudad para descubrir cu\u00e1les son las m\u00e1s y menos taca\u00f1as en una escala del uno al diez.<\/p>\n<p style=\"text-align: justify;\">De la casi veintena de ciudades analizadas, Valladolid se lleva la palma de <strong>la &#8216;m\u00e1s generosa&#8217; entre las &#8216;ratas&#8217;, que dir\u00edan en La Chana<\/strong>, con un porcentaje del 10,18%. Le siguen Las Palmas, La Coru\u00f1a, C\u00e1diz, Vigo y Barcelona, cuyos habitantes rompen el t\u00f3pico de que los catalanes son unos agarrados. Y despu\u00e9s de un largo y tedioso listado al fin <strong>aparece Granada en un meritorio cuarto puesto&#8230; \u00a1Por la cola!<\/strong> Con un 6,59%, los granadinos demuestran que tambi\u00e9n pertenecen a la &#8216;Cofrad\u00eda del Pu\u00f1o Cerrado&#8217;. Menos mal que salen peor parados los de Murcia-Orihuela, San Sebasti\u00e1n y Santa Cruz de Tenerife. A tener en cuenta: en todas ellas hay conceptos gastron\u00f3micos parecidos a la tapa. En Murcia, el bocado de marinera; en San Sebasti\u00e1n, el <em>pintxo<\/em>, y en Santa Cruz de Tenerife no hay nada, pero nadie podr\u00e1 decir que no me &#8216;mojo&#8217;.<\/p>\n<p style=\"text-align: justify;\">\u00a0<\/p>\n<hr \/>\n<p style=\"text-align: justify;\"><em><strong>Metodolog\u00eda:<\/strong> del 2 al 7 de noviembre de 2022, se encuest\u00f3 a 1.567 participantes en las 19 \u00e1reas m\u00e1s grandes del pa\u00eds. Para poder participar en la encuesta, llevada a cabo por Censuswide, era obligatorio ser residente desde al menos 12 meses. De todos los participantes, 736 se identificaron como hombres y 831 como mujeres..<\/em><\/p>\n<p style=\"text-align: justify;\"><em>Para calcular las ciudades m\u00e1s y menos educadas, se les pregunt\u00f3 a los participantes con qu\u00e9 frecuencia presenciaban los 12 comportamientos maleducados m\u00e1s comunes en la zona donde resid\u00edan. A continuaci\u00f3n, se hizo una media con los datos obtenidos para calcular la puntuaci\u00f3n media de mala educaci\u00f3n por ciudad para clasificarlas.<\/em><\/p>\n<p><strong><span class=\"single-new-author\">Miguel L\u00f3pez Rivera<\/span><\/strong><\/p>\n<div class=\"single-new-img\">\n<figure><figcaption class=\"caption wp-caption-text\">FOTO:Un grupo de granadinos demuestra su &#8216;malafoll\u00e1&#8217; por la Gran V\u00eda no mirando a la c\u00e1mara cuando se les hace una foto | Foto: Archivo GD<\/p>\n<p>https:\/\/www.granadadigital.es\/granada-tierra-malafolla-chavico-ciudad-maleducada-encuesta-preply\/<\/figcaption><\/figure>\n<\/div>\n<div class=\"row single-new-content\">\n<div class=\"col-md-8 content-left\">\n<div class=\"single-new-header-meta text-muted\">\n<div class=\"single-new-date-author\"><strong><span class=\"single-new-author\">\u00a0<\/span><\/strong><\/div>\n<\/div>\n<\/div>\n<\/div>\n","protected":false},"excerpt":{"rendered":"<p>Una plataforma especializada en aprendizaje de idiomas ha elaborado un ranking con las zonas m\u00e1s&#8230;<\/p>\n","protected":false},"author":1,"featured_media":58535,"comment_status":"closed","ping_status":"closed","sticky":false,"template":"","format":"standard","meta":{"_coblocks_attr":"","_coblocks_dimensions":"","_coblocks_responsive_height":"","_coblocks_accordion_ie_support":"","jetpack_post_was_ever_published":false,"_jetpack_newsletter_access":"","_jetpack_dont_email_post_to_subs":false,"_jetpack_newsletter_tier_id":0,"_jetpack_memberships_contains_paywalled_content":false,"_jetpack_memberships_contains_paid_content":false,"footnotes":"","jetpack_publicize_message":"","jetpack_publicize_feature_enabled":true,"jetpack_social_post_already_shared":true,"jetpack_social_options":{"image_generator_settings":{"template":"highway","default_image_id":0,"enabled":false},"version":2}},"categories":[1161,44,6937,15],"tags":[2571,703,8389],"class_list":["post-58534","post","type-post","status-publish","format-standard","has-post-thumbnail","hentry","category-ciudadania","category-noticias-de-hoy","category-sociedad","category-ultimas-noticias","tag-chavico","tag-encuesta","tag-malafolla"],"jetpack_publicize_connections":[],"jetpack_featured_media_url":"https:\/\/i0.wp.com\/miradordeatarfe.es\/wp-content\/uploads\/2023\/01\/virgen-de-las-nieves-ciudadania-3-2-1010x673-1.jpg?fit=1010%2C673&ssl=1","jetpack_likes_enabled":true,"jetpack_sharing_enabled":true,"_links":{"self":[{"href":"https:\/\/miradordeatarfe.es\/index.php?rest_route=\/wp\/v2\/posts\/58534","targetHints":{"allow":["GET"]}}],"collection":[{"href":"https:\/\/miradordeatarfe.es\/index.php?rest_route=\/wp\/v2\/posts"}],"about":[{"href":"https:\/\/miradordeatarfe.es\/index.php?rest_route=\/wp\/v2\/types\/post"}],"author":[{"embeddable":true,"href":"https:\/\/miradordeatarfe.es\/index.php?rest_route=\/wp\/v2\/users\/1"}],"replies":[{"embeddable":true,"href":"https:\/\/miradordeatarfe.es\/index.php?rest_route=%2Fwp%2Fv2%2Fcomments&post=58534"}],"version-history":[{"count":1,"href":"https:\/\/miradordeatarfe.es\/index.php?rest_route=\/wp\/v2\/posts\/58534\/revisions"}],"predecessor-version":[{"id":58536,"href":"https:\/\/miradordeatarfe.es\/index.php?rest_route=\/wp\/v2\/posts\/58534\/revisions\/58536"}],"wp:featuredmedia":[{"embeddable":true,"href":"https:\/\/miradordeatarfe.es\/index.php?rest_route=\/wp\/v2\/media\/58535"}],"wp:attachment":[{"href":"https:\/\/miradordeatarfe.es\/index.php?rest_route=%2Fwp%2Fv2%2Fmedia&parent=58534"}],"wp:term":[{"taxonomy":"category","embeddable":true,"href":"https:\/\/miradordeatarfe.es\/index.php?rest_route=%2Fwp%2Fv2%2Fcategories&post=58534"},{"taxonomy":"post_tag","embeddable":true,"href":"https:\/\/miradordeatarfe.es\/index.php?rest_route=%2Fwp%2Fv2%2Ftags&post=58534"}],"curies":[{"name":"wp","href":"https:\/\/api.w.org\/{rel}","templated":true}]}}