{"id":58540,"date":"2023-01-09T08:30:31","date_gmt":"2023-01-09T07:30:31","guid":{"rendered":"https:\/\/miradordeatarfe.es\/?p=58540"},"modified":"2023-01-06T22:08:00","modified_gmt":"2023-01-06T21:08:00","slug":"reactivar-las-renovables","status":"publish","type":"post","link":"https:\/\/miradordeatarfe.es\/?p=58540","title":{"rendered":"Reactivar las renovables"},"content":{"rendered":"<h3 style=\"text-align: justify;\">La aceleraci\u00f3n de los proyectos compromete a todas las partes involucradas, tanto empresas como administraciones<\/h3>\n<p style=\"text-align: justify;\">En los \u00faltimos d\u00edas, <a title=\"https:\/\/elpais.com\/economia\/2022-12-28\/el-gobierno-suspende-la-tramitacion-de-proyectos-renovables-sin-conexion-para-frenar-movimientos-especulativos.html\" href=\"http:\/\/t.newsletter.elpais.com\/r\/?id=h5690cbdd,a91aa30,4a16770\" target=\"_blank\" rel=\"noopener\" data-saferedirecturl=\"https:\/\/www.google.com\/url?q=http:\/\/t.newsletter.elpais.com\/r\/?id%3Dh5690cbdd,a91aa30,4a16770&amp;source=gmail&amp;ust=1673123472923000&amp;usg=AOvVaw3NnPLrNFoB9J2yLa8YlgI0\"> Gobierno y comunidades aut\u00f3nomas han resuelto<\/a> \u2014de forma positiva o negativa\u2014 decenas de declaraciones de impacto ambiental que llevaban meses atascadas en la telara\u00f1a burocr\u00e1tica y que ten\u00edan en el aire, aproximadamente, 80.000 MW de proyectos de energ\u00edas renovables <a title=\"https:\/\/elpais.com\/noticias\/energia-eolica\/\" href=\"http:\/\/t.newsletter.elpais.com\/r\/?id=h5690cbdd,a91aa30,4a16771\" target=\"_blank\" rel=\"noopener\" data-saferedirecturl=\"https:\/\/www.google.com\/url?q=http:\/\/t.newsletter.elpais.com\/r\/?id%3Dh5690cbdd,a91aa30,4a16771&amp;source=gmail&amp;ust=1673123472923000&amp;usg=AOvVaw2-16IpgT8Vd4h8EQ4teJQy\"> \u2014e\u00f3lica<\/a> y, sobre todo, <a title=\"https:\/\/elpais.com\/noticias\/energia-solar-fotovoltaica\/\" href=\"http:\/\/t.newsletter.elpais.com\/r\/?id=h5690cbdd,a91aa30,4a16772\" target=\"_blank\" rel=\"noopener\" data-saferedirecturl=\"https:\/\/www.google.com\/url?q=http:\/\/t.newsletter.elpais.com\/r\/?id%3Dh5690cbdd,a91aa30,4a16772&amp;source=gmail&amp;ust=1673123472923000&amp;usg=AOvVaw2CPC5bFW0nxVQFmY2bUMoA\"> solar fotovoltaica\u2014,<\/a> lo que hac\u00eda peligrar su viabilidad. El ritmo se ha acelerado de forma notable desde el aviso de la vicepresidenta tercera y ministra para la Transici\u00f3n Ecol\u00f3gica, Teresa Ribera, de que no habr\u00eda una nueva pr\u00f3rroga del actual plazo del 25 de enero (tras las dos concedidas ya) y que, por tanto, quienes no obtuvieran el visto bueno antes de esa fecha perder\u00edan sus derechos de conexi\u00f3n y acceso a la red que ha de concederles <a title=\"https:\/\/elpais.com\/noticias\/ree\/\" href=\"http:\/\/t.newsletter.elpais.com\/r\/?id=h5690cbdd,a91aa30,4a16773\" target=\"_blank\" rel=\"noopener\" data-saferedirecturl=\"https:\/\/www.google.com\/url?q=http:\/\/t.newsletter.elpais.com\/r\/?id%3Dh5690cbdd,a91aa30,4a16773&amp;source=gmail&amp;ust=1673123472923000&amp;usg=AOvVaw0-3x9CT-3_0u8mU9E-i5Pl\"> Red El\u00e9ctrica de Espa\u00f1a (REE).<\/a> Aun as\u00ed, hay comunidades aut\u00f3nomas que siguen siendo excesivamente lentas en esta tramitaci\u00f3n, lo que pone en riesgo el despliegue de estas plantas. De no acelerar a\u00fan m\u00e1s en estas resoluciones, el riesgo tambi\u00e9n es may\u00fasculo desde el punto de vista jur\u00eddico: muchos de los promotores a los que <a title=\"https:\/\/elpais.com\/economia\/2022-11-14\/atasco-en-las-renovables-la-lentitud-administrativa-pone-en-peligro-un-centenar-de-gigavatios-en-proyectos.html\" href=\"http:\/\/t.newsletter.elpais.com\/r\/?id=h5690cbdd,a91aa30,4a16774\" target=\"_blank\" rel=\"noopener\" data-saferedirecturl=\"https:\/\/www.google.com\/url?q=http:\/\/t.newsletter.elpais.com\/r\/?id%3Dh5690cbdd,a91aa30,4a16774&amp;source=gmail&amp;ust=1673123472923000&amp;usg=AOvVaw1ceFnvCvWS_DmrFBYyqlbx\"> la lentitud de una Administraci\u00f3n escasa de recursos para resolver los expedientes<\/a> sigue sin dar respuesta amagan con litigar cuando venza el plazo. Eso retrasar\u00eda todav\u00eda m\u00e1s el proceso, cuando lo que se necesita es m\u00e1xima agilidad en la puesta en marcha de las plantas renovables.<u><\/u><u><\/u><\/p>\n<p style=\"text-align: justify;\">La crisis clim\u00e1tica exige apostar de forma clara y decidida por las energ\u00edas limpias. La ansiada autonom\u00eda estrat\u00e9gica europea no podr\u00e1 ser una realidad sin que <a title=\"https:\/\/elpais.com\/economia\/2022-03-13\/la-ue-abraza-las-renovables-para-romper-la-dependencia-de-rusia.html\" href=\"http:\/\/t.newsletter.elpais.com\/r\/?id=h5690cbdd,a91aa30,4a16775\" target=\"_blank\" rel=\"noopener\" data-saferedirecturl=\"https:\/\/www.google.com\/url?q=http:\/\/t.newsletter.elpais.com\/r\/?id%3Dh5690cbdd,a91aa30,4a16775&amp;source=gmail&amp;ust=1673123472923000&amp;usg=AOvVaw2SkI1MSazyc2M6GydSxH2m\"> los Veintisiete se liberen de la pesada losa que supone su dependencia energ\u00e9tica,<\/a> m\u00e1xime cuando se trata de gas, petr\u00f3leo y carb\u00f3n. No solo ser\u00eda una buena noticia en lo ambiental sino tambi\u00e9n en lo econ\u00f3mico: la importaci\u00f3n de combustibles f\u00f3siles es la mayor carga para la hoy deficitaria balanza comercial comunitaria.<u><\/u><u><\/u><\/p>\n<p style=\"text-align: justify;\">Para que la transici\u00f3n ecol\u00f3gica, con las renovables como uno de sus ejes, sea exitosa es fundamental simplificar y agilizar los tr\u00e1mites con el compromiso activo de todas las administraciones, tanto del ministerio como de las comunidades, y del resto de agentes implicados. Todo esto debe hacerse, adem\u00e1s, sin menoscabo de las garant\u00edas de protecci\u00f3n ambiental. <a title=\"https:\/\/elpais.com\/clima-y-medio-ambiente\/2022-12-14\/el-parlamento-europeo-avala-flexibilizar-las-exigencias-ambientales-para-las-renovables.html\" href=\"http:\/\/t.newsletter.elpais.com\/r\/?id=h5690cbdd,a91aa30,4a16776\" target=\"_blank\" rel=\"noopener\" data-saferedirecturl=\"https:\/\/www.google.com\/url?q=http:\/\/t.newsletter.elpais.com\/r\/?id%3Dh5690cbdd,a91aa30,4a16776&amp;source=gmail&amp;ust=1673123472923000&amp;usg=AOvVaw3U_7Q4TifAHmOXf9-6iF7W\"> Ser\u00eda una contradicci\u00f3n que para agilizar el despliegue de renovables se rebajaran las exigencias ambientales,<\/a> puerta que abre, sin embargo, <a title=\"https:\/\/www.boe.es\/buscar\/doc.php?id=DOUE-L-2022-81968#:~:text=L%2D2022%2D81968-,Reglamento%20(UE)%202022%2F2577%20del%20Consejo%20de%2022%20de,a%2044%20(9%20p%C3%A1gs.%20)\" href=\"http:\/\/t.newsletter.elpais.com\/r\/?id=h5690cbdd,a91aa30,4a16777\" target=\"_blank\" rel=\"noopener\" data-saferedirecturl=\"https:\/\/www.google.com\/url?q=http:\/\/t.newsletter.elpais.com\/r\/?id%3Dh5690cbdd,a91aa30,4a16777&amp;source=gmail&amp;ust=1673123472923000&amp;usg=AOvVaw0Bu9K1ylTf9JXyxcEXTUH3\"> el Reglamento de la UE de diciembre<\/a> que fija un marco para acelerar ese despliegue. Para que la transici\u00f3n sea masiva y r\u00e1pida, ha de realizarse con acuerdos con los territorios afectados, haci\u00e9ndoles part\u00edcipes del proyecto, sus beneficios y cobeneficios desde el primer momento. Esto pasa, y es otro de los elementos clave, por que las empresas articulen procesos de negociaci\u00f3n y acuerdos con esos territorios, maximicen sus pol\u00edticas de transparencia y denuncien cualquier mala pr\u00e1ctica que pueda comprometer el prestigio del sector.<u><\/u><u><\/u><\/p>\n<p style=\"text-align: justify;\">Finalmente, no debe olvidarse que, junto al despliegue de estas instalaciones de la e\u00f3lica \u2014que en los \u00faltimos tiempos ha frenado su ritmo pese a ser m\u00e1s importante que nunca\u2014 y la fotovoltaica, es imprescindible favorecer las infraestructuras de autoconsumo, entre ellas, y por su especial relevancia, <a title=\"https:\/\/elpais.com\/espana\/2022-10-31\/el-fiasco-de-las-comunidades-energeticas-las-trabas-burocraticas-retrasan-los-proyectos.html\" href=\"http:\/\/t.newsletter.elpais.com\/r\/?id=h5690cbdd,a91aa30,4a16778\" target=\"_blank\" rel=\"noopener\" data-saferedirecturl=\"https:\/\/www.google.com\/url?q=http:\/\/t.newsletter.elpais.com\/r\/?id%3Dh5690cbdd,a91aa30,4a16778&amp;source=gmail&amp;ust=1673123472923000&amp;usg=AOvVaw06jqcsWB4DBOtIh3i34mjs\"> las comunidades energ\u00e9ticas.<\/a> Las \u00faltimas modificaciones del Gobierno mediante <a title=\"https:\/\/www.boe.es\/buscar\/doc.php?id=BOE-A-2019-5089\" href=\"http:\/\/t.newsletter.elpais.com\/r\/?id=h5690cbdd,a91aa30,4a16779\" target=\"_blank\" rel=\"noopener\" data-saferedirecturl=\"https:\/\/www.google.com\/url?q=http:\/\/t.newsletter.elpais.com\/r\/?id%3Dh5690cbdd,a91aa30,4a16779&amp;source=gmail&amp;ust=1673123472923000&amp;usg=AOvVaw0V_va_a_M_s-glOHAgCjHi\"> el Real Decreto 244\/2019<\/a> que permite ampliar el radio del autoconsumo compartido de 500 metros a dos kil\u00f3metros, como hacen otros pa\u00edses, es un paso en esa direcci\u00f3n, si bien queda pendiente una trasposici\u00f3n r\u00e1pida y ambiciosa de las directivas comunitarias dirigidas a acelerar esas mismas comunidades energ\u00e9ticas<\/p>\n<p>EL PAIS<\/p>\n<p>&nbsp;<\/p>\n","protected":false},"excerpt":{"rendered":"<p>La aceleraci\u00f3n de los proyectos compromete a todas las partes involucradas, tanto empresas como administraciones&#8230;<\/p>\n","protected":false},"author":1,"featured_media":58541,"comment_status":"closed","ping_status":"closed","sticky":false,"template":"","format":"standard","meta":{"_coblocks_attr":"","_coblocks_dimensions":"","_coblocks_responsive_height":"","_coblocks_accordion_ie_support":"","jetpack_post_was_ever_published":false,"_jetpack_newsletter_access":"","_jetpack_dont_email_post_to_subs":false,"_jetpack_newsletter_tier_id":0,"_jetpack_memberships_contains_paywalled_content":false,"_jetpack_memberships_contains_paid_content":false,"footnotes":"","jetpack_publicize_message":"","jetpack_publicize_feature_enabled":true,"jetpack_social_post_already_shared":true,"jetpack_social_options":{"image_generator_settings":{"template":"highway","default_image_id":0,"enabled":false},"version":2}},"categories":[7725,1161,44,6937,15],"tags":[561,1355],"class_list":["post-58540","post","type-post","status-publish","format-standard","has-post-thumbnail","hentry","category-atarfe-sostenible","category-ciudadania","category-noticias-de-hoy","category-sociedad","category-ultimas-noticias","tag-empresas","tag-renovables"],"jetpack_publicize_connections":[],"jetpack_featured_media_url":"https:\/\/i0.wp.com\/miradordeatarfe.es\/wp-content\/uploads\/2023\/01\/ENERGIAS-RENOVABLES.jpg?fit=656%2C248&ssl=1","jetpack_likes_enabled":true,"jetpack_sharing_enabled":true,"_links":{"self":[{"href":"https:\/\/miradordeatarfe.es\/index.php?rest_route=\/wp\/v2\/posts\/58540","targetHints":{"allow":["GET"]}}],"collection":[{"href":"https:\/\/miradordeatarfe.es\/index.php?rest_route=\/wp\/v2\/posts"}],"about":[{"href":"https:\/\/miradordeatarfe.es\/index.php?rest_route=\/wp\/v2\/types\/post"}],"author":[{"embeddable":true,"href":"https:\/\/miradordeatarfe.es\/index.php?rest_route=\/wp\/v2\/users\/1"}],"replies":[{"embeddable":true,"href":"https:\/\/miradordeatarfe.es\/index.php?rest_route=%2Fwp%2Fv2%2Fcomments&post=58540"}],"version-history":[{"count":1,"href":"https:\/\/miradordeatarfe.es\/index.php?rest_route=\/wp\/v2\/posts\/58540\/revisions"}],"predecessor-version":[{"id":58542,"href":"https:\/\/miradordeatarfe.es\/index.php?rest_route=\/wp\/v2\/posts\/58540\/revisions\/58542"}],"wp:featuredmedia":[{"embeddable":true,"href":"https:\/\/miradordeatarfe.es\/index.php?rest_route=\/wp\/v2\/media\/58541"}],"wp:attachment":[{"href":"https:\/\/miradordeatarfe.es\/index.php?rest_route=%2Fwp%2Fv2%2Fmedia&parent=58540"}],"wp:term":[{"taxonomy":"category","embeddable":true,"href":"https:\/\/miradordeatarfe.es\/index.php?rest_route=%2Fwp%2Fv2%2Fcategories&post=58540"},{"taxonomy":"post_tag","embeddable":true,"href":"https:\/\/miradordeatarfe.es\/index.php?rest_route=%2Fwp%2Fv2%2Ftags&post=58540"}],"curies":[{"name":"wp","href":"https:\/\/api.w.org\/{rel}","templated":true}]}}