{"id":58543,"date":"2023-01-09T10:04:23","date_gmt":"2023-01-09T09:04:23","guid":{"rendered":"https:\/\/miradordeatarfe.es\/?p=58543"},"modified":"2023-01-06T22:07:13","modified_gmt":"2023-01-06T21:07:13","slug":"salud-2022-nuevas-armas-para-el-arsenal-contra-el-cancer-2","status":"publish","type":"post","link":"https:\/\/miradordeatarfe.es\/?p=58543","title":{"rendered":"Salud 2022: nuevas armas para el arsenal contra el c\u00e1ncer"},"content":{"rendered":"<h3 class=\"voc-sub-title\" style=\"text-align: justify;\">Durante 2022 se han producido avances esperanzadores en el conocimiento, tratamiento y diagn\u00f3stico de ese nutrido conjunto de enfermedades que llamamos c\u00e1ncer. La lucha contin\u00faa<\/h3>\n<p class=\"voc-paragraph\" style=\"text-align: justify;\">Tras el reinado transitorio de la covid-19, la atenci\u00f3n de la comunidad biom\u00e9dica internacional vuelve a concentrarse sobre El emperador de todos los males, t\u00edtulo que conced\u00eda al c\u00e1ncer el m\u00e9dico y divulgador Siddartha Mukherjee en el libro del mismo nombre.<\/p>\n<p class=\"voc-paragraph\" style=\"text-align: justify;\">Luis Montuenga, investigador y decano de la Facultad de Ciencias de la Universidad de Navarra, hac\u00eda una excelente cr\u00f3nica de los avances y retrocesos en la batalla contra el \u00abemperador de los emperadores\u00bb: el c\u00e1ncer de pulm\u00f3n. La mortalidad que produce esta dolencia es pr\u00e1cticamente equivalente a la suma de muertes causada por el c\u00e1ncer de colon, mama y pr\u00f3stata juntos. Y sin embargo, la industria del principal responsable de esos estragos, el tabaco, sigue floreciendo.<\/p>\n<p class=\"voc-paragraph\" style=\"text-align: justify;\">A lo largo de 2022, The Conversation se ha hecho eco de c\u00f3mo los investigadores contin\u00faan buscando los flancos d\u00e9biles a las tropas del emperador c\u00e1ncer. En primer lugar, identificando sustancias naturales capaces de desactivar o frenar la proliferaci\u00f3n descontrolada de c\u00e9lulas que lo caracteriza.<\/p>\n<div class=\"voc-detail__cmp voc-detail__cmp--title voc-detail__cmp--no-margin\" style=\"text-align: justify;\">\n<h3 class=\"voc-detail__title\">Una farmacia natural<\/h3>\n<\/div>\n<p class=\"voc-paragraph\" style=\"text-align: justify;\">Estos nuevos compuestos pueden esconderse, por ejemplo, en las profundidades marinas. Maria P. Ikonomopoulou, de Instituto IMDEA Alimentaci\u00f3n, contaba su investigaci\u00f3n pionera para aprovechar las propiedades del veneno del pulpo de las arenas del sur, Octopus kaurna, contra el melanoma. El potencial farmacol\u00f3gico de las ponzo\u00f1as animales es inmenso y, en gran medida, inexplorado.<\/p>\n<p class=\"voc-paragraph\" style=\"text-align: justify;\">Muy prometedor resulta tambi\u00e9n el efecto del gosipol, que se extrae de un vegetal esta vez tan com\u00fan y a mano como la planta del algod\u00f3n. Judit Ribas Fortuny, de la Universitat de Lleida, Jordi Bruna Escuer, del Institut d&#8217;Investigaci\u00f3 Biom\u00e8dica de Bellvitge, y V\u00edctor Jos\u00e9 Yuste Mateos, de la Universat de Barcelona, han estudiado concretamente su eficacia frente al gliosblastoma, el m\u00e1s frecuente y letal de los tumores cerebrales malignos.<\/p>\n<p class=\"voc-paragraph\" style=\"text-align: justify;\">Aunque el lector quiz\u00e1 haya o\u00eddo hablar m\u00e1s de la melatonina, la mol\u00e9cula que gobierna nuestros ciclos de sue\u00f1o y vigilia. Pues bien, entre sus m\u00faltiples virtudes se cuenta su capacidad de frenar la evoluci\u00f3n de un tumor, desde que empieza a formarse hasta que hace met\u00e1stasis, y sin producir efectos secundarios significativos. Su precisi\u00f3n antitumoral le ha valido el apodo de \u00abasesina inteligente\u00bb. Lo explicaron los profesores Alejandro Romero Mart\u00ednez, de la Universidad Complutense de Madrid, Emilio Gil Mart\u00edn, de la Universidade de Vigo, y Francisco L\u00f3pez-Mu\u00f1oz, de la Universidad Camilo Jos\u00e9 Cela.<\/p>\n<div class=\"voc-detail__cmp voc-detail__cmp--title voc-detail__cmp--no-margin\" style=\"text-align: justify;\">\n<h3 class=\"voc-detail__title\">Tras la pista del asesino<\/h3>\n<\/div>\n<p class=\"voc-paragraph\" style=\"text-align: justify;\">M\u00e1s all\u00e1 del \u00e1mbito farmacol\u00f3gico, es prioritario profundizar en los resortes bioqu\u00edmicos y ambientales que desencadenan ese conjunto de m\u00e1s de 200 enfermedades que conocemos con el nombre gen\u00e9rico de c\u00e1ncer. Para derrotar al enemigo antes hay que conocerlo, y eso es lo que pretende la secuenciaci\u00f3n del genoma de los distintos tumores humanos.<\/p>\n<p class=\"voc-paragraph\" style=\"text-align: justify;\">Como recordaba Javier Robles Valero, investigador y profesor de la Universidad de Salamanca, uno de los actuales retos de la biomedicina es saber qu\u00e9 mutaciones gen\u00e9ticas son realmente importantes para que se desarrolle un c\u00e1ncer. En su centro de investigaci\u00f3n, por ejemplo, han identificado el papel que desempe\u00f1a la alteraci\u00f3n del gen VAV1 en la aparici\u00f3n de los linfomas perif\u00e9ricos de c\u00e9lulas T, una enfermedad muy agresiva. Este tipo de hallazgos ayudar\u00e1n a afinar la punter\u00eda con los tratamientos.<\/p>\n<p class=\"voc-paragraph\" style=\"text-align: justify;\">Por su parte, Xose Ant\u00f3n Su\u00e1rez Puente y Pablo Bousquets Mu\u00f1oz, de la Universidad de Oviedo, enfatizaban la importancia de sondear las aguas procelosas del \u00abgenoma basura\u00bb. As\u00ed se llama \u2013con poca propiedad, como se ha ido sabiendo\u2013 a las secuencias repetitivas, genes defectuosos o antiguos virus que forman gran parte de nuestro material gen\u00e9tico y no cumplen ninguna funci\u00f3n aparente. Su propio grupo de investigaci\u00f3n ha localizado all\u00ed un gen mutado que se asocia a diversos c\u00e1nceres de la sangre y el de pr\u00f3stata.<\/p>\n<p class=\"voc-paragraph\" style=\"text-align: justify;\">Tambi\u00e9n es un campo excitante de investigaci\u00f3n el que intenta comprender el rol que desempe\u00f1a nuestra microbiota intestinal tanto en la aparici\u00f3n de tumores como en la respuesta del sistema inmune a la enfermedad.<\/p>\n<p class=\"voc-paragraph\" style=\"text-align: justify;\">Sonia Villapol, profesora del Houston Methodist Research Institute, se\u00f1alaba en su art\u00edculo que quiz\u00e1 habr\u00eda que plantearse modificar la dieta de los pacientes y administrarles, dependiendo del caso, prebi\u00f3ticos (mol\u00e9culas que promueven el crecimiento de microbios beneficiosos), probi\u00f3ticos, posbi\u00f3ticos (mol\u00e9culas derivadas de microorganismos) o antibi\u00f3ticos.<\/p>\n<div class=\"voc-detail__cmp voc-detail__cmp--title voc-detail__cmp--no-margin\" style=\"text-align: justify;\">\n<h3 class=\"voc-detail__title\">La importancia de detectarlo a tiempo<\/h3>\n<\/div>\n<p class=\"voc-paragraph\" style=\"text-align: justify;\">Otra arma definitiva para pararle los pies al c\u00e1ncer es el diagn\u00f3stico precoz. Y en esta tarea est\u00e1 cobrando \u00faltimamente una especial importancia la b\u00fasqueda de nuevos biomarcadores; es decir, mol\u00e9culas \u2013genes, prote\u00ednas, metabolitos\u2026\u2013 que nos avisan de que algo marcha mal en nuestro organismo antes de que sea demasiado tarde.<\/p>\n<p class=\"voc-paragraph\" style=\"text-align: justify;\">As\u00ed, Pilar Navarro Medrano y Pablo Garc\u00eda de Frutos, del Instituto de Investigaciones Biom\u00e9dicas de Barcelona (IIBB-CSIC), relataron c\u00f3mo consiguieron relacionar el incremento de una prote\u00edna llamada AXL con el c\u00e1ncer de p\u00e1ncreas m\u00e1s com\u00fan.<\/p>\n<p class=\"voc-paragraph\" style=\"text-align: justify;\">Y Barbara Goff, de la Universidad de Washington, desminti\u00f3 la fama de \u00abasesino silencioso\u00bb que arrastra el c\u00e1ncer de ovario. Seg\u00fan sus indagaciones, hay que prestar atenci\u00f3n a los siguientes s\u00edntomas: dolor en la pelvis y el abdomen, aumento de la frecuencia y de las ganas de orinar, dificultad para comer o sensaci\u00f3n de saciedad r\u00e1pida, e hinchaz\u00f3n o distensi\u00f3n abdominal.<\/p>\n<p class=\"voc-paragraph\" style=\"text-align: justify;\">La detecci\u00f3n temprana de esta enfermedad es vital. Como indicaba la autora, el 70 % de las pacientes son diagnosticadas en estadios avanzados, cuando las posibilidades de curaci\u00f3n son escasas.<\/p>\n<p class=\"voc-paragraph\" style=\"text-align: justify;\">Para finalizar, una noticia que le dejar\u00e1 buen sabor de boca: si est\u00e1 leyendo el art\u00edculo en un tel\u00e9fono m\u00f3vil, tenga en cuenta que siguen sin encontrarse pruebas que vinculen el uso de este dispositivo y el riesgo de contraer un tumor cerebral.<\/p>\n<p class=\"voc-paragraph\">Este art\u00edculo ha sido publicado en &#8216; <a href=\"https:\/\/theconversation.com\/salud-2022-nuevas-armas-para-el-arsenal-contra-el-cancer-196922?utm_medium=email&amp;utm_campaign=Envo%20medios%20espaoles%203012&amp;utm_content=Envo%20medios%20espaoles%203012+CID_276503c266eee68ce399bebf952e080a&amp;utm_source=campaign_monitor_es&amp;utm_term=Salud%202022%20nuevas%20armas%20para%20el%20arsenal%20contra%20el%20cncer\" target=\"_blank\" rel=\"noopener\" data-voc-vtm-id=\"in-text-traffic\">The conversation<\/a>&#8216;.<\/p>\n<p><strong><a class=\"voc-author\" title=\"PABLO COLADO\">PABLO COLADO<\/a><\/strong><\/p>\n<p>https:\/\/www.ideal.es\/sociedad\/salud\/salud-2022-nuevas-20221230080717-ntrc.html<\/p>\n","protected":false},"excerpt":{"rendered":"<p>Durante 2022 se han producido avances esperanzadores en el conocimiento, tratamiento y diagn\u00f3stico de ese&#8230;<\/p>\n","protected":false},"author":1,"featured_media":58544,"comment_status":"closed","ping_status":"closed","sticky":false,"template":"","format":"standard","meta":{"_coblocks_attr":"","_coblocks_dimensions":"","_coblocks_responsive_height":"","_coblocks_accordion_ie_support":"","jetpack_post_was_ever_published":false,"_jetpack_newsletter_access":"","_jetpack_dont_email_post_to_subs":false,"_jetpack_newsletter_tier_id":0,"_jetpack_memberships_contains_paywalled_content":false,"_jetpack_memberships_contains_paid_content":false,"footnotes":"","jetpack_publicize_message":"","jetpack_publicize_feature_enabled":true,"jetpack_social_post_already_shared":true,"jetpack_social_options":{"image_generator_settings":{"template":"highway","default_image_id":0,"enabled":false},"version":2}},"categories":[1161,44,15,10],"tags":[2975,277],"class_list":["post-58543","post","type-post","status-publish","format-standard","has-post-thumbnail","hentry","category-ciudadania","category-noticias-de-hoy","category-ultimas-noticias","category-salud","tag-bacterias","tag-cancer"],"jetpack_publicize_connections":[],"jetpack_featured_media_url":"https:\/\/i0.wp.com\/miradordeatarfe.es\/wp-content\/uploads\/2023\/01\/bacterias-fotolia-k02E-U190111084327eF-624x385%40RC.jpg?fit=624%2C385&ssl=1","jetpack_likes_enabled":true,"jetpack_sharing_enabled":true,"_links":{"self":[{"href":"https:\/\/miradordeatarfe.es\/index.php?rest_route=\/wp\/v2\/posts\/58543","targetHints":{"allow":["GET"]}}],"collection":[{"href":"https:\/\/miradordeatarfe.es\/index.php?rest_route=\/wp\/v2\/posts"}],"about":[{"href":"https:\/\/miradordeatarfe.es\/index.php?rest_route=\/wp\/v2\/types\/post"}],"author":[{"embeddable":true,"href":"https:\/\/miradordeatarfe.es\/index.php?rest_route=\/wp\/v2\/users\/1"}],"replies":[{"embeddable":true,"href":"https:\/\/miradordeatarfe.es\/index.php?rest_route=%2Fwp%2Fv2%2Fcomments&post=58543"}],"version-history":[{"count":1,"href":"https:\/\/miradordeatarfe.es\/index.php?rest_route=\/wp\/v2\/posts\/58543\/revisions"}],"predecessor-version":[{"id":58545,"href":"https:\/\/miradordeatarfe.es\/index.php?rest_route=\/wp\/v2\/posts\/58543\/revisions\/58545"}],"wp:featuredmedia":[{"embeddable":true,"href":"https:\/\/miradordeatarfe.es\/index.php?rest_route=\/wp\/v2\/media\/58544"}],"wp:attachment":[{"href":"https:\/\/miradordeatarfe.es\/index.php?rest_route=%2Fwp%2Fv2%2Fmedia&parent=58543"}],"wp:term":[{"taxonomy":"category","embeddable":true,"href":"https:\/\/miradordeatarfe.es\/index.php?rest_route=%2Fwp%2Fv2%2Fcategories&post=58543"},{"taxonomy":"post_tag","embeddable":true,"href":"https:\/\/miradordeatarfe.es\/index.php?rest_route=%2Fwp%2Fv2%2Ftags&post=58543"}],"curies":[{"name":"wp","href":"https:\/\/api.w.org\/{rel}","templated":true}]}}