{"id":5855,"date":"2016-01-09T07:32:52","date_gmt":"2016-01-09T07:32:52","guid":{"rendered":"http:\/\/miradordeatarfe.es\/?p=5855"},"modified":"2016-01-06T12:38:00","modified_gmt":"2016-01-06T12:38:00","slug":"la-universidad-de-jaen-promueve-el-primer-farmaco-contra-el-ictus","status":"publish","type":"post","link":"https:\/\/miradordeatarfe.es\/?p=5855","title":{"rendered":"La Universidad de Ja\u00e9n promueve el primer f\u00e1rmaco contra el ictus"},"content":{"rendered":"<p style=\"text-align: justify;\">El equipo de Mar\u00eda \u00c1ngeles Peinado en colaboraci\u00f3n con expertos de las universidades de Granada y Radbound (Holanda) investiga nuevos f\u00e1rmacos con capacidad para proteger del da\u00f1o a las neuronas afectadas por un infarto cerebral.<!--more--><\/p>\n<div class=\"module\" style=\"text-align: justify;\">\n<div class=\"block\">\n<div class=\"colAB\">\n<div class=\"eNoticia8\">\n<div class=\"element\">\n<div id=\"newsBody\" class=\"body\">El equipo de Mar\u00eda \u00c1ngeles Peinado en colaboraci\u00f3n con expertos de las universidades de Granada y Radbound (Holanda) investiga nuevos f\u00e1rmacos con capacidad para proteger del da\u00f1o a las neuronas afectadas por un infarto cerebral.<\/div>\n<div class=\"body\"><\/div>\n<div class=\"body\">\n<p>El grupo Estr\u00e9s Celular y Edad que dirige en la Universidad de Ja\u00e9n la catedr\u00e1tica <strong>Mar\u00eda \u00c1ngeles Peinado<\/strong> promueve el primer f\u00e1rmaco contra el ictus con capacidad tanto de prevenir el infarto cerebral como de proteger del da\u00f1o a las neuronas cuando se produce el accidente y deja de llegar ox\u00edgeno.<\/p>\n<p>El ictus causa un mill\u00f3n de muertes al a\u00f1o en los pa\u00edses de la Uni\u00f3n Europea. En Espa\u00f1a es la segunda causa de fallecimiento y solo <strong>en Andaluc\u00eda se registran 18.000 al a\u00f1o<\/strong>, la mayor\u00eda en mujeres.\u00a0Su mortalidad es alta (80%) y su coste social tambi\u00e9n por las secuelas que quedan en los pacientes que sobreviven. Esta enfermedad es la primera causa de incapacidad permanente en Espa\u00f1a.<\/p>\n<p>Dentro del espectro del ictus hay dos tipos de accidentes: la rotura de un vaso sangu\u00edneo que produce un sangrado y el <strong>infarto cerebral <\/strong>que consiste en un trombo que obstruye una vena e impide que la sangre transporte ox\u00edgeno y nutrientes a las neuronas, provocando su muerte. Mar\u00eda \u00c1ngeles Peinado explica que las \u00e1reas afectadas por la tambi\u00e9n denominada isquemia focal se dividen en dos: zona <em>core<\/em> y zona de penumbra. La primera es la m\u00e1s susceptible a sufrir da\u00f1o. La falta de ox\u00edgeno y glucosa originan la muerte irremediable de las neuronas. Sin embargo, alrededor de esa zona puede existir un flujo sangu\u00edneo que aunque sea m\u00ednimo resulte suficiente para mantener al menos la viabilidad de las c\u00e9lulas durante un tiempo. Las neuronas de esa regi\u00f3n de penumbra s\u00ed se pueden recuperar e incluso asumir funciones que antes realizaban las de la regi\u00f3n<em> core.<\/em><\/p>\n<p>El tratamiento actual del ictus es casi sin excepci\u00f3n la terapia dirigida a reactivar esa zona de penumbra. <strong>No existen medicamentos <\/strong>con la \u00fanica excepci\u00f3n de un f\u00e1rmaco que s\u00ed es eficaz si se administra en las cuatro horas posteriores al ictus. Tiene capacidad para disolver el co\u00e1gulo que tapona el vaso sangu\u00edneo y, por tanto, reduce el tiempo en el que el cerebro est\u00e1 sin ox\u00edgeno. No obstante, tambi\u00e9n tiene efectos secundarios serios porque al fluidificar la sangre para facilitar su circulaci\u00f3n puede producir hemorragias que empeoran el estado del paciente.<\/p>\n<p>El proyecto que el grupo Estr\u00e9s Celular y Envejecimiento trata de sacar adelante en colaboraci\u00f3n con expertos en tecnolog\u00edas farmac\u00e9uticas de la<strong> Universidad de Granada <\/strong>y de neuroimagen de la <strong>Universidad de Radbound <\/strong>(Holanda) ser\u00eda, por tanto, el primer tratamiento farmacol\u00f3gico contra el ictus con capacidad para <strong>proteger las neuronas<\/strong> cuando se produce el infarto cerebral y de <strong>prevenir <\/strong>que se repita en aquellos pacientes que ya han sufrido uno y tienen riesgo de que se vuelva a producir. \u201cSi nuestras hip\u00f3tesis se cumplen tampoco tendr\u00e1 efectos secundarios\u201d, matiza Mar\u00eda \u00c1ngeles Peinado.<\/p>\n<p>La investigaci\u00f3n parte del conocimiento en torno a una serie de <strong>prote\u00ednas que tienen capacidad neuroprotectora.<\/strong> \u201cSabemos que las neuronas sometidas a un proceso de estr\u00e9s como puede ser la falta de ox\u00edgeno pueden resistir con esta sustancia\u201d. El punto de innovaci\u00f3n que aporta es conseguir que ese proceso se desarrolle a partir de un f\u00e1rmaco.<\/p>\n<p>La investigaci\u00f3n se encuentra en la actualidad en fase preliminar. La catedr\u00e1tica ha establecido los lazos con las universidades de Granada y Radbound, \u201cporque esta es una investigaci\u00f3n muy multidicisciplinar\u201d , se han puesto a punto las metodolog\u00edas y se han hecho trabajos de laboratorio \u201ccon los recursos que ten\u00edamos\u201d. \u201cNos falta hacerlos con modelos animales y despu\u00e9s los ensayos cl\u00ednicos\u201d.<\/p>\n<div id=\"netsonic_divid_target_971992818\"><\/div>\n<p>En todo caso, la investigaci\u00f3n avanzar\u00e1 al<strong> ritmo de la financiaci\u00f3n. <\/strong>El grupo ha solicitado recursos en la \u00faltima convocatoria del plan estatal de I+D y est\u00e1 pendiente tambi\u00e9n de la colaboraci\u00f3n de la industria. En este sentido, ha tenido el apoyo previo de la empresa Laboratorios Farmac\u00e9uticos Ferrer y de asociaciones de pacientes.<\/p>\n<\/div>\n<\/div>\n<\/div>\n<\/div>\n<\/div>\n<\/div>\n<p><a href=\"http:\/\/www.saberuniversidad.es\/article\/INVESTIGACION\/2166197\/la\/universidad\/jaen\/promueve\/primer\/farmaco\/contra\/ictus.html#.VoPsRA8gPt8.facebook\">http:\/\/www.saberuniversidad.es\/article\/INVESTIGACION\/2166197\/la\/universidad\/jaen\/promueve\/primer\/farmaco\/contra\/ictus.html#.VoPsRA8gPt8.facebook<\/a><\/p>\n","protected":false},"excerpt":{"rendered":"<p>El equipo de Mar\u00eda \u00c1ngeles Peinado en colaboraci\u00f3n con expertos de las universidades de Granada&#8230;<\/p>\n","protected":false},"author":1,"featured_media":5856,"comment_status":"closed","ping_status":"closed","sticky":false,"template":"","format":"standard","meta":{"_coblocks_attr":"","_coblocks_dimensions":"","_coblocks_responsive_height":"","_coblocks_accordion_ie_support":"","jetpack_post_was_ever_published":false,"_jetpack_newsletter_access":"","_jetpack_dont_email_post_to_subs":false,"_jetpack_newsletter_tier_id":0,"_jetpack_memberships_contains_paywalled_content":false,"_jetpack_memberships_contains_paid_content":false,"footnotes":"","jetpack_publicize_message":"","jetpack_publicize_feature_enabled":true,"jetpack_social_post_already_shared":false,"jetpack_social_options":{"image_generator_settings":{"template":"highway","default_image_id":0,"enabled":false},"version":2}},"categories":[186,44,15],"tags":[640,1366,55],"class_list":["post-5855","post","type-post","status-publish","format-standard","has-post-thumbnail","hentry","category-instituciones","category-noticias-de-hoy","category-ultimas-noticias","tag-ictus","tag-medicamentos","tag-salud"],"jetpack_publicize_connections":[],"jetpack_featured_media_url":"https:\/\/i0.wp.com\/miradordeatarfe.es\/wp-content\/uploads\/2016\/01\/A.jpg?fit=615%2C288&ssl=1","jetpack_likes_enabled":true,"jetpack_sharing_enabled":true,"_links":{"self":[{"href":"https:\/\/miradordeatarfe.es\/index.php?rest_route=\/wp\/v2\/posts\/5855","targetHints":{"allow":["GET"]}}],"collection":[{"href":"https:\/\/miradordeatarfe.es\/index.php?rest_route=\/wp\/v2\/posts"}],"about":[{"href":"https:\/\/miradordeatarfe.es\/index.php?rest_route=\/wp\/v2\/types\/post"}],"author":[{"embeddable":true,"href":"https:\/\/miradordeatarfe.es\/index.php?rest_route=\/wp\/v2\/users\/1"}],"replies":[{"embeddable":true,"href":"https:\/\/miradordeatarfe.es\/index.php?rest_route=%2Fwp%2Fv2%2Fcomments&post=5855"}],"version-history":[{"count":2,"href":"https:\/\/miradordeatarfe.es\/index.php?rest_route=\/wp\/v2\/posts\/5855\/revisions"}],"predecessor-version":[{"id":5858,"href":"https:\/\/miradordeatarfe.es\/index.php?rest_route=\/wp\/v2\/posts\/5855\/revisions\/5858"}],"wp:featuredmedia":[{"embeddable":true,"href":"https:\/\/miradordeatarfe.es\/index.php?rest_route=\/wp\/v2\/media\/5856"}],"wp:attachment":[{"href":"https:\/\/miradordeatarfe.es\/index.php?rest_route=%2Fwp%2Fv2%2Fmedia&parent=5855"}],"wp:term":[{"taxonomy":"category","embeddable":true,"href":"https:\/\/miradordeatarfe.es\/index.php?rest_route=%2Fwp%2Fv2%2Fcategories&post=5855"},{"taxonomy":"post_tag","embeddable":true,"href":"https:\/\/miradordeatarfe.es\/index.php?rest_route=%2Fwp%2Fv2%2Ftags&post=5855"}],"curies":[{"name":"wp","href":"https:\/\/api.w.org\/{rel}","templated":true}]}}