{"id":58587,"date":"2023-01-11T11:00:42","date_gmt":"2023-01-11T10:00:42","guid":{"rendered":"https:\/\/miradordeatarfe.es\/?p=58587"},"modified":"2023-10-21T10:16:37","modified_gmt":"2023-10-21T08:16:37","slug":"todas-las-viviendas-de-medina-elvira-son-legales-o-legalizables-y-en-ello-estamos-explica-el-alcalde-de-atarfe","status":"publish","type":"post","link":"https:\/\/miradordeatarfe.es\/?p=58587","title":{"rendered":"ATARFE: \u00abTodas las viviendas de Medina Elvira son legales o legalizables, y en ello estamos\u00bb, explica el alcalde de Atarfe"},"content":{"rendered":"<h3>La nueva ley urban\u00edstica de Andaluc\u00eda, la LISTA, agilizar\u00e1 la tramitaci\u00f3n de la legalizaci\u00f3n de la zona, ahora convertida en ciudad fantasma<\/h3>\n<p style=\"text-align: justify;\">La urbanizaci\u00f3n Medina Elvira de Atarfe podr\u00e1 volver a la vida. Las \u00faltimas sentencias de los tribunales, incluso del Supremo, y la nueva ley urban\u00edstica de Andaluc\u00eda, la LISTA, <strong><em>han convertido a todos los edificios, que conforman una aut\u00e9ntica ciudad fantasma con un millar de casas v\u00edas, en legales o legalizables.<\/em><\/strong><\/p>\n<p style=\"text-align: justify;\">El Ayuntamiento de Atarfe trabaja con los propietarios de la zona, cinco grandes bancos unidos en una plataforma com\u00fan de trabajo y varios particulares minoritarios, para agilizar las legalizaciones. La nueva LISTA andaluza ayudar\u00e1 en el proceso. Todas las viviendas son legales o legalizables y en este proceso est\u00e1n actualmente las partes, como ha explicado a Radio Granada el alcalde Pedro Mart\u00ednez.<\/p>\n<p style=\"text-align: justify;\">Las sentencias sobre l<strong>os procesos urban\u00edsticos abren la v\u00eda a la legalizaci\u00f3n de la zona y eximen al ayuntamiento atarfe\u00f1o de cualquier responsabilidad civil<\/strong>. Numerosos edificios est\u00e1n terminados o en obras pero as\u00ed se quedaron hace m\u00e1s de una d\u00e9cada.<\/p>\n<p style=\"text-align: justify;\">El aspecto es de una ciudad fantasma digno de cualquier pel\u00edcula de cat\u00e1strofes. All\u00ed solo viven varias decenas de familias que en su d\u00eda obtuvieron licencia por sentencia judicial. Ahora est\u00e1n regularizando el servicio de agua. El Ayuntamiento presta el de alcantarillado con camiones que limpian los pozos mientras la Junta construye un colector.<\/p>\n<p style=\"text-align: justify;\">La empresa propietaria del campo de golf ha comunicado al ayuntamiento que lo recuperar\u00e1 en el mismo momento en el que se desbloquee la situaci\u00f3n de las viviendas y comiencen las obras para la terminaci\u00f3n de los pisos.<\/p>\n<section class=\"c-sum fo\">\n<figure style=\"text-align: justify;\"><picture><source srcset=\"https:\/\/cadenaser.com\/resizer\/OIOLeXGXYXJiiX5Fz6-3Sjepbls=\/736x552\/filters:quality(70)\/cloudfront-eu-central-1.images.arcpublishing.com\/prisaradio\/4GSB6ISHEVJSXF2Y25JA3ZHNRE.jpg\" media=\"(max-width: 768px)\" \/><source srcset=\"https:\/\/cadenaser.com\/resizer\/a9w7_mYIGx5BvVt0T9RnKb1Rb6Q=\/382x287\/filters:quality(70)\/cloudfront-eu-central-1.images.arcpublishing.com\/prisaradio\/4GSB6ISHEVJSXF2Y25JA3ZHNRE.jpg\" media=\"(max-width: 414px)\" \/><source srcset=\"https:\/\/cadenaser.com\/resizer\/_TlmNbDYMn6pT-AVxVyx4VZYbyg=\/343x257\/filters:quality(70)\/cloudfront-eu-central-1.images.arcpublishing.com\/prisaradio\/4GSB6ISHEVJSXF2Y25JA3ZHNRE.jpg\" media=\"(max-width: 375px)\" \/><source srcset=\"https:\/\/cadenaser.com\/resizer\/3UOtP8z20LjyqvzBA1noP6CH9NM=\/288x216\/filters:quality(70)\/cloudfront-eu-central-1.images.arcpublishing.com\/prisaradio\/4GSB6ISHEVJSXF2Y25JA3ZHNRE.jpg\" media=\"(max-width: 320px)\" \/><img data-recalc-dims=\"1\" loading=\"lazy\" decoding=\"async\" src=\"https:\/\/i0.wp.com\/cadenaser.com\/resizer\/MBSTbL45_mXkVzhad0c6tZQjPDc%3D\/650x488\/filters%3Aquality%2870%29\/cloudfront-eu-central-1.images.arcpublishing.com\/prisaradio\/4GSB6ISHEVJSXF2Y25JA3ZHNRE.jpg?resize=640%2C480&#038;ssl=1\" width=\"640\" height=\"480\" \/><\/picture><figcaption class=\"fc\">\n<p>Uno de los edificios eternamente en obras en Medina Elvira, en el t\u00e9rmino de Atarfe (Granada) \/ Rafael Troyano<\/p>\n<p><strong>RAFAEL TROYANO<\/strong><\/p>\n<p>https:\/\/cadenaser.com\/andalucia\/2023\/01\/10\/todas-las-viviendas-de-medina-elvira-son-legales-o-legalizables-y-en-ello-estamos-explica-el-alcalde-de-atarfe-radio-granada\/<\/p>\n<p>FOTO: IDEAL<\/p>\n<\/figcaption><\/figure>\n<\/section>\n","protected":false},"excerpt":{"rendered":"<p>La nueva ley urban\u00edstica de Andaluc\u00eda, la LISTA, agilizar\u00e1 la tramitaci\u00f3n de la legalizaci\u00f3n de&#8230;<\/p>\n","protected":false},"author":1,"featured_media":58588,"comment_status":"closed","ping_status":"closed","sticky":false,"template":"","format":"standard","meta":{"_coblocks_attr":"","_coblocks_dimensions":"","_coblocks_responsive_height":"","_coblocks_accordion_ie_support":"","jetpack_post_was_ever_published":false,"_jetpack_newsletter_access":"","_jetpack_dont_email_post_to_subs":false,"_jetpack_newsletter_tier_id":0,"_jetpack_memberships_contains_paywalled_content":false,"_jetpack_memberships_contains_paid_content":false,"footnotes":"","jetpack_publicize_message":"","jetpack_publicize_feature_enabled":true,"jetpack_social_post_already_shared":true,"jetpack_social_options":{"image_generator_settings":{"template":"highway","default_image_id":0,"enabled":false},"version":2}},"categories":[1161,10431,9],"tags":[9916,1928,9915],"class_list":["post-58587","post","type-post","status-publish","format-standard","has-post-thumbnail","hentry","category-ciudadania","category-medina-elvira-2","category-medio-ambiente","tag-legalizacion","tag-medina-elvira-golf","tag-urbanizable"],"jetpack_publicize_connections":[],"jetpack_featured_media_url":"https:\/\/i0.wp.com\/miradordeatarfe.es\/wp-content\/uploads\/2023\/01\/2805369.jpg?fit=300%2C199&ssl=1","jetpack_likes_enabled":true,"jetpack_sharing_enabled":true,"_links":{"self":[{"href":"https:\/\/miradordeatarfe.es\/index.php?rest_route=\/wp\/v2\/posts\/58587","targetHints":{"allow":["GET"]}}],"collection":[{"href":"https:\/\/miradordeatarfe.es\/index.php?rest_route=\/wp\/v2\/posts"}],"about":[{"href":"https:\/\/miradordeatarfe.es\/index.php?rest_route=\/wp\/v2\/types\/post"}],"author":[{"embeddable":true,"href":"https:\/\/miradordeatarfe.es\/index.php?rest_route=\/wp\/v2\/users\/1"}],"replies":[{"embeddable":true,"href":"https:\/\/miradordeatarfe.es\/index.php?rest_route=%2Fwp%2Fv2%2Fcomments&post=58587"}],"version-history":[{"count":5,"href":"https:\/\/miradordeatarfe.es\/index.php?rest_route=\/wp\/v2\/posts\/58587\/revisions"}],"predecessor-version":[{"id":58593,"href":"https:\/\/miradordeatarfe.es\/index.php?rest_route=\/wp\/v2\/posts\/58587\/revisions\/58593"}],"wp:featuredmedia":[{"embeddable":true,"href":"https:\/\/miradordeatarfe.es\/index.php?rest_route=\/wp\/v2\/media\/58588"}],"wp:attachment":[{"href":"https:\/\/miradordeatarfe.es\/index.php?rest_route=%2Fwp%2Fv2%2Fmedia&parent=58587"}],"wp:term":[{"taxonomy":"category","embeddable":true,"href":"https:\/\/miradordeatarfe.es\/index.php?rest_route=%2Fwp%2Fv2%2Fcategories&post=58587"},{"taxonomy":"post_tag","embeddable":true,"href":"https:\/\/miradordeatarfe.es\/index.php?rest_route=%2Fwp%2Fv2%2Ftags&post=58587"}],"curies":[{"name":"wp","href":"https:\/\/api.w.org\/{rel}","templated":true}]}}