{"id":586,"date":"2015-03-01T15:51:19","date_gmt":"2015-03-01T15:51:19","guid":{"rendered":"http:\/\/miradordeatarfe.es\/?p=586"},"modified":"2015-09-16T07:51:41","modified_gmt":"2015-09-16T07:51:41","slug":"586","status":"publish","type":"post","link":"https:\/\/miradordeatarfe.es\/?p=586","title":{"rendered":"EL RETABLO DE SANTA ANA &#8211; Por Jos\u00e9 Enrique Granados"},"content":{"rendered":"<h4>Por la bibliograf\u00eda sabemos que el retablo que se encuentra en la Ermita de Santa Ana, anteriormente estaba en la Iglesia Parroquial de la Encarnaci\u00f3n. Dicho retablo data del siglo XVIII, es de estilo barroco y pertenece a la escuela granadina, desconoci\u00e9ndose su autor o autores.<\/h4>\n<h4>En el art\u00edculo publicado en el especial de las fiestas de IDEAL del a\u00f1o 1996 por Gloria Espinosa Sp\u00ednola, se dice:<\/h4>\n<p>Retablo constituido por banco, un solo cuerpo, tres calles y \u00e1tico. El banco est\u00e1 decorado con motivos vegetales, florales y volutas y, en el centro, un sagrario. El cuerpo est\u00e1 dividido en tres calles por medio de est\u00edpites con decoraci\u00f3n vegetal y de capiteles compuestos. Las calles laterales presentan grandes peanas sobre las que se alzan las im\u00e1genes de San Antonio de Padua y San Jos\u00e9. La calle central est\u00e1 formada por un vano de medio punto cuyo trasd\u00f3s y jambas est\u00e1n ricamente decorados con medallones circulares y cuatrilobulados dentro de los cuales y alrededor se desarrollan elementos florales y rocalla. En su interior se aloja la imagen de Santa Ana. El \u00e1tico es un gran arco hexagonal que aloja un lienzo con la presentaci\u00f3n de la Virgen en el templo. Se corona con un gran entablamento moldurado con una cabeza de \u00e1ngel en su centro y front\u00f3n escalonado rematado por una corona.<\/p>\n<p>Construido con maderas, pan de oro y pigmentos, las t\u00e9cnicas de su construcci\u00f3n son el ensamble, dorado y policrom\u00eda. Sus dimensiones son: 7,99 x 4,33 x 0,37 m.<\/p>\n<p>Noticias para la historia de Atarfe.<\/p>\n","protected":false},"excerpt":{"rendered":"<p>Por la bibliograf\u00eda sabemos que el retablo que se encuentra en la Ermita de Santa&#8230;<\/p>\n","protected":false},"author":1,"featured_media":0,"comment_status":"closed","ping_status":"closed","sticky":false,"template":"","format":"standard","meta":{"_coblocks_attr":"","_coblocks_dimensions":"","_coblocks_responsive_height":"","_coblocks_accordion_ie_support":"","jetpack_post_was_ever_published":false,"_jetpack_newsletter_access":"","_jetpack_dont_email_post_to_subs":false,"_jetpack_newsletter_tier_id":0,"_jetpack_memberships_contains_paywalled_content":false,"_jetpack_memberships_contains_paid_content":false,"footnotes":"","jetpack_publicize_message":"","jetpack_publicize_feature_enabled":true,"jetpack_social_post_already_shared":false,"jetpack_social_options":{"image_generator_settings":{"template":"highway","default_image_id":0,"enabled":false},"version":2}},"categories":[1225,38],"tags":[],"class_list":["post-586","post","type-post","status-publish","format-standard","hentry","category-ha-de-atarfe","category-opinion-de-jose-enrique-granados"],"jetpack_publicize_connections":[],"jetpack_featured_media_url":"","jetpack_likes_enabled":true,"jetpack_sharing_enabled":true,"_links":{"self":[{"href":"https:\/\/miradordeatarfe.es\/index.php?rest_route=\/wp\/v2\/posts\/586","targetHints":{"allow":["GET"]}}],"collection":[{"href":"https:\/\/miradordeatarfe.es\/index.php?rest_route=\/wp\/v2\/posts"}],"about":[{"href":"https:\/\/miradordeatarfe.es\/index.php?rest_route=\/wp\/v2\/types\/post"}],"author":[{"embeddable":true,"href":"https:\/\/miradordeatarfe.es\/index.php?rest_route=\/wp\/v2\/users\/1"}],"replies":[{"embeddable":true,"href":"https:\/\/miradordeatarfe.es\/index.php?rest_route=%2Fwp%2Fv2%2Fcomments&post=586"}],"version-history":[{"count":2,"href":"https:\/\/miradordeatarfe.es\/index.php?rest_route=\/wp\/v2\/posts\/586\/revisions"}],"predecessor-version":[{"id":588,"href":"https:\/\/miradordeatarfe.es\/index.php?rest_route=\/wp\/v2\/posts\/586\/revisions\/588"}],"wp:attachment":[{"href":"https:\/\/miradordeatarfe.es\/index.php?rest_route=%2Fwp%2Fv2%2Fmedia&parent=586"}],"wp:term":[{"taxonomy":"category","embeddable":true,"href":"https:\/\/miradordeatarfe.es\/index.php?rest_route=%2Fwp%2Fv2%2Fcategories&post=586"},{"taxonomy":"post_tag","embeddable":true,"href":"https:\/\/miradordeatarfe.es\/index.php?rest_route=%2Fwp%2Fv2%2Ftags&post=586"}],"curies":[{"name":"wp","href":"https:\/\/api.w.org\/{rel}","templated":true}]}}