{"id":5862,"date":"2016-01-11T09:15:05","date_gmt":"2016-01-11T09:15:05","guid":{"rendered":"http:\/\/miradordeatarfe.es\/?p=5862"},"modified":"2016-01-16T13:40:25","modified_gmt":"2016-01-16T13:40:25","slug":"las-aguilas-vencidas-de-bailen-por-alberto-granados","status":"publish","type":"post","link":"https:\/\/miradordeatarfe.es\/?p=5862","title":{"rendered":"\u00abLas Aguilas vencidas de Bail\u00e9n\u00bb por Alberto Granados"},"content":{"rendered":"<p style=\"text-align: justify;\">La Historia, o tal vez la leyenda, atribuyen al caudillo galo Breno una frase que define perfectamente la situaci\u00f3n de los que pierden las guerras: <em>Vae victis<\/em>. Significa <em>\u00a1Ay de los vencidos!<\/em> y sirve para describir ese hecho de que las guerras entre estados, bandos o facciones &#8230;<!--more--><\/p>\n<p style=\"text-align: justify;\">siempre sirven para dar alas a la ambici\u00f3n y a las expectativas de pol\u00edticos, militares de alta graduaci\u00f3n y fabricantes de armas, pese a que quienes mueren suelen ser los soldados, meros peones de ese t\u00e9trico ajedrez que es cada contienda.<\/p>\n<p style=\"text-align: justify;\">Churchill hizo suya una frase atribuida a Orwell: La <em>Historia la escriben los vencedores<\/em>. Los perdedores no cuentan apenas, simples espectadores de su propio destino. Sin embargo, unos perdedores muy concretos, las tropas napole\u00f3nicas que perdieron la llamada Batalla de Bail\u00e9n frente al General Casta\u00f1os, ya tienen al historiador que ha invertido la tendencia: Francisco Luis D\u00edaz Torrej\u00f3n documenta y narra los avatares de un contingente de casi 16.000 franceses derrotados en su magn\u00edfico libro <em>Las \u00e1guilas vencidas de Bail\u00e9n. \u00c9xodo de prisioneros napole\u00f3nicos por Andaluc\u00eda (julio-diciembre 1808)<\/em>, (Foro para el Estudio de la Historia Militar de Espa\u00f1a, Navarra, 2015, 666 p\u00e1ginas). Agotada la primera edici\u00f3n de esta obra en pocos meses, a finales de 2015 ha aparecido una reedici\u00f3n de la misma, para disponibilidad de quienes deseen leerla.<\/p>\n<p style=\"text-align: justify;\"><a href=\"https:\/\/albertogranados.files.wordpress.com\/2016\/01\/francisco-luis-dc3adaz-torrejc3b3n.jpg\" target=\"_blank\" rel=\"attachment wp-att-7029\"><img decoding=\"async\" class=\"CToWUd\" src=\"https:\/\/ci4.googleusercontent.com\/proxy\/VFpoBJe9J_aXH-psoK4a1gJS2qTDEGLmTMTqjWsm73Kie3dpMfrt8Lv51QG2OlJtW1tFD39JMTVF7iQPiwJKvRRbtno1l9MWAlMCORFy3BDFSZyqk7_hD9h-32vSMq7LgvPoJuZCGezG1mOMCiRIYO9QIxrQdw=s0-d-e1-ft#https:\/\/albertogranados.files.wordpress.com\/2016\/01\/francisco-luis-dc3adaz-torrejc3b3n.jpg?w=560\" alt=\"Francisco Luis D\u00edaz Torrej\u00f3n. Foto: Ram\u00f3n L. P\u00e9rez\" border=\"0\" \/><\/a><\/p>\n<p>Francisco Luis D\u00edaz Torrej\u00f3n. Foto: Ram\u00f3n L. P\u00e9rez<\/p>\n<p style=\"text-align: justify;\">\u00a0\u00a0\u00a0\u00a0\u00a0 D\u00edaz Torrej\u00f3n, estudioso del per\u00edodo napole\u00f3nico en Espa\u00f1a, sobre el que ha publicado una veintena larga de obras, tras revisar archivos civiles, eclesi\u00e1sticos y militares de media Andaluc\u00eda y del Ministerio de Defensa franc\u00e9s, aborda la primera parte de la historia de estos soldados franceses, que en muchas ocasiones pagaron con su vida el delito de ser invasores derrotados, v\u00edctimas de un odio que se foment\u00f3 desde los p\u00falpitos. La obra viene avalada por un incontestable aparato documental: m\u00e1s de tres mil notas a pie de p\u00e1gina, unos detallados \u00edndices de fuentes documentales, bibliogr\u00e1fico, geogr\u00e1fico y onom\u00e1stico, as\u00ed como dos mapas preparados <em>ad hoc<\/em> por Francisco Vela. Adem\u00e1s, los hechos expuestos contienen una importante carga narrativa, en la que el autor se desenvuelve con verdadero pulso de novelista, ameno, interesante y lleno de soltura. El historiador tiene adem\u00e1s la decencia de separar rigurosamente lo que ha conseguido documentar y contrastar (a menudo resultan notables las diferencias entre las historiograf\u00edas espa\u00f1ola y francesa) y lo que es una simple interpretaci\u00f3n, una conjetura.<\/p>\n<p style=\"text-align: justify;\">\u00a0\u00a0\u00a0\u00a0 En la primera parte el lector sabr\u00e1 que toda la campa\u00f1a andaluza no es sino el af\u00e1n largamente pospuesto por Napole\u00f3n de desbloquear la Armada francesa, estrechamente vigilada en la Bah\u00eda de C\u00e1diz por las Marinas inglesa y espa\u00f1ola desde la batalla de Trafalgar. La necesidad del ej\u00e9rcito de Napole\u00f3n de disponer de sus barcos hace al emperador aventurarse en terreno andaluz con el convencimiento de que se trata de una empresa sumamente f\u00e1cil. La realidad le mostrar\u00e1 las dimensiones de su error. Las tropas napole\u00f3nicas se adentran en Andaluc\u00eda por Despe\u00f1aperros y llegan con relativa facilidad a C\u00f3rdoba. El expolio que realizan en esta ciudad, donde roban vasos sagrados y tesoros religiosos, les traer\u00e1 funestas consecuencias. Plantean un repliegue hasta las cercan\u00edas de Despe\u00f1aperros para proteger el paso y cuando se asientan en las proximidades de Bail\u00e9n, en un emplazamiento estrat\u00e9gicamente inadecuado, surgen las primeras escaramuzas, la llamada Batalla de Bail\u00e9n. Toda la grandeza napole\u00f3nica sucumbe al verse rodeados y sin posibilidad de escapatoria, lo que obliga al general Dupont de L\u2019Estang a firmar unas capitulaciones que le traer\u00e1n da\u00f1osas consecuencias como militar ca\u00eddo en desgracia.<\/p>\n<p style=\"text-align: justify;\">\u00a0\u00a0\u00a0\u00a0\u00a0 Un general inexperto, Casta\u00f1os, ufano con su victoria, firma un compromiso mucho m\u00e1s all\u00e1 de lo que est\u00e1 en su mano conceder. Uno de los puntos de las mencionadas capitulaciones exige embarcar a todos los prisioneros franceses desde Sanl\u00facar y Rota hasta el puerto franc\u00e9s de Rochefort.<\/p>\n<p style=\"text-align: justify;\"><a href=\"https:\/\/albertogranados.files.wordpress.com\/2016\/01\/1-itinerarios.jpg\" target=\"_blank\" rel=\"attachment wp-att-7030\"><img decoding=\"async\" class=\"CToWUd\" src=\"https:\/\/ci5.googleusercontent.com\/proxy\/KQebK6-sQHjSDYdpt1igeECo6X1HlVzKVAU-hKYdPnvScfKpJA7nmn2OB4EwruEa_z6QD0zPgO8E3ydee1I4J6UxRP82PMQeT-yERMj5mbTlnMIFKmyPz_bCjx87Tlgmig=s0-d-e1-ft#https:\/\/albertogranados.files.wordpress.com\/2016\/01\/1-itinerarios.jpg?w=560\" alt=\"?????????????\" border=\"0\" \/><\/a><\/p>\n<p>Itinerarios de los prisioneros franceses hacia C\u00e1diz. Mapa de Francisco Vela<\/p>\n<p style=\"text-align: justify;\">\u00a0\u00a0\u00a0\u00a0 En la segunda parte del libro, los prisioneros inician, siguiendo dos rutas diferentes, el desplazamiento hasta tierras gaditanas. El odio al franc\u00e9s, acentuado por las proclamas de los p\u00e1rrocos que consideran enemigos ideol\u00f3gicos los avances de <em>las luces francesas<\/em>, genera tal violencia que muchos franceses son masacrados por los caminos y pueblos que atraviesan.<\/p>\n<p style=\"text-align: justify;\">\u00a0\u00a0\u00a0\u00a0 Sin embargo, la Junta de Defensa considera que ese punto sexto de las capitulaciones imposible de llevar a efecto: no se puede enviar a tan numeroso contingente de prisioneros a Francia para que sean movilizados de nuevo contra Espa\u00f1a, por lo que una serie de \u00f3rdenes y contra\u00f3rdenes se cruzan sin tener demasiado claro qu\u00e9 hacer con las columnas francesas. Mantenerlas a diario exige un costoso despliegue de log\u00edstica; concentrarlos supone un riesgo, pues est\u00e1n en tan desesperada situaci\u00f3n (el calor del verano andaluz, heridos, enfermos, desesperaci\u00f3n, sensaci\u00f3n permanente de riesgo&#8230;) que puede surgir un mot\u00edn. Es entonces cuando la Junta de Defensa decide enviar a Francia s\u00f3lo a los militares de alta graduaci\u00f3n y disolver al resto de presos en casi cincuenta asentamientos a lo ancho de Andaluc\u00eda. Con ello se refuerza el sentido de derrota de los presos, que adem\u00e1s de prisioneros, se saben al margen de las decisiones del Estado Mayor.<\/p>\n<p style=\"text-align: justify;\"><a href=\"https:\/\/albertogranados.files.wordpress.com\/2016\/01\/2-dispersic3b3n.jpg\" target=\"_blank\" rel=\"attachment wp-att-7031\"><img decoding=\"async\" class=\"CToWUd\" src=\"https:\/\/ci3.googleusercontent.com\/proxy\/wntq1Tmy8JH7K8eqT0achAYglTlPZ6YlUgozebic44t9r3d4K2M_Gc1Tx_J5fVb8fZeISMUIX5DKGDv1DQ1t0drjy3XRI5fq_MrhRAXXSR3Xo5EpZt3OhgX_i0ordk3H6vmV=s0-d-e1-ft#https:\/\/albertogranados.files.wordpress.com\/2016\/01\/2-dispersic3b3n.jpg?w=560\" alt=\"Dispersi\u00f3n de los prisioneros franceses. Mapa de Francisco Vela\" border=\"0\" \/><\/a><\/p>\n<p>Dispersi\u00f3n de los prisioneros franceses. Mapa de Francisco Vela<\/p>\n<p style=\"text-align: justify;\">\u00a0\u00a0\u00a0\u00a0 En la tercera parte del libro, el autor hace un rastreo de la documentaci\u00f3n disponible de cada pueblo donde hubo un asentamiento de franceses. Lo hace con un enorme rigor metodol\u00f3gico: qu\u00e9 compa\u00f1\u00edas llegaron a cada localidad, qui\u00e9nes estaban al mando, d\u00f3nde se asentaron los prisioneros, las condiciones del asentamiento, qu\u00e9 sucesos gener\u00f3 la convivencia entre franceses y espa\u00f1oles&#8230; Hay que se\u00f1alar que s\u00f3lo en algunas poblaciones la convivencia fue normal, mientras en la mayor\u00eda se dieron brutales episodios de violencia. El pretexto pod\u00eda ser tan nimio como que los franceses asistieran a misa un domingo o que una joven de la localidad se dejara cortejar por un franc\u00e9s. Los estallidos de violencia alcanzaron en algunos casos proporciones alarmantes, con el resultado de un tr\u00e1gico n\u00famero de muertos.<\/p>\n<p style=\"text-align: justify;\">\u00a0\u00a0\u00a0\u00a0 La obra finaliza con la nueva concentraci\u00f3n, en diciembre 1808, de todo el contingente franc\u00e9s que a\u00fan sobrevive. Se les va a enviar a un nuevo destino. Es el final del libro, pero no de los sufrimientos de los prisioneros, a los que les esperan a\u00fan dos tr\u00e1gicas situaciones: los pontones de la Bah\u00eda de C\u00e1diz, una piadosa forma de nombrar el abandono absoluto, con una nueva acumulaci\u00f3n de muertes por inanici\u00f3n e insalubridad y la isla balear de Cabrera (desde un plano literario, Jes\u00fas Fern\u00e1ndez Santos se ocup\u00f3 de este asentamiento en su desoladora novela <em>Cabrera &#8211;<\/em>Barcelona, Plaza &amp; Jan\u00e9s, 1981<em>&#8211;<\/em>). De los 16.000 prisioneros de Bail\u00e9n s\u00f3lo una m\u00ednima parte llegar\u00e1 a ser repatriada a Francia tras la ca\u00edda de Napole\u00f3n. Las \u00e1guilas imperiales, derrotadas en Bail\u00e9n, dejaron, junto a un elevado n\u00famero de muertos, la constataci\u00f3n emp\u00edrica de lo que Hobbes hab\u00eda enunciado: que el hombre es un lobo para el hombre, especialmente si es un perdedor. \u00a1Ay de los vencidos!<\/p>\n<p style=\"text-align: justify;\">Alberto Granados<\/p>\n<p><a href=\"https:\/\/albertogranados.wordpress.com\/\">https:\/\/albertogranados.wordpress.com\/<\/a><\/p>\n","protected":false},"excerpt":{"rendered":"<p>La Historia, o tal vez la leyenda, atribuyen al caudillo galo Breno una frase que&#8230;<\/p>\n","protected":false},"author":1,"featured_media":5863,"comment_status":"closed","ping_status":"closed","sticky":false,"template":"","format":"standard","meta":{"_coblocks_attr":"","_coblocks_dimensions":"","_coblocks_responsive_height":"","_coblocks_accordion_ie_support":"","jetpack_post_was_ever_published":false,"_jetpack_newsletter_access":"","_jetpack_dont_email_post_to_subs":false,"_jetpack_newsletter_tier_id":0,"_jetpack_memberships_contains_paywalled_content":false,"_jetpack_memberships_contains_paid_content":false,"footnotes":"","jetpack_publicize_message":"","jetpack_publicize_feature_enabled":true,"jetpack_social_post_already_shared":false,"jetpack_social_options":{"image_generator_settings":{"template":"highway","default_image_id":0,"enabled":false},"version":2}},"categories":[39,44,15],"tags":[90,459],"class_list":["post-5862","post","type-post","status-publish","format-standard","has-post-thumbnail","hentry","category-opinion-de-alberto-granados","category-noticias-de-hoy","category-ultimas-noticias","tag-cultura","tag-libros"],"jetpack_publicize_connections":[],"jetpack_featured_media_url":"https:\/\/i0.wp.com\/miradordeatarfe.es\/wp-content\/uploads\/2016\/01\/la.jpg?fit=560%2C817&ssl=1","jetpack_likes_enabled":true,"jetpack_sharing_enabled":true,"_links":{"self":[{"href":"https:\/\/miradordeatarfe.es\/index.php?rest_route=\/wp\/v2\/posts\/5862","targetHints":{"allow":["GET"]}}],"collection":[{"href":"https:\/\/miradordeatarfe.es\/index.php?rest_route=\/wp\/v2\/posts"}],"about":[{"href":"https:\/\/miradordeatarfe.es\/index.php?rest_route=\/wp\/v2\/types\/post"}],"author":[{"embeddable":true,"href":"https:\/\/miradordeatarfe.es\/index.php?rest_route=\/wp\/v2\/users\/1"}],"replies":[{"embeddable":true,"href":"https:\/\/miradordeatarfe.es\/index.php?rest_route=%2Fwp%2Fv2%2Fcomments&post=5862"}],"version-history":[{"count":2,"href":"https:\/\/miradordeatarfe.es\/index.php?rest_route=\/wp\/v2\/posts\/5862\/revisions"}],"predecessor-version":[{"id":5913,"href":"https:\/\/miradordeatarfe.es\/index.php?rest_route=\/wp\/v2\/posts\/5862\/revisions\/5913"}],"wp:featuredmedia":[{"embeddable":true,"href":"https:\/\/miradordeatarfe.es\/index.php?rest_route=\/wp\/v2\/media\/5863"}],"wp:attachment":[{"href":"https:\/\/miradordeatarfe.es\/index.php?rest_route=%2Fwp%2Fv2%2Fmedia&parent=5862"}],"wp:term":[{"taxonomy":"category","embeddable":true,"href":"https:\/\/miradordeatarfe.es\/index.php?rest_route=%2Fwp%2Fv2%2Fcategories&post=5862"},{"taxonomy":"post_tag","embeddable":true,"href":"https:\/\/miradordeatarfe.es\/index.php?rest_route=%2Fwp%2Fv2%2Ftags&post=5862"}],"curies":[{"name":"wp","href":"https:\/\/api.w.org\/{rel}","templated":true}]}}