{"id":58676,"date":"2023-01-15T11:26:19","date_gmt":"2023-01-15T10:26:19","guid":{"rendered":"https:\/\/miradordeatarfe.es\/?p=58676"},"modified":"2023-01-13T19:41:51","modified_gmt":"2023-01-13T18:41:51","slug":"mis-lecturas-de-2022-por-alberto-granados","status":"publish","type":"post","link":"https:\/\/miradordeatarfe.es\/?p=58676","title":{"rendered":"\u00abMIS LECTURAS DE 2022\u00bb por Alberto Granados"},"content":{"rendered":"<h3 style=\"text-align: justify;\">Los seguidores de mi blog no van a encontrar en esta entrada una lista de t\u00edtulos y autores, sino unas reflexiones sobre el proceso lector, tal como yo lo percibo.<\/h3>\n<p style=\"text-align: justify;\">Soy un lector consciente desde que dej\u00e9 de leer <em>cuentos<\/em> y tebeos, hacia los 12 o 13 a\u00f1os, y empec\u00e9 a leer libros de adulto. Tengo un elevado n\u00famero de libros y muchos m\u00e1s en mi Kindle, especialmente desde que mi visi\u00f3n se fue agotando en los \u00faltimos a\u00f1os. Tengo muchos libros que he vuelto a comprar en formato electr\u00f3nico para ponerles un tama\u00f1o de letra conveniente y no es raro que lea en mi lector electr\u00f3nico junto al libro comprado hace d\u00e9cadas, pues el libro tradicional en papel parece que me acompa\u00f1a m\u00e1s que la frialdad del dispositivo electr\u00f3nico, pero este me facilita la visi\u00f3n.<\/p>\n<p style=\"text-align: justify;\">He terminado el a\u00f1o con 50 libros le\u00eddos, casi uno por semana, casi 51, pues el cambio de ritmo de las fiestas y los encuentros me han impedido terminar un libro fundamental para conocer mejor la realidad de los para\u00edsos comunistas: <em>Vidas provisionales<\/em> (<em>Gabriela <\/em>Adame\u0219teanu, Editorial El Acantilado, mayo de 2022) del que Antonio Mu\u00f1oz Molina hizo una entusiasta <a href=\"https:\/\/elpais.com\/babelia\/2022-09-24\/vidas-ocultas.html\" target=\"_blank\" rel=\"noopener\" data-saferedirecturl=\"https:\/\/www.google.com\/url?q=https:\/\/elpais.com\/babelia\/2022-09-24\/vidas-ocultas.html&amp;source=gmail&amp;ust=1673720753385000&amp;usg=AOvVaw3IozJlp9FAGbQ2V98QfaIx\">rese\u00f1a en Babelia<\/a> hace unos meses.\u00a0 Un total de casi 19.000 p\u00e1ginas y varios hallazgos junto a bastantes decepciones.<\/p>\n<div style=\"text-align: justify;\"><img loading=\"lazy\" decoding=\"async\" class=\"CToWUd a6T\" tabindex=\"0\" src=\"https:\/\/ci3.googleusercontent.com\/proxy\/axTrx2USFvrka5DcfOu3jjXadi1rFtLlFwYta-ev25K59P80fnKU8NFkwsmwPlVu93oeYdWyTrToP2CTYzhuXOf1dDCDb7AVNoeOplRiPqMxRGeMMS9tDwL_EAFqPg=s0-d-e1-ft#https:\/\/albertogranados.files.wordpress.com\/2023\/01\/9788419036056.jpg?w=560\" alt=\"\" width=\"552\" height=\"785\" data-bit=\"iit\" \/><\/div>\n<p style=\"text-align: justify;\">En general, ha sido solo un discreto a\u00f1o lector, pero a medida que avanzo en la l\u00ednea del tiempo, me da la sensaci\u00f3n de que <em>ya he le\u00eddo todos los libros<\/em>, como afirmaba Mallarm\u00e9. Cada vez me resulta m\u00e1s dif\u00edcil encontrar el entusiasmo que me produjeron algunos libros hace 30, 40 o 50 a\u00f1os. Por m\u00e1s que lea algo de Onetti, no encuentro el sabor a excelencia que le encontr\u00e9 a <em>Los adioses<\/em>, cuando lo le\u00ed en 1981. Por esas fechas le\u00ed casi todo lo de Manuel Puig, que ahora se est\u00e1 reeditando, pero ya no encuentro el menor entusiasmo para acometer una relectura de <em>Boquitas pintadas<\/em> o de <em>El beso de la mujer ara\u00f1a<\/em>. Igual me pasa con Alice Munro, John Banville, Houellebecq, Thomas Mann, Auster, Murakami\u2026 \u00daltimamente, las \u00fanicas relecturas que me parecen tentadoras son la <em>Comedias b\u00e1rbaras<\/em> y las <em>Sonatas<\/em> de Valle-Incl\u00e1n, que siempre me resultan llenas de matices nuevos. En poes\u00eda, lo m\u00e1s original que encuentro es Quevedo, que me parece cada vez mejor. Lorca se me est\u00e1 atragantando por cursi. Salinas, al que le\u00ed mucho hace d\u00e9cadas, me harta ahora. Solo leo con placer a algunos poetas locales (Antonio Enrique, Fernando de Villena, Enrique Mor\u00f3n, Rafael Guill\u00e9n, Antonio Carvajal\u2026). Y falta de esta m\u00ednima enumeraci\u00f3n Luis Garc\u00eda Montero porque no me hace gracia, no por olvido. Y releo continuamente a Machado, a G\u00f3ngora, a Miguel Hern\u00e1ndez, Cervantes, y Mu\u00f1oz Molina, en cuyo periodismo llevo trabajando, a ritmos muy desiguales, los \u00faltimos cinco a\u00f1os.<\/p>\n<p style=\"text-align: justify;\">Supongo que el factor sorpresa ha quedado diluido tras tantos a\u00f1os leyendo a destajo. Ahora busco referencias en blogs literarios y se est\u00e1 asentando un temor: el de la decepci\u00f3n. El de gastarme unos euros en un libro que no me ofrezca lo que yo necesito, que tampoco s\u00e9 lo que es. \u00bfSoy raro o a otros lectores septuagenarios les pasa igual que a m\u00ed?<\/p>\n<p style=\"text-align: justify;\">Me he llevado chascos descomunales con libros que no han respondido a mis expectativas o me han decepcionado abiertamente (Chimamanda Ngozi Adichie, Sara Mesa, Edurne Portela\u2026).<\/p>\n<p style=\"text-align: justify;\"><img decoding=\"async\" class=\"CToWUd a6T\" tabindex=\"0\" src=\"https:\/\/ci3.googleusercontent.com\/proxy\/6DMgVhA0V1IGloeNt2oXbpptNeDrKEaiNacACdFrN0OWKojoxbkg0HGERzxTquRwnnuYQWSVRCs5Dbk0L0L5hFRoq8jJJneMnUzxiVVzKE8EIYsDDmbHMlLYlROz1Q=s0-d-e1-ft#https:\/\/albertogranados.files.wordpress.com\/2023\/01\/9788432232862.jpg?w=560\" alt=\"\" data-bit=\"iit\" \/><\/p>\n<p style=\"text-align: justify;\">Mi lectura ha cambiado en otro aspecto: antes intentaba informarme concienzudamente del libro que iba a leer. Ahora no quiero saber absolutamente nada: ni la breve nota de la solapa. El cambio viene del pr\u00f3logo que alguien escribi\u00f3 para <em>Os Maias<\/em> (E\u00e7a de Queiroz, 1888). El prologuista desvel\u00f3 ya antes de empezar el libro un aspecto fundamental de la novela, un hecho que el lector debe conocer s\u00f3lo en la \u00faltima parte de su lectura y que cambia por completo el sentido de la misma. Desde entonces, abro el libro con la curiosidad del novato, sinti\u00e9ndome virgen de influencias prefabricadas y de prejuicios. Por otra parte, cada vez estoy m\u00e1s convencido de la importancia de la curiosidad ante la sorpresa que conlleva cualquier lectura, y pienso en los libros para adultos que se les obliga a leer a nuestros adolescentes en los institutos y creo que a menudo les castran la capacidad lectora y me enfado al considerar que esos acercamientos infantilizados a los cl\u00e1sicos en versiones acortadas e infantiles malogran la capacidad de descubrimiento que pueda tener una obra como el <em>Quijot<\/em>e. \u00bfQu\u00e9 est\u00edmulo puede ofrecer el libro a un adulto joven si desde su ni\u00f1ez se le han ofrecido las an\u00e9cdotas en c\u00f3mic o series de dibujos animados?<\/p>\n<p style=\"text-align: justify;\">Suelo alternar lecturas <em>graves<\/em> con ligeras, as\u00ed que, tras un libro comprometido o muy extenso, busco la ligereza de una novela negra o una relectura de los a\u00f1os 80 o 90. Tras leer <em>Vida y destino<\/em> (Vassili Grossman), con sus casi 1.200 p\u00e1ginas, rele\u00ed <em>El llano en llamas<\/em> (Juan Rulfo) y tras <em>Por un t\u00fanel de silencio<\/em> (Ismail Kadar\u00e9), una novela negra de Camilleri.<\/p>\n<p style=\"text-align: justify;\"><img decoding=\"async\" class=\"CToWUd a6T\" tabindex=\"0\" src=\"https:\/\/ci5.googleusercontent.com\/proxy\/ebxhJRAQWhaJYHWrPNby9K0ojU7ap7aKD-XPgjn90H5p6UBjEAy7BasVoOlU-hgZerdn2Xvz0-MSTOf1MSLLndfJ2tlwJeRTD2tELloqC6_ofMu4RvpJIRdZIiyIqd8maH1-OX4zljNiOCpSonmqQFYsHJNAir-ZjwlTl2RrBQ=s0-d-e1-ft#https:\/\/albertogranados.files.wordpress.com\/2023\/01\/248-es-presentaciones-fb-2022-11-09t103110-828.png?w=560\" alt=\"\" data-bit=\"iit\" \/><\/p>\n<p style=\"text-align: justify;\">La novela negra no me desagrada, pero creo que se ha extendido demasiado, en detrimento de otros subg\u00e9neros. En cualquier caso, soy lector omn\u00edvoro y me trago todo lo que cae en mis manos, con algunas salvedades. De Kadar\u00e9 me gust\u00f3 mucho su <em>Cr\u00f3nicas de la ciudad de piedra<\/em>, pues me result\u00f3 curioso encontrar realismo m\u00e1gico en un autor alban\u00e9s.<\/p>\n<p style=\"text-align: justify;\">Entre las relecturas de este a\u00f1o ha estado <em>La noche de los tiempos<\/em>, de A, Mu\u00f1oz Molina, que he disfrutado mucho m\u00e1s que la primera vez, pues no he sentido la inmediata necesidad de centrarme en el argumento, que ya conoc\u00eda, sino en aspectos formales que me han parecido excepcionalmente sutiles, o en el personaje de Judith, que por s\u00ed mimo merecer\u00eda entrar en el olimpo de los grandes personajes literarios femeninos.<\/p>\n<p style=\"text-align: justify;\">Otras lecturas que me han parecido muy gratas han sido la novela de Javier Moro <em>El Imperio eres t\u00fa <\/em>(Premio Planeta, 2011), novela hist\u00f3rica sobre la saga de los Bragan\u00e7a, que hicieron de Brasil un imperio con unas situaciones hist\u00f3ricas muy peculiares. Tambi\u00e9n una novela de Jos\u00e9 Luis Mu\u00f1oz, <em>El mal absoluto<\/em> (2008), que enfrenta a un verdugo nazi y a una de sus v\u00edctimas. Juan Gabriel V\u00e1squez, al que no conoc\u00eda, me ha ofrecido en <em>El ruido de las cosas al caer<\/em> (2012), una visi\u00f3n m\u00e1s real, menos m\u00e1gica, de la Colombia actual y el mundo del narcotr\u00e1fico. Nada que ver con Garc\u00eda M\u00e1rquez.<\/p>\n<p style=\"text-align: justify;\">Una verdadera curiosidad: el levantino Jos\u00e9 Pay\u00e1 Beltr\u00e1n me envi\u00f3 un ejemplar dedicado de su curiosa novela <em>Los hilos invisibles\/s\u00e9ver lA<\/em>, novela bien s\u00f3lida sobre un asesinato de postguerra que extiende su venganza a los tiempos actuales. Lo curioso de esta novela es que ofrece dos montajes diferentes, ambos lineales, ambos repetidos pero en orden opuesto. De ah\u00ed la segunda parte del t\u00edtulo, que ofrece la misma trama, pero contada al rev\u00e9s y con absoluta coherencia. Estoy dejando pasar el tiempo para volver a leerla y ver c\u00f3mo percibe el lector el segundo montaje.<\/p>\n<p style=\"text-align: justify;\"><img decoding=\"async\" class=\"CToWUd a6T\" tabindex=\"0\" src=\"https:\/\/ci3.googleusercontent.com\/proxy\/Zo4ubrri-JMVVmXJun_BU1KsaR4HcM2Jsuomc6OdvT54QkptIHtMTJB1U-aBlEN5VR6w-mQt8JWPSZfd7d1IUNFkCwGH_WQLdPqdU3q6EFPKfcfY8fAGQaST9NvaKA=s0-d-e1-ft#https:\/\/albertogranados.files.wordpress.com\/2023\/01\/9788418323980.jpg?w=560\" alt=\"\" data-bit=\"iit\" \/><\/p>\n<p style=\"text-align: justify;\">En cuanto las relecturas, aparte de las mencionadas, este a\u00f1o han sido cosa de Gald\u00f3s, Ibsen, Mu\u00f1oz Molina (al ubetense lo releo constantemente), N\u00e9mirovsky, Verne, Kundera\u2026 Para cuando esta entrada aparezca ante el p\u00fablico, habr\u00e9 terminado la lectura 51 del a\u00f1o, o m\u00e1s bien la primera de 2.023, la mencionada <em>Vidas provisionales<\/em>. Y para empezar este a\u00f1o, ya me esperan en un anaquel concreto un vistoso Villar Yebra, pintor que se ocup\u00f3 de pintar Granada en preciosas plumillas con las que acompa\u00f1aba sus fogosos textos sobre la belleza de la ciudad; otro Enrique, Vila-Matas y su <em>Montevideo<\/em>; <em>Fuego de invierno<\/em>, de Josefina Martos; <em>No todos los versos tienen h\u00e9roes<\/em>, del reciente Director de la Academia de Buenas Letras de Granada, Jos\u00e9 Antonio L\u00f3pez Nevot y la obra monumental de otro de sus acad\u00e9micos, Francisco Morales Lomas, <em>Historia de la Literatura Espa\u00f1ola durante la democracia<\/em>. 1975-2020. Despu\u00e9s ya ir\u00e9 viendo qu\u00e9 leer, que hay un exceso de oferta.<\/p>\n<p style=\"text-align: justify;\">Felices lecturas para 2023.<\/p>\n<p style=\"text-align: justify;\">Alberto Granados<\/p>\n","protected":false},"excerpt":{"rendered":"<p>Los seguidores de mi blog no van a encontrar en esta entrada una lista de&#8230;<\/p>\n","protected":false},"author":1,"featured_media":58677,"comment_status":"closed","ping_status":"closed","sticky":false,"template":"","format":"standard","meta":{"_coblocks_attr":"","_coblocks_dimensions":"","_coblocks_responsive_height":"","_coblocks_accordion_ie_support":"","jetpack_post_was_ever_published":false,"_jetpack_newsletter_access":"","_jetpack_dont_email_post_to_subs":false,"_jetpack_newsletter_tier_id":0,"_jetpack_memberships_contains_paywalled_content":false,"_jetpack_memberships_contains_paid_content":false,"footnotes":"","jetpack_publicize_message":"","jetpack_publicize_feature_enabled":true,"jetpack_social_post_already_shared":true,"jetpack_social_options":{"image_generator_settings":{"template":"highway","default_image_id":0,"enabled":false},"version":2}},"categories":[39,1161,44,6937,15],"tags":[9054,391],"class_list":["post-58676","post","type-post","status-publish","format-standard","has-post-thumbnail","hentry","category-opinion-de-alberto-granados","category-ciudadania","category-noticias-de-hoy","category-sociedad","category-ultimas-noticias","tag-9054","tag-lecturas"],"jetpack_publicize_connections":[],"jetpack_featured_media_url":"https:\/\/i0.wp.com\/miradordeatarfe.es\/wp-content\/uploads\/2023\/01\/indice-2.jpeg?fit=274%2C184&ssl=1","jetpack_likes_enabled":true,"jetpack_sharing_enabled":true,"_links":{"self":[{"href":"https:\/\/miradordeatarfe.es\/index.php?rest_route=\/wp\/v2\/posts\/58676","targetHints":{"allow":["GET"]}}],"collection":[{"href":"https:\/\/miradordeatarfe.es\/index.php?rest_route=\/wp\/v2\/posts"}],"about":[{"href":"https:\/\/miradordeatarfe.es\/index.php?rest_route=\/wp\/v2\/types\/post"}],"author":[{"embeddable":true,"href":"https:\/\/miradordeatarfe.es\/index.php?rest_route=\/wp\/v2\/users\/1"}],"replies":[{"embeddable":true,"href":"https:\/\/miradordeatarfe.es\/index.php?rest_route=%2Fwp%2Fv2%2Fcomments&post=58676"}],"version-history":[{"count":2,"href":"https:\/\/miradordeatarfe.es\/index.php?rest_route=\/wp\/v2\/posts\/58676\/revisions"}],"predecessor-version":[{"id":58679,"href":"https:\/\/miradordeatarfe.es\/index.php?rest_route=\/wp\/v2\/posts\/58676\/revisions\/58679"}],"wp:featuredmedia":[{"embeddable":true,"href":"https:\/\/miradordeatarfe.es\/index.php?rest_route=\/wp\/v2\/media\/58677"}],"wp:attachment":[{"href":"https:\/\/miradordeatarfe.es\/index.php?rest_route=%2Fwp%2Fv2%2Fmedia&parent=58676"}],"wp:term":[{"taxonomy":"category","embeddable":true,"href":"https:\/\/miradordeatarfe.es\/index.php?rest_route=%2Fwp%2Fv2%2Fcategories&post=58676"},{"taxonomy":"post_tag","embeddable":true,"href":"https:\/\/miradordeatarfe.es\/index.php?rest_route=%2Fwp%2Fv2%2Ftags&post=58676"}],"curies":[{"name":"wp","href":"https:\/\/api.w.org\/{rel}","templated":true}]}}