{"id":58682,"date":"2023-01-26T11:00:03","date_gmt":"2023-01-26T10:00:03","guid":{"rendered":"https:\/\/miradordeatarfe.es\/?p=58682"},"modified":"2023-01-20T18:15:33","modified_gmt":"2023-01-20T17:15:33","slug":"vidas-provisionales-gabriela-adamesteanu-por-alberto-granados","status":"publish","type":"post","link":"https:\/\/miradordeatarfe.es\/?p=58682","title":{"rendered":"\u00abVidas provisionales (Gabriela\u00a0Adame\u0219teanu)\u00bb por Alberto Granados"},"content":{"rendered":"<h3 style=\"text-align: justify;\">Quienes nos educamos durante el franquismo, no tuvimos muchas oportunidades de conocer la realidad hist\u00f3rica de los totalitarismos comunistas, en parte por la interesada opacidad de estos, en parte porque el r\u00e9gimen franquista no ten\u00eda ning\u00fan inter\u00e9s en mostrar otros modelos sociopol\u00edticos.<\/h3>\n<p style=\"text-align: justify;\">Yo estoy aprendiendo ahora, en los \u00faltimos a\u00f1os, lo que algunos libros me han permitido entrever de los llamados para\u00edsos comunistas, entre ellos, Ruman\u00eda, hoy d\u00eda miembro de la Uni\u00f3n Europea, pero tan desconocido como si se tratara de una isla de los mares del sur, pese a la enorme cantidad de migrantes rumanos que vemos cada d\u00eda.<\/p>\n<p style=\"text-align: justify;\">He terminado en las primeras horas de 2023 una novela que muestra una buena parte de la historia rumana del s. XX, de su convulsa experiencia. Se trata de <em>Vidas provisionales<\/em>\u00a0(<em>Gabriela\u00a0<\/em>Adame\u0219<wbr \/>teanu, Editorial El Acantilado, mayo de 2022, 477 p\u00e1ginas) y en esta novela se despliega un friso hist\u00f3rico que recorre desde el rey Karol II, hasta la \u00faltima parte de la \u00e9poca del Camarada (Nicolae Ceau\u0219escu). En medio, Ruman\u00eda vivi\u00f3 el destronamiento del rey, un titubeante gobierno de Gigurtu, que cambi\u00f3 de coquetear con la URSS a ofrecerse a Alemania, m\u00e1s que nada por el antisemitismo que reinaba en la sociedad rumana, despu\u00e9s el gobierno netamente fascista de Antonescu, que abri\u00f3 las puertas del pa\u00eds a la Wermacht, para acabar, tras la derrota de Hitler y la ocupaci\u00f3n sovi\u00e9tica de parte del territorio, orbitando en torno a la URSS y dentro del Pacto de Varsovia.<\/p>\n<p style=\"text-align: justify;\"><img decoding=\"async\" class=\"CToWUd a6T\" tabindex=\"0\" src=\"https:\/\/ci5.googleusercontent.com\/proxy\/_KNHDkha-oPIZlVILlGV2K9itGlrtX2_7di1XnEKFVjxhHsECyN6hUlwn4WCOFpG4tJ1LJxiG-FELuzKFc8M0_iJFPRp09YAATU8lSd9Jnckw9LpP5riK25OalT7ANIieJhD86gaJN76w3fxROJ0gu1jbvAaH2TU3TY_XqV-icozinXpAQBE2Xz2Bhp7gze7CHLb9eajnHe1CTLdq-1T=s0-d-e1-ft#https:\/\/albertogranados.files.wordpress.com\/2023\/01\/la-arquitectura-comunista-del-parlamento-rumano-imagen-de-que-ver-en-bucarest.jpg?w=560\" alt=\"\" data-bit=\"iit\" \/><\/p>\n<p style=\"text-align: justify;\">La arquitectura comunista del Parlamento rumano (Imagen de que-ver-en-Bucarest)<\/p>\n<p style=\"text-align: justify;\">La novela presenta como tel\u00f3n de fondo este marco hist\u00f3rico, especialmente, los \u00faltimos a\u00f1os del r\u00e9gimen de Ceau\u0219escu. Los a\u00f1os juveniles de los dos personajes centrales transcurren en ese momento en el que tan pronto los fascistas estaban en la cumbre, como eran fusilados. Con Ceau\u0219escu, Ruman\u00eda es un estado policial en el que la Securitate (la polic\u00eda pol\u00edtica) maneja los dosieres de las actitudes y actividades pol\u00edticas de muchos ciudadanos, algo que permite controlar la disidencia y reprimirla, de tal modo que el ciudadano vive con la cautela del presente y el temor del pasado. Cualquier tach\u00f3n en los dosieres de padres, abuelos, suegros o cu\u00f1ados puede significar la tortura o la muerte, y casi siempre el destierro y la p\u00e9rdida del empleo y de los beneficios con que se distingue a los esforzados rumanos fieles al Camarada. Ni siquiera los gestores directos de la acci\u00f3n pol\u00edtica se atreven a tomar decisiones por si un error o una controversia con la nomenclatura del PCR traen consigo las represalias.<\/p>\n<p style=\"text-align: justify;\">En este contexto, sugerido en cientos de peque\u00f1os detalles que la autora va dejando caer, la rigidez del Estado se transmite a las relaciones personales, pues nadie se atreve a opinar libremente, ni siquiera en una relaci\u00f3n afectivo-sexual, como es la que mantienen en secreto los dos protagonistas, Letitia y Sorin. Ella, casada, vive con angustia su adulterio y la posibilidad de un embarazo. \u00c9l, que ha recibido una educaci\u00f3n esmerad\u00edsima, intenta no exteriorizar lo que piensa, ni en el trabajo, ni con los amigos, ni siquiera cuando est\u00e1 a solas con ella. Ambos intentan comunicarse, pero la cautela paraliza siempre el exponer al otro sus inquietudes, su manera de ver el mundo, sus deseos ocultos de pasar al otro lado del Tel\u00f3n de Acero.<\/p>\n<p style=\"text-align: justify;\">El r\u00e9gimen de Ceau\u0219escu es, adem\u00e1s especialmente puritano con el aborto y con el adulterio e incluso con el divorcio, por lo que ambos creen sentirse siempre vigilados y siempre acallan las confidencias, limitando la relaci\u00f3n a una gozosa sexualidad que adem\u00e1s tienen que silenciar por los vecinos del apartamento en que se encuentran, en las afueras de Bucarest.\u00a0<\/p>\n<p style=\"text-align: justify;\">La ocultaci\u00f3n es especialmente dif\u00edcil para Letitia, que debe esquivar el fisgoneo de su marido y de sus compa\u00f1eros de trabajo, lo que la obliga siempre a mantenerse distante y rehuir la simple mirada a su amante y jefe, con el que trabaja en la redacci\u00f3n de un documento oficial de gran trascendencia para el r\u00e9gimen del Camarada.<\/p>\n<div style=\"text-align: justify;\"><a href=\"https:\/\/public-api.wordpress.com\/bar\/?stat=groovemails-events&amp;bin=wpcom_email_click&amp;redirect_to=https%3A%2F%2Falbertogranados.files.wordpress.com%2F2023%2F01%2Ftransporte-colectivo-en-bucarest-anos-70.jpg&amp;sr=1&amp;signature=2ef3272d4582a315338c21a7769c264c&amp;user=65313676&amp;_e=eyJlcnJvciI6bnVsbCwiYmxvZ19pZCI6MTI2OTcyOTksImJsb2dfbGFuZyI6ImVzIiwic2l0ZV9pZF9sYWJlbCI6IndwY29tIiwiaGFzX2ZlYXR1cmVkX2ltYWdlIjoiMCIsIl91aSI6NjUzMTM2NzYsImxvY2FsZSI6ImVzIiwiY3VycmVuY3kiOiJVU0QiLCJjb3VudHJ5X2NvZGVfc2lnbnVwIjoiVVMiLCJzaWdudXBfZmxvd19uYW1lIjoiIiwiZW1haWxfZG9tYWluIjoiZ21haWwuY29tIiwicG9zdF9pZCI6ODg4NCwiZGF0ZV9zZW50IjoiMjAyMy0wMS0wNiIsImVtYWlsX2lkIjoiNDgyZjZkZTkzMzNmOWNhODg0N2ZlYjM4MDhmM2NiOTIiLCJlbWFpbF9uYW1lIjoibmV3LXBvc3QiLCJ0ZW1wbGF0ZSI6Im5ldy1wb3N0IiwibGlua19kZXNjIjoicG9zdC11cmwiLCJhbmNob3JfdGV4dCI6IiIsIl9kciI6bnVsbCwiX2RsIjoiXC93cFwvdjJcL3NpdGVzXC8xMjY5NzI5OVwvcG9zdHNcLzg4ODQ\/X2VudmVsb3BlPTEmZW52aXJvbm1lbnQtaWQ9cHJvZHVjdGlvbiZfZ3V0ZW5iZXJnX25vbmNlPTMxYjdkOTJjZTImX2xvY2FsZT11c2VyIiwiX3V0Ijoid3Bjb206dXNlcl9pZCIsIl91bCI6Im1pcmFkb3JkZWF0YXJmZSIsIl9lbiI6IndwY29tX2VtYWlsX2NsaWNrIiwiX3RzIjoxNjcyOTg3OTE0NDUyLCJicm93c2VyX3R5cGUiOiJwaHAtYWdlbnQiLCJfYXVhIjoid3Bjb20tdHJhY2tzLWNsaWVudC12MC4zIiwiYmxvZ190eiI6IjEiLCJ1c2VyX2xhbmciOiJlcyJ9&amp;_z=z\" target=\"_blank\" rel=\"noopener\" data-saferedirecturl=\"https:\/\/www.google.com\/url?q=https:\/\/public-api.wordpress.com\/bar\/?stat%3Dgroovemails-events%26bin%3Dwpcom_email_click%26redirect_to%3Dhttps%253A%252F%252Falbertogranados.files.wordpress.com%252F2023%252F01%252Ftransporte-colectivo-en-bucarest-anos-70.jpg%26sr%3D1%26signature%3D2ef3272d4582a315338c21a7769c264c%26user%3D65313676%26_e%3DeyJlcnJvciI6bnVsbCwiYmxvZ19pZCI6MTI2OTcyOTksImJsb2dfbGFuZyI6ImVzIiwic2l0ZV9pZF9sYWJlbCI6IndwY29tIiwiaGFzX2ZlYXR1cmVkX2ltYWdlIjoiMCIsIl91aSI6NjUzMTM2NzYsImxvY2FsZSI6ImVzIiwiY3VycmVuY3kiOiJVU0QiLCJjb3VudHJ5X2NvZGVfc2lnbnVwIjoiVVMiLCJzaWdudXBfZmxvd19uYW1lIjoiIiwiZW1haWxfZG9tYWluIjoiZ21haWwuY29tIiwicG9zdF9pZCI6ODg4NCwiZGF0ZV9zZW50IjoiMjAyMy0wMS0wNiIsImVtYWlsX2lkIjoiNDgyZjZkZTkzMzNmOWNhODg0N2ZlYjM4MDhmM2NiOTIiLCJlbWFpbF9uYW1lIjoibmV3LXBvc3QiLCJ0ZW1wbGF0ZSI6Im5ldy1wb3N0IiwibGlua19kZXNjIjoicG9zdC11cmwiLCJhbmNob3JfdGV4dCI6IiIsIl9kciI6bnVsbCwiX2RsIjoiXC93cFwvdjJcL3NpdGVzXC8xMjY5NzI5OVwvcG9zdHNcLzg4ODQ\/X2VudmVsb3BlPTEmZW52aXJvbm1lbnQtaWQ9cHJvZHVjdGlvbiZfZ3V0ZW5iZXJnX25vbmNlPTMxYjdkOTJjZTImX2xvY2FsZT11c2VyIiwiX3V0Ijoid3Bjb206dXNlcl9pZCIsIl91bCI6Im1pcmFkb3JkZWF0YXJmZSIsIl9lbiI6IndwY29tX2VtYWlsX2NsaWNrIiwiX3RzIjoxNjcyOTg3OTE0NDUyLCJicm93c2VyX3R5cGUiOiJwaHAtYWdlbnQiLCJfYXVhIjoid3Bjb20tdHJhY2tzLWNsaWVudC12MC4zIiwiYmxvZ190eiI6IjEiLCJ1c2VyX2xhbmciOiJlcyJ9%26_z%3Dz&amp;source=gmail&amp;ust=1673720752973000&amp;usg=AOvVaw05T4Vm5TvsZXowo-fy3m2Y\"><img decoding=\"async\" class=\"CToWUd\" src=\"https:\/\/ci4.googleusercontent.com\/proxy\/q2MjAQS3Szhu8MPEzy8q9j4-jElowbMH2iqF9pxaQkknQUKe7VUlLk4R87vEb6PycrdpthU2T8HCZAeswKQSAFMqdJT8O4qTiuYm3lUsJD679ss-HFB0xISF_kU4fSDSR5xu8QT6pZkoQO8LGfn3FwyOh5xLImZRGw=s0-d-e1-ft#https:\/\/albertogranados.files.wordpress.com\/2023\/01\/transporte-colectivo-en-bucarest-anos-70.jpg?w=560\" alt=\"\" data-bit=\"iit\" \/><\/a><\/div>\n<p style=\"text-align: justify;\">Transporte colectivo en Bucarest a\u00f1os 70<\/p>\n<p style=\"text-align: justify;\">Tras la exultaci\u00f3n de los cuerpos, llegan las dudas, la desconfianza, las preguntas sin respuesta y la joven se plantea si no deber\u00eda divorciarse de sus dos hombres. En s\u00edntesis, la aniquilaci\u00f3n de sentimientos, emociones y deseos individuales en pro de lo colectivo, es decir un universo asfixiante, especialmente para ella, que est\u00e1 peor situada en el tablero de un juego peligroso.<\/p>\n<p style=\"text-align: justify;\">Autora, protagonista y traductora (Marian Ochoa de Eribe) son mujeres y esa sensibilidad femenina est\u00e1 presente en el libro, que ofrece una enorme riqueza de matices. Tengo la impresi\u00f3n de que cuando una mujer pretende hacer una literatura femenina, suponiendo que exista tal cosa, suele naufragar y reproducir un esquema claramente masculino, pero con las costuras deshechas. En este caso, Gabriela Adame\u0219teanu imprime a su relato una visi\u00f3n esclarecedora del mundo femenino, que se respira en la mayor parte de los p\u00e1rrafos. En este meritorio oficio, la secunda la traductora, que ha ofrecido el tono exacto, en mi opini\u00f3n, de la triste biograf\u00eda de Letitia Branea. El lector no suele reparar en la tarea del traductor, pero en este caso est\u00e1 muy clara la excelencia de la traducci\u00f3n. Buscar\u00e9 m\u00e1s libros de la autora, que me ha deslumbrado y ya he visto los libros traducidos por la traductora, que intentar\u00e9 leer. Creo que sus trabajos bien hechos lo merecen.<\/p>\n<p>Alberto Granados\u00a0<\/p>\n","protected":false},"excerpt":{"rendered":"<p>Quienes nos educamos durante el franquismo, no tuvimos muchas oportunidades de conocer la realidad hist\u00f3rica&#8230;<\/p>\n","protected":false},"author":1,"featured_media":58683,"comment_status":"closed","ping_status":"closed","sticky":false,"template":"","format":"standard","meta":{"_coblocks_attr":"","_coblocks_dimensions":"","_coblocks_responsive_height":"","_coblocks_accordion_ie_support":"","jetpack_post_was_ever_published":false,"_jetpack_newsletter_access":"","_jetpack_dont_email_post_to_subs":false,"_jetpack_newsletter_tier_id":0,"_jetpack_memberships_contains_paywalled_content":false,"_jetpack_memberships_contains_paid_content":false,"footnotes":"","jetpack_publicize_message":"","jetpack_publicize_feature_enabled":true,"jetpack_social_post_already_shared":true,"jetpack_social_options":{"image_generator_settings":{"template":"highway","default_image_id":0,"enabled":false},"version":2}},"categories":[39,1161,44,7671,6937],"tags":[9928,9929],"class_list":["post-58682","post","type-post","status-publish","format-standard","has-post-thumbnail","hentry","category-opinion-de-alberto-granados","category-ciudadania","category-noticias-de-hoy","category-politica","category-sociedad","tag-gabriela-amadesteanu","tag-vidas-provisionales"],"jetpack_publicize_connections":[],"jetpack_featured_media_url":"https:\/\/i0.wp.com\/miradordeatarfe.es\/wp-content\/uploads\/2023\/01\/Gabriela-ADamesteanu-foto-1.jpg?fit=640%2C360&ssl=1","jetpack_likes_enabled":true,"jetpack_sharing_enabled":true,"_links":{"self":[{"href":"https:\/\/miradordeatarfe.es\/index.php?rest_route=\/wp\/v2\/posts\/58682","targetHints":{"allow":["GET"]}}],"collection":[{"href":"https:\/\/miradordeatarfe.es\/index.php?rest_route=\/wp\/v2\/posts"}],"about":[{"href":"https:\/\/miradordeatarfe.es\/index.php?rest_route=\/wp\/v2\/types\/post"}],"author":[{"embeddable":true,"href":"https:\/\/miradordeatarfe.es\/index.php?rest_route=\/wp\/v2\/users\/1"}],"replies":[{"embeddable":true,"href":"https:\/\/miradordeatarfe.es\/index.php?rest_route=%2Fwp%2Fv2%2Fcomments&post=58682"}],"version-history":[{"count":1,"href":"https:\/\/miradordeatarfe.es\/index.php?rest_route=\/wp\/v2\/posts\/58682\/revisions"}],"predecessor-version":[{"id":58684,"href":"https:\/\/miradordeatarfe.es\/index.php?rest_route=\/wp\/v2\/posts\/58682\/revisions\/58684"}],"wp:featuredmedia":[{"embeddable":true,"href":"https:\/\/miradordeatarfe.es\/index.php?rest_route=\/wp\/v2\/media\/58683"}],"wp:attachment":[{"href":"https:\/\/miradordeatarfe.es\/index.php?rest_route=%2Fwp%2Fv2%2Fmedia&parent=58682"}],"wp:term":[{"taxonomy":"category","embeddable":true,"href":"https:\/\/miradordeatarfe.es\/index.php?rest_route=%2Fwp%2Fv2%2Fcategories&post=58682"},{"taxonomy":"post_tag","embeddable":true,"href":"https:\/\/miradordeatarfe.es\/index.php?rest_route=%2Fwp%2Fv2%2Ftags&post=58682"}],"curies":[{"name":"wp","href":"https:\/\/api.w.org\/{rel}","templated":true}]}}