{"id":58708,"date":"2023-01-16T11:12:29","date_gmt":"2023-01-16T10:12:29","guid":{"rendered":"https:\/\/miradordeatarfe.es\/?p=58708"},"modified":"2023-01-15T12:21:20","modified_gmt":"2023-01-15T11:21:20","slug":"una-loba-como-yo-por-remedios-sanchez","status":"publish","type":"post","link":"https:\/\/miradordeatarfe.es\/?p=58708","title":{"rendered":"\u00abUNA LOBA COMO YO\u00bb por Remedios S\u00e1nchez"},"content":{"rendered":"<h3>Ya no recuerdo ni donde dec\u00eda Stendhal que el \u00fanico pueblo que queda en Europa con car\u00e1cter es el espa\u00f1ol.<\/h3>\n<p style=\"text-align: justify;\">Es el nuestro un car\u00e1cter entremezclado entre el \u00a0rojo sangre de toro apasionado y el negro stendhaliano de seminarista frustrado, a lo Julien Sorel, especialmente cuando toca subir la cuesta de enero, porque es muy largo este enero, con su sol de brasero, y bastante complicada la cuesta de euros; ser\u00e1 por eso que nos hemos refugiado en esa cosa que llaman en mi peluquer\u00eda el salseo, en vivir por fasc\u00edculos la vida de los dem\u00e1s para sobrellevar la nuestra de barrio de provincias. Lo cual que, como ya nos hemos aburrido de la cultura del espect\u00e1culo que es la separaci\u00f3n en plan tremendista, de celos y glamour, entre Vargas Llosa e Isabel Preysler (cada cual representa una parte: Vargas Llosa, la cultura de la derecha; Isabel Preysler el espect\u00e1culo, con un toque afrancesado de sutil \u2018finesse\u2019 de aristocracia del couch\u00e8), el personal anda esta semana concentrado en comentar la \u00faltima canci\u00f3n de Shakira donde le ha hecho un traje a medida a su ex, el independentista Gerard Piqu\u00e9, anunciando de paso que \u201clas mujeres ya no lloran\/las mujeres facturan\u201d. Y ella ha facturado varios millones de euros en pocos d\u00edas. Lo mismo hasta paga la multa de Hacienda con el parn\u00e9 obtenido por poner en su lugar a uno de los c\u00ednicos ni\u00f1os mimados del independentismo catal\u00e1n. \u00a0\u00a0<\/p>\n<p style=\"text-align: justify;\">Es decir, que aqu\u00ed se est\u00e1 jugando con la psicolog\u00eda de los personajes, de los espectadores \u00a0que viven cada imagen, cada instante, como si estuvieran viendo el pueblo de Verrier\u00e8s, con sus casas de teja roja, sus jardines y sus primeros burgueses abochornados por serlo. La cuesti\u00f3n es encontrar caminos para no tener que pensar lo que sucede en Espa\u00f1a, la reforma del delito de sedici\u00f3n por el Gobierno, la \u00faltima boutade de otra dirigente de Podemos, la estulticia habitual y generalizada de Vox, los silencios largos de Feij\u00f3o, la disoluci\u00f3n \u00a0como azucarillo en aguardiente de Ciudadanos y la risa de fondo de Pedro S\u00e1nchez. Se est\u00e1 convirtiendo lo pol\u00edtico en algo tan mon\u00f3tono, tan aburrido, tan previsible, que hay que buscar la pasi\u00f3n fresca de telenovela en la letra de la m\u00fasica urbana que remeda, vulgarizadas, las disputas entre G\u00f3ngora y Quevedo o las del conde de Villamediana con cualquiera, tal y como retrata en su ensayo Luis Rosales. Hasta los telediarios nos lo han contado en prime-time por si a\u00fan quedaba alg\u00fan despistado, virando a un nuevo modelo de informaci\u00f3n para biso\u00f1os consumidores de noticias trascendentales.<\/p>\n<p style=\"text-align: justify;\">Lo que interesa ahora no sucede ya en los foros p\u00fablicos de debate\/construcci\u00f3n del porvenir que debieran ser el congreso, el CGPJ o las reuniones entre patronal y sindicatos, por no referirnos al papel de Europa en la guerra de Ucrania. Espa\u00f1a, vestida de rojo y negro, est\u00e1 dividida entre defensores de Shakira y valedores de un futbolista con pocos principios y muchos finales. Me lo explicaba mi frutera cuando una clienta cantaba por lo bajini \u201cuna loba como yo\u2026\u201d, crey\u00e9ndose empoderada por imitar los gorgoritos de Shakira entre calabazas y pimientos. Mientras sigue subiendo el precio del aceite, la leche o el az\u00facar a pesar de los esfuerzos gubernamentales, nosotros estamos fascinados e inmersos en la tempestuosa era de la narcisista posverdad orwelliana. Y ni nos hemos dado cuenta.<\/p>\n<p>FOTO: ANTENA 3<\/p>\n","protected":false},"excerpt":{"rendered":"<p>Ya no recuerdo ni donde dec\u00eda Stendhal que el \u00fanico pueblo que queda en Europa&#8230;<\/p>\n","protected":false},"author":1,"featured_media":58709,"comment_status":"closed","ping_status":"closed","sticky":false,"template":"","format":"standard","meta":{"_coblocks_attr":"","_coblocks_dimensions":"","_coblocks_responsive_height":"","_coblocks_accordion_ie_support":"","jetpack_post_was_ever_published":false,"_jetpack_newsletter_access":"","_jetpack_dont_email_post_to_subs":false,"_jetpack_newsletter_tier_id":0,"_jetpack_memberships_contains_paywalled_content":false,"_jetpack_memberships_contains_paid_content":false,"footnotes":"","jetpack_publicize_message":"","jetpack_publicize_feature_enabled":true,"jetpack_social_post_already_shared":true,"jetpack_social_options":{"image_generator_settings":{"template":"highway","default_image_id":0,"enabled":false},"version":2}},"categories":[1161,44,6914,6937,15],"tags":[9936,9938,9937],"class_list":["post-58708","post","type-post","status-publish","format-standard","has-post-thumbnail","hentry","category-ciudadania","category-noticias-de-hoy","category-opinion-de-reme-sanchez","category-sociedad","category-ultimas-noticias","tag-pique","tag-popularidad","tag-venganza"],"jetpack_publicize_connections":[],"jetpack_featured_media_url":"https:\/\/i0.wp.com\/miradordeatarfe.es\/wp-content\/uploads\/2023\/01\/indice2.jpg?fit=299%2C168&ssl=1","jetpack_likes_enabled":true,"jetpack_sharing_enabled":true,"_links":{"self":[{"href":"https:\/\/miradordeatarfe.es\/index.php?rest_route=\/wp\/v2\/posts\/58708","targetHints":{"allow":["GET"]}}],"collection":[{"href":"https:\/\/miradordeatarfe.es\/index.php?rest_route=\/wp\/v2\/posts"}],"about":[{"href":"https:\/\/miradordeatarfe.es\/index.php?rest_route=\/wp\/v2\/types\/post"}],"author":[{"embeddable":true,"href":"https:\/\/miradordeatarfe.es\/index.php?rest_route=\/wp\/v2\/users\/1"}],"replies":[{"embeddable":true,"href":"https:\/\/miradordeatarfe.es\/index.php?rest_route=%2Fwp%2Fv2%2Fcomments&post=58708"}],"version-history":[{"count":3,"href":"https:\/\/miradordeatarfe.es\/index.php?rest_route=\/wp\/v2\/posts\/58708\/revisions"}],"predecessor-version":[{"id":58712,"href":"https:\/\/miradordeatarfe.es\/index.php?rest_route=\/wp\/v2\/posts\/58708\/revisions\/58712"}],"wp:featuredmedia":[{"embeddable":true,"href":"https:\/\/miradordeatarfe.es\/index.php?rest_route=\/wp\/v2\/media\/58709"}],"wp:attachment":[{"href":"https:\/\/miradordeatarfe.es\/index.php?rest_route=%2Fwp%2Fv2%2Fmedia&parent=58708"}],"wp:term":[{"taxonomy":"category","embeddable":true,"href":"https:\/\/miradordeatarfe.es\/index.php?rest_route=%2Fwp%2Fv2%2Fcategories&post=58708"},{"taxonomy":"post_tag","embeddable":true,"href":"https:\/\/miradordeatarfe.es\/index.php?rest_route=%2Fwp%2Fv2%2Ftags&post=58708"}],"curies":[{"name":"wp","href":"https:\/\/api.w.org\/{rel}","templated":true}]}}